{"id":66257,"date":"2024-11-15T05:24:05","date_gmt":"2024-11-15T04:24:05","guid":{"rendered":"https:\/\/www.infokuryr.cz\/n\/?p=66257"},"modified":"2024-11-15T05:24:05","modified_gmt":"2024-11-15T04:24:05","slug":"izrael-bombarduje-u-letiste-v-bejrutu-kde-se-pohybuji-na-ranveji-osobnim-letadla","status":"publish","type":"post","link":"https:\/\/www.infokuryr.cz\/n\/2024\/11\/15\/izrael-bombarduje-u-letiste-v-bejrutu-kde-se-pohybuji-na-ranveji-osobnim-letadla\/","title":{"rendered":"Izrael bombarduje u leti\u0161t\u011b v Bejr\u00fatu, kde se pohybuj\u00ed na ranveji osobn\u00edm letadla"},"content":{"rendered":"<div id=\"fb-root\"><\/div>\n<p><span style=\"font-size: 18pt;\"><strong>Z\u00e1b\u011bry zaznamenan\u00e9 arabsk\u00fdm report\u00e9rem ukazuj\u00ed, jak izraelsk\u00e1 bomba srovn\u00e1v\u00e1 se zem\u00ed budovu jen des\u00edtky metr\u016f od ranveje<\/strong><\/span><\/p>\n<p><span>Izraelsk\u00e1 arm\u00e1da bombardovala c\u00edl nebezpe\u010dn\u011b bl\u00edzko bejr\u00fatsk\u00e9ho leti\u0161t\u011b pr\u00e1v\u011b ve chv\u00edli, kdy pobl\u00ed\u017e poj\u00ed\u017ed\u011blo velk\u00e9 dopravn\u00ed letadlo, jak ukazuje video zve\u0159ejn\u011bn\u00e9 Sputnik Arabic ve \u010dtvrtek. Mohutn\u00e1 izraelsk\u00e1 bomba zni\u010dila podle z\u00e1b\u011br\u016f budovu, kter\u00e1 se nach\u00e1z\u00ed jen p\u00e1r des\u00edtek metr\u016f od asfaltu.<\/span><\/p>\n<p><span>Klip za\u010d\u00edn\u00e1 dopravn\u00edm letadlem pohybuj\u00edc\u00edm se po asfaltu na mezin\u00e1rodn\u00edm leti\u0161ti Rafic Hariri v Bejr\u00fatu. V ur\u010dit\u00e9m okam\u017eiku oblast ot\u0159\u00e1s\u00e1 masivn\u00ed v\u00fdbuch a srovn\u00e1 se zem\u00ed nedalekou n\u00edzkopodla\u017en\u00ed budovu. Okol\u00ed je rychle pokryto oblaky hust\u00e9ho \u0161ed\u00e9ho kou\u0159e a prachu, kter\u00e9 lze vid\u011bt stoupat vysoko do vzduchu.<\/span><\/p>\n<p><span>Letoun st\u00e1le vypad\u00e1 nepo\u0161kozen\u00fd a po z\u00e1sahu pokra\u010duje v poj\u00ed\u017ed\u011bn\u00ed. Nen\u00ed jasn\u00e9, zda se p\u0159ipravoval ke vzletu nebo man\u00e9vroval po p\u0159ist\u00e1n\u00ed. M\u00e9dia ji\u017e t\u00fddny uv\u00e1d\u011bj\u00ed, \u017ee z Bejr\u00fatu st\u00e1le operuje pouze jedna komer\u010dn\u00ed leteck\u00e1 spole\u010dnost \u2013 libanonsk\u00e1 Middle East Airlines (MEA). Spole\u010dnost st\u00e1le prov\u00e1d\u00ed des\u00edtky let\u016f do a z libanonsk\u00e9ho hlavn\u00edho m\u011bsta i p\u0159es \u010dast\u00e9 izraelsk\u00e9 ost\u0159elov\u00e1n\u00ed, kter\u00e9 n\u011bkdy zas\u00e1hne c\u00edle v bl\u00edzkosti leti\u0161t\u011b.<\/p>\n<p><\/span><\/p>\n<div style=\"width: 640px;\" class=\"wp-video\"><!--[if lt IE 9]><script>document.createElement('video');<\/script><![endif]-->\n<video class=\"wp-video-shortcode\" id=\"video-66257-1\" width=\"640\" height=\"360\" preload=\"metadata\" controls=\"controls\"><source type=\"video\/mp4\" src=\"http:\/\/www.infokuryr.cz\/n\/wp-content\/uploads\/2024\/11\/67366af82030273a021dd262.mp4?_=1\" \/><a href=\"http:\/\/www.infokuryr.cz\/n\/wp-content\/uploads\/2024\/11\/67366af82030273a021dd262.mp4\">http:\/\/www.infokuryr.cz\/n\/wp-content\/uploads\/2024\/11\/67366af82030273a021dd262.mp4<\/a><\/video><\/div>\n<p>&nbsp;<\/p>\n<p><span>Izrael zah\u00e1jil v z\u00e1\u0159\u00ed velkou ofenz\u00edvu v Libanonu a zas\u00e1hl Bejr\u00fat vlnou n\u00e1let\u016f. Izraelsk\u00e9 obrann\u00e9 s\u00edly tak\u00e9 zah\u00e1jily pozemn\u00ed invazi. Kampa\u0148 n\u00e1sledovala po dramatick\u00e9 eskalaci mezi z\u00e1padn\u00edm Jeruzal\u00e9mem a militantn\u00ed skupinou Hizball\u00e1h s\u00eddl\u00edc\u00ed v Libanonu.<\/span><\/p>\n<p><span>Ob\u011b strany si v uplynul\u00e9m roce sporadicky vym\u011b\u0148ovaly palbu, p\u0159i\u010dem\u017e Hizball\u00e1h se sna\u017eil potrestat Izrael za operace proti militantn\u00ed skupin\u011b Hamas v Gaze. N\u00e1sledn\u00e1 invaze IDF do Libanonu tak\u00e9 n\u00e1sledovala po sabot\u00e1\u017en\u00ed operaci zam\u011b\u0159en\u00e9 na ru\u010dn\u00ed komunika\u010dn\u00ed za\u0159\u00edzen\u00ed Hizball\u00e1hu, kter\u00e1 zranila tis\u00edce lid\u00ed.<\/span><\/p>\n<p><span>Izraelsk\u00e1 arm\u00e1da p\u0159i jednom ze sv\u00fdch n\u00e1let\u016f zabila v\u016fdce Hizball\u00e1hu Hasana Nasrall\u00e1ha. Koncem z\u00e1\u0159\u00ed Izrael uvedl, \u017ee t\u00e9m\u011b\u0159 v\u0161ichni vojen\u0161t\u00ed v\u016fdci skupiny byli zlikvidov\u00e1ni, ale ve sv\u00e9 operaci pokra\u010duje.<\/span><\/p>\n<p><span>Akce IDF v Libanonu vyvolaly mezin\u00e1rodn\u00ed znepokojen\u00ed, zejm\u00e9na kv\u016fli \u00fatok\u016fm na m\u00edrov\u00e9 s\u00edly OSN rozm\u00edst\u011bn\u00e9 na jihu zem\u011b. USA tak\u00e9 uvedly, \u017ee jsou\u00a0<\/span><em><span>\u201ehluboce znepokojeny\u201c<\/span><\/em><span>\u00a0zpr\u00e1vami o takov\u00fdch \u00fatoc\u00edch z minul\u00e9ho m\u011bs\u00edce. \u0160\u00e9f zahrani\u010dn\u00ed politiky EU Josep Borrell popsal jeden takov\u00fd incident jako\u00a0<\/span><em><span>\u201enep\u0159\u00edpustn\u00fd \u010din, pro kter\u00fd neexistuje \u017e\u00e1dn\u00e9 ospravedln\u011bn\u00ed\u201c.<\/span><\/em><\/p>\n<p><img decoding=\"async\" loading=\"lazy\" class=\"alignnone size-full wp-image-1185\" src=\"http:\/\/www.infokuryr.cz\/n\/wp-content\/uploads\/2021\/04\/kuryr-podpis.png\" alt=\"\" width=\"84\" height=\"24\" \/><\/p>\n<p>&nbsp;<\/p>\n","protected":false},"excerpt":{"rendered":"<p>Z\u00e1b\u011bry zaznamenan\u00e9 arabsk\u00fdm report\u00e9rem ukazuj\u00ed, jak izraelsk\u00e1 bomba srovn\u00e1v\u00e1 se zem\u00ed budovu jen des\u00edtky metr\u016f&#8230;<\/p>\n","protected":false},"author":2,"featured_media":66259,"comment_status":"closed","ping_status":"closed","sticky":false,"template":"","format":"standard","meta":[],"categories":[7],"tags":[1128,7924,107,806,405],"_links":{"self":[{"href":"https:\/\/www.infokuryr.cz\/n\/wp-json\/wp\/v2\/posts\/66257"}],"collection":[{"href":"https:\/\/www.infokuryr.cz\/n\/wp-json\/wp\/v2\/posts"}],"about":[{"href":"https:\/\/www.infokuryr.cz\/n\/wp-json\/wp\/v2\/types\/post"}],"author":[{"embeddable":true,"href":"https:\/\/www.infokuryr.cz\/n\/wp-json\/wp\/v2\/users\/2"}],"replies":[{"embeddable":true,"href":"https:\/\/www.infokuryr.cz\/n\/wp-json\/wp\/v2\/comments?post=66257"}],"version-history":[{"count":0,"href":"https:\/\/www.infokuryr.cz\/n\/wp-json\/wp\/v2\/posts\/66257\/revisions"}],"wp:featuredmedia":[{"embeddable":true,"href":"https:\/\/www.infokuryr.cz\/n\/wp-json\/wp\/v2\/media\/66259"}],"wp:attachment":[{"href":"https:\/\/www.infokuryr.cz\/n\/wp-json\/wp\/v2\/media?parent=66257"}],"wp:term":[{"taxonomy":"category","embeddable":true,"href":"https:\/\/www.infokuryr.cz\/n\/wp-json\/wp\/v2\/categories?post=66257"},{"taxonomy":"post_tag","embeddable":true,"href":"https:\/\/www.infokuryr.cz\/n\/wp-json\/wp\/v2\/tags?post=66257"}],"curies":[{"name":"wp","href":"https:\/\/api.w.org\/{rel}","templated":true}]}}