{"id":66255,"date":"2024-11-15T05:15:40","date_gmt":"2024-11-15T04:15:40","guid":{"rendered":"https:\/\/www.infokuryr.cz\/n\/?p=66255"},"modified":"2024-11-15T05:15:40","modified_gmt":"2024-11-15T04:15:40","slug":"djamel-labidi-udalosti-v-amsterdamu-a-navrat-k-inkvizici","status":"publish","type":"post","link":"https:\/\/www.infokuryr.cz\/n\/2024\/11\/15\/djamel-labidi-udalosti-v-amsterdamu-a-navrat-k-inkvizici\/","title":{"rendered":"Djamel Labidi: Ud\u00e1losti v Amsterdamu a n\u00e1vrat k inkvizici"},"content":{"rendered":"<div id=\"fb-root\"><\/div>\n<p><strong>Posledn\u00ed ud\u00e1losti v Amsterdamu, kter\u00e9 prov\u00e1zely fotbalov\u00fd z\u00e1pas mezi Ajaxem a Maccabi Tel-Aviv, jsou v\u00fdznamn\u00e9 t\u00edm, \u017ee ukazuj\u00ed, jak se antisemitismus prom\u011bnil v ideologick\u00fd a propagandistick\u00fd n\u00e1stroj.<\/strong><\/p>\n<p>Pod\u00edvejme se na fakta. Mluv\u00ed sama za sebe.<\/p>\n<p>Jakmile 7. listopadu dorazili do Amsterdamu, vy\u0161li do ulic. Vyk\u0159ikovali \u201e<i>Nem\u016f\u017eu se do\u010dkat, a\u017e izrael\u0161t\u00ed voj\u00e1ci zabij\u00ed v\u0161echny ty zasran\u00fd Araby<\/i>\u201c a \u201e<i>Pro\u010d v Gaze nen\u00ed \u0161kola, to proto, \u017ee tam nejsou d\u011bti<\/i>\u201c a dal\u0161\u00ed stejn\u011b \u201em\u00edrumilovn\u00e1\u201c hesla. Strhli a sp\u00e1lili dv\u011b palestinsk\u00e9 vlajky a tak\u00e9 nizozemsk\u00e9 vlajky. Zml\u00e1tili marock\u00e9ho taxik\u00e1\u0159e a zni\u010dili jeho vozidlo. Na stadionu vyp\u00edskali minutu ticha na po\u010dest ob\u011bt\u00ed povodn\u00ed ve Valencii a k\u0159i\u010deli, \u017ee\u201e\u0160pan\u011blsko je antisemitsk\u00e9\u201c , proto\u017ee uznalo St\u00e1t Palestina.<\/p>\n<p>Izrael\u0161t\u00ed p\u0159\u00edznivci fotbalov\u00e9ho klubu z Tel Avivu jsou chulig\u00e1ni. Jsou zn\u00e1m\u00ed jako n\u00e1siln\u00edci a rasist\u00e9, kte\u0159\u00ed v samotn\u00e9m Izraeli po\u0159\u00e1daj\u00ed protiarabsk\u00e9 a protipalestinsk\u00e9 demonstrace&#8230;<\/p>\n<p>Af\u00e9ra nakonec vy\u00fastila v poty\u010dky na konci z\u00e1pasu. Na videoz\u00e1znamech bylo vid\u011bt, jak jsou izrael\u0161t\u00ed p\u0159\u00edznivci pron\u00e1sledov\u00e1ni ulicemi. Nen\u00ed zn\u00e1mo, kdo je pron\u00e1sledoval. To ur\u010d\u00ed a\u017e vy\u0161et\u0159ov\u00e1n\u00ed. Na hlavn\u00edm videu, kter\u00e9 bude hojn\u011b vyu\u017e\u00edv\u00e1no m\u00e9dii, je vid\u011bt, jak je izraelsk\u00fd p\u0159\u00edznivec sra\u017een k zemi. K\u0159i\u010d\u00ed na \u00fato\u010dn\u00edka (kter\u00e9ho kupodivu nevid\u00edme), \u017ee nen\u00ed \u017did, a nab\u00edz\u00ed mu pen\u00edze, zat\u00edmco \u00fato\u010dn\u00edk k\u0159i\u010d\u00ed \u201echce\u0161 zab\u00edjet d\u011bti! Nic nenazna\u010duje, odkud toto video poch\u00e1z\u00ed.<\/p>\n<p>Jedn\u00e1 se tedy o rva\u010dku mezi p\u0159\u00edznivci jako mnoho jin\u00fdch, a\u017e na to, \u017ee v tomto p\u0159\u00edpad\u011b nabrala politick\u00fd rozm\u011br, proto\u017ee z\u00e1pas byl od po\u010d\u00e1tku zpolitizov\u00e1n izraelsk\u00fdmi p\u0159\u00edznivci, kte\u0159\u00ed netu\u0161ili, jakou odezvu t\u00edm zp\u016fsob\u00ed. D\u00edky z\u00e1zraku proizraelsk\u00fdch m\u00e9di\u00ed tato odezva nav\u00edc nabyla v\u00fdznamu \u201eantisemitsk\u00e9ho pogromu\u201c. Ve skute\u010dnosti m\u00e1 od 7. \u0159\u00edjna 2023 Izrael a jeho ochr\u00e1nci tendenci v\u0161e ozna\u010dovat jako \u201epogrom\u201c. V posledn\u00ed dob\u011b se dokonce p\u0159idal v\u00fdraz \u201eratonnades\u201c, pou\u017e\u00edvan\u00fd v koloni\u00e1ln\u00edm Al\u017e\u00edrsku, kter\u00fd popisuje \u201elovy Arab\u016f\u201c v ulic\u00edch a hromadn\u00e9 lyn\u010dov\u00e1n\u00ed Al\u017e\u00ed\u0159an\u016f prov\u00e1d\u011bn\u00e9 \u201epieds noirs\u201c, co\u017e je ozna\u010den\u00ed pro obyvatelstvo slo\u017een\u00e9 z Evropan\u016f a \u017did\u016f v Al\u017e\u00edrsku.<\/p>\n<h2>V\u011bci, kter\u00e9 z\u016fstaly nevy\u0159\u010deny<\/h2>\n<p>Obzvl\u00e1\u0161t\u011b zaj\u00edmav\u00e9 jsou v\u011bci, kter\u00e9 izraelsk\u00e1 m\u00e9dia a ti, kdo jejich slova opakuj\u00ed na Z\u00e1pad\u011b, nech\u00e1vaj\u00ed nevy\u0159\u010den\u00e9. Lhan\u00ed opomenut\u00edm je jednou z hlavn\u00edch technik propagandy.<\/p>\n<p>Nap\u0159\u00edklad ne\u0159\u00edkaj\u00ed, alespo\u0148 na za\u010d\u00e1tku sv\u00e9ho l\u00ed\u010den\u00ed ud\u00e1lost\u00ed, \u017ee to byli izrael\u0161t\u00ed p\u0159\u00edznivci, kte\u0159\u00ed se obsahem sv\u00fdch hesel dopou\u0161t\u011bli n\u00e1sil\u00ed, a to jak fyzick\u00e9ho, tak slovn\u00edho. To se postupn\u011b dozv\u00edme a\u017e ve chv\u00edli, kdy se tato m\u00e9dia v tomto bod\u011b vyrovnaj\u00ed s pravdou vzhledem k obr\u00e1zk\u016fm koluj\u00edc\u00edm po soci\u00e1ln\u00edch s\u00edt\u00edch a prvotn\u00edm informac\u00edm nizozemsk\u00e9 policie.<\/p>\n<p>Ve vys\u00edlan\u00fdch v\u00fdroc\u00edch nen\u00ed ani stopa po antisemitismu. Pokud tam n\u011bco antisemitsk\u00e9ho bylo, pak to byli izrael\u0161t\u00ed p\u0159\u00edznivci se sv\u00fdmi protiarabsk\u00fdmi hesly a v\u00fdzvami k zab\u00edjen\u00ed Arab\u016f a je\u0161t\u011b zr\u016fdn\u011bji k dokon\u010den\u00ed masakru d\u011bt\u00ed v Gaze. Dokonce i sc\u00e9na, kdy izraelsk\u00fd p\u0159\u00edznivec k\u0159i\u010d\u00ed, \u017ee nen\u00ed \u017did, co\u017e m\u00e1 b\u00fdt antisemitsk\u00e1 ob\u017ealoba, se propagandist\u016fm ve skute\u010dnosti vymst\u00ed, proto\u017ee odhal\u00ed, \u017ee k\u0159i\u010del pro vra\u017ed\u011bn\u00ed palestinsk\u00fdch d\u011bt\u00ed.<\/p>\n<p>Nic nenasv\u011bd\u010duje tomu, \u017ee by \u201ev ulic\u00edch prob\u00edhal hon na \u017didy\u201c. Byli \u017did\u00e9 v Amsterdamu ter\u010dem \u00fatoku? Ne. byli to izrael\u0161t\u00ed p\u0159\u00edznivci izraelsk\u00e9ho t\u00fdmu, kte\u0159\u00ed byli jako takov\u00ed napadeni.<\/p>\n<p>Za nevysloven\u00e9 lze ozna\u010dit i neuv\u011b\u0159iteln\u00e9 ml\u010den\u00ed z\u00e1padn\u00edch m\u00e9di\u00ed o tom, \u017ee se Izrael, st\u00e1t le\u017e\u00edc\u00ed na Bl\u00edzk\u00e9m v\u00fdchod\u011b, \u00fa\u010dastn\u00ed evropsk\u00fdch sout\u011b\u017e\u00ed. Jedn\u00e1 se tedy o geografickou anom\u00e1lii. Je to samotn\u00e1 definice kolonie. Je to faktick\u00e9 uzn\u00e1n\u00ed, \u017ee Izrael je ciz\u00ed zem\u00ed na Bl\u00edzk\u00e9m v\u00fdchod\u011b, \u017ee je sou\u010d\u00e1st\u00ed Z\u00e1padu. Jak\u00e9 to p\u0159izn\u00e1n\u00ed! Na Z\u00e1pad\u011b se na tuto anom\u00e1lii ani neupozor\u0148uje, ani se o n\u00ed nep\u0159em\u00fd\u0161l\u00ed. Propagandistick\u00fd humbuk a sionistick\u00e9 vid\u011bn\u00ed probl\u00e9mu nakonec zp\u016fsobily, \u017ee lid\u00e9 ztratili ve\u0161ker\u00fd smysl pro v\u011bc, p\u0159esn\u011bji \u0159e\u010deno zdrav\u00fd rozum.<\/p>\n<p>Nyn\u00ed, po genocid\u011b v Gaze, se v\u0161ak zd\u00e1, \u017ee se Izrael a jeho p\u0159\u00edznivci chytili do vlastn\u00ed pasti, nebo\u0165 izraelsk\u00e9 t\u00fdmy nejsou v evropsk\u00fdch hlavn\u00edch m\u011bstech zjevn\u011b v\u00edt\u00e1ny. Tak tomu bylo ji\u017e v z\u00e1\u0159\u00ed v Belgii, kde byl z\u00e1pas Belgie-Izrael zru\u0161en m\u011bstem Brusel z \u201ebezpe\u010dnostn\u00edch d\u016fvod\u016f\u201c.<\/p>\n<h2>\u0160t\u00edtky, Tifo, \u201eatmosf\u00e9rick\u00fd antisemitismus\u201c<\/h2>\n<p>10. listopadu se na univerzit\u011b v Lyonu konal studentsk\u00fd protest proti n\u00e1v\u0161t\u011bv\u011b p\u0159edsedkyn\u011b francouzsk\u00e9ho N\u00e1rodn\u00edho shrom\u00e1\u017ed\u011bn\u00ed Ya\u00ebl Braun-Pivetov\u00e9, p\u0159i kter\u00e9m se oz\u00fdvaly v\u00fdk\u0159iky \u201eIzraelsk\u00fd vrah\u201c \u201eYa\u00ebl complice\u201c. P\u0159ipome\u0148me, \u017ee to byla pr\u00e1v\u011b ona, kdo ve francouzsk\u00e9m shrom\u00e1\u017ed\u011bn\u00ed vyj\u00e1d\u0159ila \u201ebezpodm\u00edne\u010dnou podporu\u201c Izraeli, kter\u00fd nav\u0161t\u00edvila 20. \u0159\u00edjna, aby tuto podporu vyj\u00e1d\u0159ila uprost\u0159ed masakr\u016f v Gaze.<\/p>\n<p>Na univerzit\u011b Lyon III byly na st\u011bn\u00e1ch namalov\u00e1ny visa\u010dky odsuzuj\u00edc\u00ed tuto \u201ebezpodm\u00edne\u010dnou podporu\u201c. P\u0159ipom\u00ednaj\u00ed 40 000 mrtv\u00fdch a tis\u00edce zabit\u00fdch d\u011bt\u00ed v Gaze. Je to tedy p\u0159\u00edsn\u011b vzato pravda. Ale to sta\u010d\u00ed, aby z toho m\u00e9dia vy\u010detla \u201eantisemitismus\u201c. Dokonce se nazna\u010duje, \u017ee je takto napad\u00e1na proto, \u017ee p\u0159edsedkyn\u011b francouzsk\u00e9ho shrom\u00e1\u017ed\u011bn\u00ed je \u017eidovsk\u00e9ho p\u016fvodu. To \u0159\u00edk\u00e1 i ona sama. V kulo\u00e1rech zpravodajsk\u00e9ho kan\u00e1lu LCI se jeden z koment\u00e1tor\u016f zeptal m\u00edstop\u0159edsedy CRIF, jak je mo\u017en\u00e9, \u017ee tyto p\u0159\u00edlepky jsou pova\u017eov\u00e1ny pr\u00e1v\u011b za antisemitsk\u00e9. Odpov\u011bd\u011bl, \u017ee \u201e<i>antisemitsk\u00fd je z\u00e1m\u011br, proto\u017ee jde o zni\u010den\u00ed Izraele<\/i>\u201c.<\/p>\n<p>Ve stejn\u00e9m duchu se nyn\u00ed pou\u017e\u00edv\u00e1 dal\u0161\u00ed propagandistick\u00fd argument, a to argument \u201eatmosf\u00e9rick\u00e9ho antisemitismu\u201c. Co\u017e jen dokazuje, jak je cel\u00e1 v\u011bc blouzniv\u00e1.<\/p>\n<p>Ve stejn\u00e9m kontextu byl 8. listopadu na stadionu Parc des Princes v Pa\u0159\u00ed\u017ei p\u0159i z\u00e1pase PSG rozvinut Tifo, obrovsk\u00fd transparent \u201eSvobodn\u00e1 Palestina\u201c. Tifo vyz\u00fdvalo k m\u00edru. Tent\u00fd\u017e m\u00edstop\u0159edseda CRIF, kter\u00fd byl na toto t\u00e9ma dot\u00e1z\u00e1n na stejn\u00e9m kan\u00e1lu, odm\u00edtl, \u017ee by se jednalo o v\u00fdzvu k m\u00edru, p\u0159esto\u017ee byla naps\u00e1na ob\u0159\u00edmi p\u00edsmeny. Op\u011bt v n\u00ed vid\u011bl touhu zni\u010dit Izrael prost\u0159ednictv\u00edm v\u00fdrazu \u201eSvobodn\u00e1 Palestina\u201c a n\u00e1\u010drtku, kter\u00fd byl na Tifo nakreslen, Palestiny v barv\u00e1ch slavn\u00e9ho palestinsk\u00e9ho \u0161\u00e1tku \u201ekef\u00ed\u201c.<\/p>\n<h2>\u201eCht\u011bj\u00ed zni\u010dit Izrael\u201c<\/h2>\n<p>Promluvme si o \u010dasto opakovan\u00e9m t\u00e9matu, \u017ee cht\u011bj\u00ed \u201ezni\u010dit Izrael\u201c. Vedle odsuzov\u00e1n\u00ed antisemitismu je to \u00fast\u0159edn\u00ed prvek sionistick\u00e9 propagandy. Pou\u017e\u00edv\u00e1 se ke v\u0161emu: k ospravedln\u011bn\u00ed odm\u00edt\u00e1n\u00ed palestinsk\u00e9ho st\u00e1tu, odm\u00edt\u00e1n\u00ed vyjedn\u00e1v\u00e1n\u00ed (\u201e<i>nevyjedn\u00e1v\u00e1te s n\u011bk\u00fdm, kdo v\u00e1s chce zni\u010dit<\/i>\u201c), v\u00e1lek k \u201e<i>zaji\u0161t\u011bn\u00ed bezpe\u010dnosti Izraele<\/i>\u201c, etnick\u00fdch \u010distek atd.<\/p>\n<p>Pravdou je, \u017ee jedin\u00e9 ni\u010den\u00ed, jeho\u017e jsme sv\u011bdky, je ni\u010den\u00ed Palestinc\u016f a Palestiny. Izrael nen\u00ed v pozici, kdy by mohl b\u00fdt zni\u010den. A jak\u00e1 je potom racionalita takov\u00e9ho argumentu, kter\u00fd m\u00e1 b\u00fdt definitivn\u00ed, bez odvol\u00e1n\u00ed, v propagand\u011b, kter\u00e1 je odhodl\u00e1na zast\u0159\u00edt ve\u0161ker\u00fd zdrav\u00fd rozum a ovl\u00e1dnout mysl lid\u00ed. Kolik zem\u00ed m\u00e1 protivn\u00edky, kte\u0159\u00ed by snili o jejich zni\u010den\u00ed? A p\u0159itom pat\u0159\u00ed k t\u011bm nejv\u011bt\u0161\u00edm. A p\u0159esto koexistuj\u00ed. V izraelsk\u00e9 propagand\u011b je z\u00e1m\u011br stejn\u011b dobr\u00fd jako \u010din. Jedna v\u011bc je vy\u010d\u00edtat druh\u00e9mu, \u017ee m\u00e1 nep\u0159\u00e1telsk\u00e9 \u00famysly, a druh\u00e1 v\u011bc je odm\u00edtnout s n\u00edm jednat. Proto\u017ee pak by byla jen v\u00e1lka a \u017e\u00e1dn\u00e9 diplomatick\u00e9 \u0159e\u0161en\u00ed. Nen\u00ed to to, co cht\u011bj\u00ed izrael\u0161t\u00ed p\u0159edstavitel\u00e9? A pak je tu je\u0161t\u011b jedna podivn\u00e1 v\u011bc, \u017ee tento st\u00e1t \u017eije v neust\u00e1l\u00e9m strachu, \u017ee bude zni\u010den. Mo\u017en\u00e1 m\u00e1 pocit, \u017ee ni\u010d\u00ed s\u00e1m sebe. Mo\u017en\u00e1, \u017ee Ham\u00e1s nebo Hizball\u00e1h cht\u011bj\u00ed izraelsk\u00fd st\u00e1t zni\u010dit. Ale odm\u00edtnut\u00ed vyjedn\u00e1v\u00e1n\u00ed s nimi jim ponech\u00e1v\u00e1 jedin\u00e9 \u0159e\u0161en\u00ed, m\u00e1-li Palestina existovat, a to je zni\u010den\u00ed Izraele. A to je p\u0159esn\u011b to, z \u010deho je Izrael obvi\u0148uje, zat\u00edmco odm\u00edt\u00e1 vyjedn\u00e1vat. Jak\u00e9 nesrovnalosti.<\/p>\n<h2>Izrael a \u017did\u00e9<\/h2>\n<p>Je patrn\u00e9, \u017ee proizraelskou propagandu v mainstreamov\u00fdch m\u00e9di\u00edch st\u00e1le \u010dast\u011bji vedou zam\u011bstnanci \u017eidovsk\u00e9ho p\u016fvodu. To je nep\u0159\u00edm\u00fd d\u016fkaz izolace tohoto diskurzu. Je to v\u0161ak tak\u00e9 nebezpe\u010dn\u00e9, proto\u017ee to vede ke splynut\u00ed \u017eidovsk\u00e9 identity a proizraelsk\u00e9ho diskurzu v m\u00e9di\u00edch. Mnoz\u00ed \u017did\u00e9 toto nebezpe\u010d\u00ed vyc\u00edtili a od t\u00e9to zkratky se distancovali.<\/p>\n<p>Ud\u00e1losti v Amsterdamu sice nebyly st\u0159etem identit, proto\u017ee se t\u00fdkaly p\u0159\u00edznivc\u016f Izraele, nicm\u00e9n\u011b toto nebezpe\u010d\u00ed p\u0159edj\u00edmaly. V\u0161ichni si ho uv\u011bdomuj\u00ed, zejm\u00e9na \u017did\u00e9, kte\u0159\u00ed jsou t\u011bmito nebezpe\u010dn\u00fdmi excesy, urychlen\u00fdmi genocidou v Gaze, vyd\u011b\u0161eni. Je t\u0159eba se ob\u00e1vat, \u017ee se roz\u0161\u00ed\u0159\u00ed po cel\u00e9m Z\u00e1pad\u011b, a to ke \u0161kod\u011b \u017eidovsk\u00fdch komunit po cel\u00e9m sv\u011bt\u011b. Jin\u00fdmi slovy, v souladu s \u010distou sionistickou ideologi\u00ed chce Netanjahu \u017didy, v\u0161echny \u017didy, \u201enamo\u010dit\u201c, a jeho kroky jsou v d\u016fsledku toho o to \u0161kodliv\u011bj\u0161\u00ed.<\/p>\n<p>Jacques Attali, brilantn\u00ed intelektu\u00e1l, kdy\u017e m\u00e1 tu odvahu odpoutat se od jist\u00e9 komunit\u00e1rn\u00ed diktatury a \u0159\u00edci j\u00ed p\u00e1r pravd, ji\u017e v roce 2007 v textu nazvan\u00e9m \u201e<a href=\"https:\/\/akadem.org\/sommaire\/themes\/vie-juive\/vie-politique\/enquetes-sociologiques\/un-avenir-incertain-23-04-2007-6918_464.php\" target=\"_blank\" rel=\"external noopener\">Nejist\u00e1 budoucnost<\/a>\u201c upozornil na \u201e<i>\u00fapadek \u017eidovsk\u00e9 komunity ve sv\u011bt\u011b<\/i>\u201c. Napsal: \u201e<i>Mus\u00edme se proto sm\u00ed\u0159it s t\u00edm,<\/i>\u201c zd\u016fraznil, \u201e<i>\u017ee \u017eidovsk\u00e1 populace je st\u00e1le v\u00edce men\u0161inou, slabou a na pokraji vyhynut\u00ed<\/i>\u201c. V Evrop\u011b, pokra\u010doval,\u201ebudou jednoho dne 3 miliony \u017did\u016f a 50 milion\u016f muslim\u016f\u201c. A uzav\u0159el: \u201e<i>Vzhledem k tomu mus\u00edme ud\u011blat v\u0161e pro to, aby tento vztah byl pozitivn\u00ed, a ne antagonistick\u00fd<\/i>\u201c. Tento \u00fapadek dokonce spojil s \u201e<i>intelektu\u00e1ln\u00edm \u00fapadkem<\/i>\u201c.<\/p>\n<p>Ve Spojen\u00fdch st\u00e1tech a na Z\u00e1pad\u011b s\u00edl\u00ed hnut\u00ed antisionistick\u00fdch \u017did\u016f.<\/p>\n<h2>Dal\u0161\u00ed z\u00e1pas, ale v Pa\u0159\u00ed\u017ei<\/h2>\n<p>Po incidentech v Amsterdamu prezident Macron 10. listopadu ozn\u00e1mil, \u017ee se z\u00fa\u010dastn\u00ed z\u00e1pasu Francie-Izrael, kter\u00fd se m\u00e1 konat 14. listopadu v Pa\u0159\u00ed\u017ei, \u201e<i>aby vyslal poselstv\u00ed bratrstv\u00ed a solidarity po nep\u0159ijateln\u00fdch projevech antisemitismu<\/i>\u201c, k nim\u017e do\u0161lo v Amsterdamu.<\/p>\n<p>Prezident Macron se stal ter\u010dem ostr\u00e9 kritiky francouzsk\u00e9ho medi\u00e1ln\u011b-politick\u00e9ho syst\u00e9mu za to, \u017ee se nez\u00fa\u010dastnil vysoce neofici\u00e1ln\u00ed demonstrace \u201eproti antisemitismu\u201c, kter\u00e1 byla uspo\u0159\u00e1d\u00e1na loni 12. listopadu 2023 v reakci na velk\u00e9 demonstrace solidarity s Palestinou.<\/p>\n<p>Na zased\u00e1n\u00ed CRIF (mocn\u00e9 a vlivn\u00e9 Zastupitelsk\u00e9 rady \u017eidovsk\u00fdch instituc\u00ed ve Francii) 8. \u0159\u00edjna bylo jm\u00e9no prezidenta Macrona vyp\u00edsk\u00e1no, kdy\u017e ho vyslovil nov\u00fd francouzsk\u00fd premi\u00e9r, kter\u00fd se p\u0159i\u0161el t\u00e9to organizaci p\u0159edstavit. Ned\u00e1vno se pak francouzsk\u00fd prezident stal ter\u010dem ostr\u00fdch \u00fatok\u016f francouzsk\u00fdch t\u011b\u017ekood\u011bnc\u016f a politick\u00fdch \u010dinitel\u016f, dokonce i t\u011bch bl\u00edzk\u00fdch jeho t\u00e1boru, za to, \u017ee se zm\u00ednil o rozporu mezi \u201e<i>obhajov\u00e1n\u00edm p\u0159\u00edm\u011b\u0159\u00ed a pokra\u010dov\u00e1n\u00edm dod\u00e1vek zbran\u00ed Izraeli<\/i>\u201c a za svou kritiku Netanjahua za veden\u00ed \u201ebarbarsk\u00e9 v\u00e1lky\u201c.<\/p>\n<p>Mnoz\u00ed si proto jeho ned\u00e1vn\u00e9 ozn\u00e1men\u00ed, \u017ee se z\u00e1pasu z\u00fa\u010dastn\u00ed, vykl\u00e1daj\u00ed jako v\u00fdsledek v\u0161ech t\u011bchto politick\u00fdch tlak\u016f a jako zp\u016fsob, jak si vynahradit svou ne\u00fa\u010dast na demonstraci proti antisemitismu. Tak velk\u00fd vliv m\u00e1 Izrael na francouzskou politiku.<\/p>\n<p>Netanjahua v\u0161ak gesto prezidenta Macrona, \u017ee se z\u00e1pasu z\u00fa\u010dastn\u00ed, zjevn\u011b nedojalo. Izraelsk\u00fd premi\u00e9r \u017e\u00e1d\u00e1 izraelsk\u00e9 p\u0159\u00edznivce, aby se z\u00e1pasu nez\u00fa\u010dastnili kv\u016fli vlastn\u00ed bezpe\u010dnosti, kterou p\u0159edpokl\u00e1dali.<\/p>\n<p>Ji\u017e 8. listopadu ozn\u00e1mil, \u017ee dal pokyn Mosadu, aby izraelsk\u00e9 p\u0159\u00edznivce v Evrop\u011b chr\u00e1nil, ani\u017e by se ob\u00e1val, \u017ee to bude vykl\u00e1d\u00e1no jako \u00fatok na suverenitu evropsk\u00fdch st\u00e1t\u016f. Nav\u00edc bylo ozn\u00e1meno, \u017ee v den z\u00e1pasu budou p\u0159\u00edtomni izrael\u0161t\u00ed policist\u00e9. Jedn\u00e1 se o skute\u010dnou extrateritorialitu praktikovanou Izraelem, kter\u00fd shodou okolnost\u00ed odm\u00edt\u00e1 Francii umo\u017enit spr\u00e1vu k\u0159es\u0165ansk\u00e9ho kultovn\u00edho m\u00edsta, panstv\u00ed Eleona, francouzsk\u00e9ho n\u00e1rodn\u00edho majetku v Jeruzal\u00e9m\u011b. Dne 7. listopadu byli dva francouz\u0161t\u00ed \u010detn\u00edci, kte\u0159\u00ed toto m\u00edsto st\u0159e\u017eili, napadeni a zat\u010deni, pot\u00e9 propu\u0161t\u011bni.<\/p>\n<p>Netanjahu a francouzsk\u00e1 m\u00e9dia hovo\u0159ili o francouzsko-izraelsk\u00e9m z\u00e1pase, n\u011bkdy o bezpe\u010dnosti Izraelc\u016f, jindy o bezpe\u010dnosti \u201efrancouzsk\u00fdch \u017did\u016f\u201c. U\u017e nev\u00edme, komu jsou bezpe\u010dnostn\u00ed pokyny ur\u010deny. Je to zmatek, asimilace, permanentn\u00ed slu\u010dov\u00e1n\u00ed \u017did\u016f a Izraelc\u016f, a pak se z toho obvi\u0148uj\u00ed jin\u00ed.<\/p>\n<p>CRIF se c\u00edt\u00ed b\u00fdt do tohoto fotbalov\u00e9ho z\u00e1pasu zapojena, proto\u017ee se bude hr\u00e1t s Izraelem, t\u00fdmem, kter\u00fd je j\u00ed nicm\u00e9n\u011b, alespo\u0148 teoreticky, ciz\u00ed. A p\u0159esto ofici\u00e1ln\u011b zasahuje, aby z\u00e1pas nebyl ve Francii odlo\u017een nebo zru\u0161en. A je to pr\u00e1v\u011b on a francouzsk\u00e1 m\u00e9dia a politici, kte\u0159\u00ed ho podporuj\u00ed, kdo obvi\u0148uje ty, kte\u0159\u00ed projevuj\u00ed solidaritu s Palestinou, z \u201eimportu izraelsko-palestinsk\u00e9ho konfliktu do Francie\u201c. Ale kdo to d\u011bl\u00e1, kdy\u017e ne oni, kdy\u017e se tak neust\u00e1le chovaj\u00ed? A na z\u00e1v\u011br t\u011bchto argument\u016f prohla\u0161uj\u00ed, \u017ee jak\u00e9koli nep\u0159\u00e1telstv\u00ed v\u016f\u010di Izraeli m\u00e1 antisemitsk\u00fd obsah.<\/p>\n<h2>Obvin\u011bn\u00ed z antisemitismu, kone\u010dn\u00e1 zbra\u0148<\/h2>\n<p>Nakonec si m\u016f\u017eeme polo\u017eit ot\u00e1zku, pro\u010d Izrael, m\u00e9dia, sionismus a politici, kte\u0159\u00ed jdou v jeho stop\u00e1ch, neust\u00e1le pou\u017e\u00edvaj\u00ed argument antisemitismu, kdy\u017e by Izrael stejn\u011b jako ka\u017ed\u00fd jin\u00fd st\u00e1t \u010di zem\u011b mohl odsoudit nep\u0159\u00e1telstv\u00ed sv\u00fdch nep\u0159\u00e1tel. Odpov\u011b\u010f je zcela jednoduch\u00e1: je to proto, \u017ee Izrael a jeho bezv\u00fdhradn\u00ed stoupenci nemaj\u00ed \u017e\u00e1dn\u00fd jin\u00fd argument. Jak\u00fd argument by mohl ospravedlnit genocidu v Gaze, kolonizaci Palestiny, palestinsk\u00e9 mu\u010dednictv\u00ed po v\u00edce ne\u017e sedm desetilet\u00ed?<\/p>\n<p>Proizraelsk\u00e1 propaganda, sionistick\u00e1 ideologie, tak mus\u00ed z ob\u011bt\u00ed ud\u011blat vin\u00edky. Propaganda pak tvrd\u00ed, \u017ee pokud byli izrael\u0161t\u00ed p\u0159\u00edznivci v Amsterdamu napadeni, nebylo to proto, \u017ee skandovali zr\u016fdn\u00e1 hesla a \u00fato\u010dili jako prvn\u00ed, ale proto, \u017ee jsou \u017did\u00e9.<\/p>\n<p>Pro Izrael nejsou Ham\u00e1s a Hizball\u00e1h n\u00e1rodn\u00ed organizace, jedna palestinsk\u00e1 a druh\u00e1 libanonsk\u00e1, ale \u201e<i>antisemitsk\u00e9 teroristick\u00e9 organizace, kter\u00e9 cht\u011bj\u00ed zni\u010dit Izrael<\/i>\u201c. Patn\u00e1ct tis\u00edc d\u011bt\u00ed zavra\u017ed\u011bn\u00fdch v Gaze jsou tak\u00e9 budouc\u00ed antisemit\u00e9. Tak\u00e9 antisionisti\u010dt\u00ed \u017did\u00e9 ve Spojen\u00fdch st\u00e1tech a jinde! Miliony lid\u00ed na cel\u00e9m sv\u011bt\u011b, kte\u0159\u00ed odsuzuj\u00ed genocidu v Gaze, jsou tak\u00e9 antisemit\u00e9! Sv\u011bt je antisemitsk\u00fd!<\/p>\n<p>Antisemitismus umo\u017e\u0148uje vysv\u011btlit v\u0161echno a z\u00e1rove\u0148 nic. Racionalitu argument\u016f t\u011bch, kdo odsuzuj\u00ed zlo\u010diny Izraele, nahrazuje obvin\u011bn\u00ed, \u017ee se v nich skr\u00fdv\u00e1 pocit star\u00fd jako sv\u011bt, kter\u00fd je ob\u00fdv\u00e1, kter\u00fd \u0159\u00edd\u00ed jejich jedn\u00e1n\u00ed a kter\u00e9ho si mo\u017en\u00e1 nejsou v\u011bdomi: nen\u00e1vist k \u017did\u016fm, antisemitismus. Argument antisemitismu umo\u017e\u0148uje postavit izraelskou ot\u00e1zku mimo \u010das, mimo ve\u0161kerou logiku. Pop\u00edr\u00e1n\u00ed genocidy, obvi\u0148ov\u00e1n\u00ed Izraele z p\u00e1ch\u00e1n\u00ed zlo\u010din\u016f proti lidskosti se stalo trestn\u00fdm \u010dinem antisemitismu. Ka\u017ed\u00e1 kritika Izraele se stala zlo\u010dinem.<\/p>\n<p>Monstrum bylo sakralizov\u00e1no. Z\u00e1pad opustil Boha a nahradil ho Izraelem. Izrael se stal sionistick\u00fdm bohem, pohansk\u00fdm bohem, kter\u00fd vy\u017eaduje st\u00e1le v\u00edce ob\u011bt\u00ed, st\u00e1le v\u00edce krve a st\u00e1le v\u00edce lidsk\u00fdch ob\u011bt\u00ed.<\/p>\n<p>Obvin\u011bn\u00ed z antisemitismu hraje stejnou roli jako obvin\u011bn\u00ed z odpadlictv\u00ed. Jeho c\u00edlem je terorizovat lidi, aby nemohli \u0159\u00edkat celou pravdu o zlo\u010dinech Izraele. Ka\u017ed\u00e9 slovo na toto t\u00e9ma se st\u00e1v\u00e1 rouh\u00e1n\u00edm. Ve Francii a Spojen\u00fdch st\u00e1tech se dokonce pl\u00e1nuje vytvo\u0159en\u00ed zvl\u00e1\u0161tn\u00edho z\u00e1kona o ot\u00e1zce vztahu mezi antisemitismem a nep\u0159\u00e1telstv\u00edm v\u016f\u010di Izraeli. Slova u\u017e nemaj\u00ed \u017e\u00e1dn\u00fd v\u00fdznam. Ani svoboda projevu. Izrael chce ve sv\u00e9m vra\u017eedn\u00e9m deliriu strhnout za sebou cel\u00fd Z\u00e1pad a prom\u011bnit ho zp\u011bt v inkvizici.<\/p>\n<div class=\"podcarou\">\n<p><a href=\"https:\/\/reseauinternational.net\/les-evenements-damsterdam-et-le-retour-a-linquisition\/\" target=\"_blank\" rel=\"external noopener\">Les \u00e9v\u00e8nements d\u2019Amsterdam et le retour \u00e0 l\u2019Inquisition<\/a> vy\u0161el 14.11.2024 na reseauinternational.net. P\u0159eklad\u00a0<a href=\"https:\/\/zvedavec.news\/komentare\/2024\/11\/10288-udalosti-v-amsterdamu-a-navrat-k-inkvizici.htm\">Zvedavec.org<\/a><\/p>\n<p>&nbsp;<\/p>\n<\/div>\n","protected":false},"excerpt":{"rendered":"<p>Posledn\u00ed ud\u00e1losti v Amsterdamu, kter\u00e9 prov\u00e1zely fotbalov\u00fd z\u00e1pas mezi Ajaxem a Maccabi Tel-Aviv, jsou v\u00fdznamn\u00e9&#8230;<\/p>\n","protected":false},"author":2,"featured_media":66256,"comment_status":"closed","ping_status":"closed","sticky":false,"template":"","format":"standard","meta":[],"categories":[7],"tags":[3840,376,313,92],"_links":{"self":[{"href":"https:\/\/www.infokuryr.cz\/n\/wp-json\/wp\/v2\/posts\/66255"}],"collection":[{"href":"https:\/\/www.infokuryr.cz\/n\/wp-json\/wp\/v2\/posts"}],"about":[{"href":"https:\/\/www.infokuryr.cz\/n\/wp-json\/wp\/v2\/types\/post"}],"author":[{"embeddable":true,"href":"https:\/\/www.infokuryr.cz\/n\/wp-json\/wp\/v2\/users\/2"}],"replies":[{"embeddable":true,"href":"https:\/\/www.infokuryr.cz\/n\/wp-json\/wp\/v2\/comments?post=66255"}],"version-history":[{"count":0,"href":"https:\/\/www.infokuryr.cz\/n\/wp-json\/wp\/v2\/posts\/66255\/revisions"}],"wp:featuredmedia":[{"embeddable":true,"href":"https:\/\/www.infokuryr.cz\/n\/wp-json\/wp\/v2\/media\/66256"}],"wp:attachment":[{"href":"https:\/\/www.infokuryr.cz\/n\/wp-json\/wp\/v2\/media?parent=66255"}],"wp:term":[{"taxonomy":"category","embeddable":true,"href":"https:\/\/www.infokuryr.cz\/n\/wp-json\/wp\/v2\/categories?post=66255"},{"taxonomy":"post_tag","embeddable":true,"href":"https:\/\/www.infokuryr.cz\/n\/wp-json\/wp\/v2\/tags?post=66255"}],"curies":[{"name":"wp","href":"https:\/\/api.w.org\/{rel}","templated":true}]}}