{"id":66251,"date":"2024-11-15T05:08:25","date_gmt":"2024-11-15T04:08:25","guid":{"rendered":"https:\/\/www.infokuryr.cz\/n\/?p=66251"},"modified":"2024-11-15T05:08:25","modified_gmt":"2024-11-15T04:08:25","slug":"wi-fi-lze-pouzit-k-ovlivnovani-mozkovych-vln-hypnozu-a-socialni-inzenyrstvi","status":"publish","type":"post","link":"https:\/\/www.infokuryr.cz\/n\/2024\/11\/15\/wi-fi-lze-pouzit-k-ovlivnovani-mozkovych-vln-hypnozu-a-socialni-inzenyrstvi\/","title":{"rendered":"Wi-Fi lze pou\u017e\u00edt k ovliv\u0148ov\u00e1n\u00ed mozkov\u00fdch vln, hypn\u00f3zu a soci\u00e1ln\u00ed in\u017een\u00fdrstv\u00ed"},"content":{"rendered":"<div id=\"fb-root\"><\/div>\n<p><strong>V dne\u0161n\u00edm propojen\u00e9m sv\u011bt\u011b se bezdr\u00e1tov\u00e9 p\u0159ipojen\u00ed na internet stalo v\u0161udyp\u0159\u00edtomn\u00fdm. Nach\u00e1z\u00ed se t\u00e9m\u011b\u0159 v ka\u017ed\u00e9 kav\u00e1rn\u011b, kancel\u00e1\u0159i \u010di dom\u00e1cnosti.<\/strong><\/p>\n<p><span>Wi-Fi sign\u00e1l v\u0161ak nen\u00ed ne\u0161kodn\u00fd. Radiofrekven\u010dn\u00ed z\u00e1\u0159en\u00ed neust\u00e1le bombarduje bu\u0148ky a ovliv\u0148uje mozkov\u00e9 vlny. Obzvl\u00e1\u0161\u0165 znepokojuj\u00edc\u00ed jsou vlny s extr\u00e9mn\u011b n\u00edzkou frekvenc\u00ed (ELF), kter\u00e9 maj\u00ed potenci\u00e1l interference s mozkov\u00fdmi vlnami, co\u017e by mohlo p\u0159im\u011bt \u010dlov\u011bka nev\u011bdomky vstoupit do sugestivn\u00edho stavu mysli.<\/span><\/p>\n<p><span>Wi-Fi m\u016f\u017ee b\u00fdt vy\u017eit\u00e9 i jako vektor soci\u00e1ln\u00edho in\u017een\u00fdrstv\u00ed s c\u00edlem, aby se jednotlivci vzdali sv\u00e9ho kritick\u00e9ho my\u0161len\u00ed, p\u0159izp\u016fsobili ofici\u00e1ln\u00edm narativ\u016fm a skupinov\u00e9mu my\u0161len\u00ed.<\/span><\/p>\n<p><span>Keith Cutter, zn\u00e1m\u00fd kritik modern\u00edch bezdr\u00e1tov\u00fdch technologi\u00ed, str\u00e1vil roky zkoum\u00e1n\u00edm temn\u011bj\u0161\u00ed str\u00e1nky Wi-Fi z\u00e1\u0159en\u00ed.<\/span><\/p>\n<p><span>Podle Cuttera se vliv Wi-Fi neomezuje pouze na p\u0159\u00edm\u00e9\u00a0<\/span><a href=\"https:\/\/www.badatel.net\/tehotne-zeny-by-sa-za-kazdu-cenu-mali-vyhybat-elektromagnetickym-poliam-plody-su-vystavene-az-20-nasobnej-koncentracii-ziarenia\/\"><span>vystaven\u00ed z\u00e1\u0159en\u00ed<\/span><\/a><span>\u00a0, ale roz\u0161i\u0159uje se i na jemn\u011bj\u0161\u00ed a o to znepokojuj\u00edc\u00ed \u00fa\u010dinky, v\u010detn\u011b ovliv\u0148ov\u00e1n\u00ed mozkov\u00fdch vln, naru\u0161en\u00ed kognitivn\u00edch schopnost\u00ed a toho, co se ozna\u010duje jako \u201epam\u011b\u0165ov\u00fd efekt Wi-Fi\u201c na t\u011blesn\u00e9 tk\u00e1n\u011b .<\/span><\/p>\n<h2><span>Vliv radiofrekven\u010dn\u00edch elektromagnetick\u00fdch pol\u00ed v \u010dase<\/span><\/h2>\n<p><span>Wi-Fi funguje pomoc\u00ed vysokofrekven\u010dn\u00edch elektromagnetick\u00fdch pol\u00ed a data p\u0159en\u00e1\u0161\u00ed prost\u0159ednictv\u00edm pulsn\u011b modulovan\u00e9ho elektromagnetick\u00e9ho z\u00e1\u0159en\u00ed.<\/span><\/p>\n<p><span>I kdy\u017e se samotn\u00e1 technologie m\u016f\u017ee zd\u00e1t ne\u0161kodn\u00e1 \u2013 ostatn\u011b v\u011bt\u0161ina za\u0159\u00edzen\u00ed vyza\u0159uje pouze relativn\u011b n\u00edzk\u00e9 \u00farovn\u011b z\u00e1\u0159en\u00ed v hlediska v\u00fdkonu \u2013 Cutter v\u0161ak v\u011b\u0159\u00ed, \u017ee kumulativn\u00ed vliv t\u00e9to expozice v pr\u016fb\u011bhu \u010dasu nen\u00ed ani zdaleka ne\u0161kodn\u00fd.<\/span><\/p>\n<p><span>Jedn\u00edm z hlavn\u00edch probl\u00e9m\u016f, na kter\u00fd Cutter upozor\u0148uje, je \u00fa\u010dinek vln s extr\u00e9mn\u011b n\u00edzkou frekvenc\u00ed (ELF), kter\u00e9 Wi-Fi vys\u00edl\u00e1 vedle vysokofrekven\u010dn\u00edch sign\u00e1l\u016f. Vlny ELF se pohybuj\u00ed od p\u0159ibli\u017en\u011b 3 do 30 Hz, co\u017e je frekven\u010dn\u00ed rozsah, kter\u00fd se \u201en\u00e1hodou\u201c p\u0159ekr\u00fdv\u00e1 s frekvencemi p\u0159irozen\u00fdch oscilac\u00ed lidsk\u00e9ho mozku.<\/span><\/p>\n<p><span>Elektrick\u00e1 aktivita mozku je rozd\u011blena do r\u016fzn\u00fdch frekven\u010dn\u00edch p\u00e1sem, z nich\u017e ka\u017ed\u00e9 je spojeno s r\u016fzn\u00fdmi stavy v\u011bdom\u00ed a ment\u00e1ln\u00edch funkc\u00ed:<\/span><\/p>\n<ul>\n<li><span>delta vlny (0,5 a\u017e 4 Hz) \u2013 souvis\u00ed s hlubok\u00fdm sp\u00e1nkem, l\u00e9\u010den\u00edm a relaxac\u00ed<\/span><\/li>\n<li><span>theta vlny (4 a\u017e 8Hz) \u2013 typick\u00e9 pro hlubokou relaxaci, meditaci a kreativitu<\/span><\/li>\n<li><span>alfa vlny (8 a\u017e 12Hz) \u2013 p\u0159\u00edtomn\u00e9 b\u011bhem klidn\u00fdch, uvoln\u011bn\u00fdch stav\u016f, jako je sn\u011bn\u00ed nebo snadn\u00e1 meditace<\/span><\/li>\n<li><span>beta vlny (13 a\u017e 30Hz) \u2013 souvis\u00ed s aktivn\u00edm my\u0161len\u00edm, koncentrac\u00ed a \u0159e\u0161en\u00edm probl\u00e9m\u016f<\/span><\/li>\n<li><span>gamma vlny (30 a\u017e 44Hz) \u2013 jsou zapojeny do vy\u0161\u0161\u00edch kognitivn\u00edch funkc\u00ed, jako je u\u010den\u00ed, pam\u011b\u0165 a smyslov\u00e9 zpracov\u00e1n\u00ed<\/span><\/li>\n<\/ul>\n<p><span>Cutter se nejv\u00edce zaj\u00edm\u00e1 o 10 Hz impulsy, kter\u00e9 vys\u00edlaj\u00ed Wi-Fi \u201emaj\u00e1ky\u201c. Tyto maj\u00e1ky neust\u00e1le pulsuj\u00ed na t\u00e9to frekvenci, v podstat\u011b vys\u00edlaj\u00ed trval\u00fd sign\u00e1l zabezpe\u010duj\u00edc\u00ed, \u017ee za\u0159\u00edzen\u00ed z\u016fstanou p\u0159ipojena. Tedy nejde o samotn\u00fd p\u0159enos dat, ale udr\u017eov\u00e1n\u00ed spojen\u00ed mezi Wi-Fi routerem a na n\u011bj p\u0159ipojen\u00fdch za\u0159\u00edzen\u00ed.<\/span><\/p>\n<p><span>Cutter v\u011b\u0159\u00ed, \u017ee 10 Hz puls m\u016f\u017ee m\u00edt hlubok\u00fd vliv na mozkovou aktivitu, zejm\u00e9na vyvol\u00e1n\u00edm jevu zn\u00e1m\u00e9ho jako \u201estrh\u00e1v\u00e1n\u00ed mozkov\u00fdch vln\u201c.<\/span><\/p>\n<h2><span>Strh\u00e1v\u00e1n\u00ed mozkov\u00fdch vln z 10 Hz impuls\u016f m\u016f\u017ee dostat lidi do sugestibiln\u00edho stavu<\/span><\/h2>\n<p><span>Strh\u00e1v\u00e1n\u00ed mozkov\u00fdch vln se t\u00fdk\u00e1 synchronizace mozkov\u00fdch vln s vn\u011bj\u0161\u00ed frekvenc\u00ed. Kdy\u017e je mozek vystaven konzistentn\u00edm vn\u011bj\u0161\u00edm stimul\u016fm na ur\u010dit\u00e9 frekvenci, jako je nap\u0159\u00edklad 10 Hz sign\u00e1l vys\u00edlan\u00fd Wi-Fi, m\u016f\u017ee posunout sv\u00e9 vlastn\u00ed p\u0159irozen\u00e9 vzory mozkov\u00fdch vln tak, aby odpov\u00eddaly extern\u00ed frekvenci.<\/span><\/p>\n<p><span>P\u0159i 10 Hz se mozek dost\u00e1v\u00e1 do uvoln\u011bn\u011bj\u0161\u00edho stavu, podobn\u00e9ho alfa vln\u00e1m, co\u017e odpov\u00edd\u00e1 sn\u00ed\u017een\u00e9 kortik\u00e1ln\u00ed aktivit\u011b (odpov\u011bdn\u00e9 za bd\u011blost, ostra\u017eitost a st\u0159\u00edzliv\u00fd \u00fasudek).<\/span><\/p>\n<p><span>Cuttera to obzvl\u00e1\u0161\u0165 znepokojuje a varuje, \u017ee dlouhodob\u00e9 vystaven\u00ed sign\u00e1lu 10 Hz ELF m\u016f\u017ee vytvo\u0159it \u201estav povolnosti\u201c, kdy je mozek n\u00e1chyln\u011bj\u0161\u00ed podl\u00e9hat vn\u011bj\u0161\u00edm vliv\u016fm. Tyto vn\u011bj\u0161\u00ed vlivy mohou zahrnovat m\u00e9dia, marketing nebo dokonce podv\u011bdom\u00e9 programov\u00e1n\u00ed sm\u011brovan\u00e9 na v\u0161echny lidi, kdy\u017e jsou pod vlivem za\u0159\u00edzen\u00ed vyza\u0159uj\u00edc\u00edch Wi-Fi sign\u00e1l.<\/span><\/p>\n<p><em><span>\u201eMluv\u00edme o mo\u017enosti kontroly mysli,\u201c<\/span><\/em><span>\u00a0varuje Cutter a nazna\u010duje, \u017ee tento druh manipulace s mozkov\u00fdmi vlnami m\u016f\u017ee zp\u016fsobit, \u017ee jednotlivci budou zraniteln\u011bj\u0161\u00ed v\u016f\u010di vn\u011bj\u0161\u00edm podn\u011bt\u016fm (jako je hypn\u00f3za).<\/span><\/p>\n<p><span>Takov\u00e1 manipulace by mohla b\u00fdt pou\u017eita nap\u0159\u00edklad k p\u0159inucen\u00ed populace, aby v\u011b\u0159ila nebo myslela ur\u010dit\u00fdm zp\u016fsobem, proti vlastn\u00ed intuici, znalostem, zku\u0161enostem, racion\u00e1ln\u00edmu my\u0161len\u00ed nebo instinkt\u016fm.<\/span><\/p>\n<h2><span>Z\u00e1\u0159en\u00ed Wi-Fi m\u016f\u017ee vytvo\u0159it \u201epam\u011b\u0165ov\u00fd efekt\u201c<\/span><\/h2>\n<p><span>Dal\u0161\u00ed obavou, na kterou Cutter poukazuje, je mo\u017enost, \u017ee Wi-Fi bude m\u00edt \u201epam\u011b\u0165ov\u00fd efekt\u201c na t\u011blesn\u00e9 tk\u00e1n\u011b. To se t\u00fdk\u00e1 zp\u016fsobu, jak\u00fdm t\u011blo absorbuje a kumuluje ur\u010dit\u00e9 elektromagnetick\u00e9 frekvence, co\u017e m\u016f\u017ee v\u00e9st k dlouhodob\u00fdm fyzick\u00fdm zm\u011bn\u00e1m nebo zdravotn\u00edm probl\u00e9m\u016fm.<\/span><\/p>\n<p><span>Cutter porovn\u00e1v\u00e1 tento jev s traumatem ulo\u017een\u00fdm v t\u011ble \u2013 podobn\u011b jako psychologick\u00fd koncept \u201etraumatick\u00e9 pam\u011bti\u201c, kdy se minul\u00e9 emocion\u00e1ln\u00ed nebo fyzick\u00e9 trauma projevuje v t\u011ble i pot\u00e9, co ud\u00e1lost pominula.<\/span><\/p>\n<p><span>V p\u0159\u00edpad\u011b Wi-Fi nazna\u010duje, \u017ee t\u011blo by mohlo absorbovat z\u00e1\u0159en\u00ed a jeho \u00fa\u010dinky ukl\u00e1dat do tk\u00e1n\u00ed, co\u017e povede k p\u0159etrv\u00e1vaj\u00edc\u00edm zdravotn\u00edm probl\u00e9m\u016fm, jako jsou \u00fanava, bolesti hlavy \u010di je\u0161t\u011b z\u00e1va\u017en\u011bj\u0161\u00ed stavy spojen\u00e9 s elektrickou citlivost\u00ed.<\/span><\/p>\n<h2><span>Z\u00e1v\u011br<\/span><\/h2>\n<p><span>Wi-Fi m\u00e1 daleko od dokonal\u00e9 technologick\u00e9 vymo\u017eenosti.<\/span><\/p>\n<p><span>Jeho roz\u0161\u00ed\u0159en\u00ed do ka\u017edodenn\u00edho \u017eivota p\u0159edstavuje \u201eskrytou epidemii\u201c \u2013 epidemii, kter\u00e1 v tichosti po\u0161kozuje zdrav\u00ed a pohodu jednotlivc\u016f a \u010din\u00ed jejich mysl zraniteln\u011bj\u0161\u00ed v\u016f\u010di extern\u00edm sugesc\u00edm.<\/span><\/p>\n<p><span>Autor: Lance D. Johnson, Zdroj:\u00a0<\/span><a href=\"https:\/\/www.naturalnews.com\/2024-11-13-wi-fi-can-be-used-to-influence-brainwaves.html\"><span>naturalnews.com<\/span><\/a><\/p>\n<p>&nbsp;<\/p>\n","protected":false},"excerpt":{"rendered":"<p>V dne\u0161n\u00edm propojen\u00e9m sv\u011bt\u011b se bezdr\u00e1tov\u00e9 p\u0159ipojen\u00ed na internet stalo v\u0161udyp\u0159\u00edtomn\u00fdm. Nach\u00e1z\u00ed se t\u00e9m\u011b\u0159 v&#8230;<\/p>\n","protected":false},"author":2,"featured_media":66252,"comment_status":"closed","ping_status":"closed","sticky":false,"template":"","format":"standard","meta":[],"categories":[7],"tags":[2252,3035,21],"_links":{"self":[{"href":"https:\/\/www.infokuryr.cz\/n\/wp-json\/wp\/v2\/posts\/66251"}],"collection":[{"href":"https:\/\/www.infokuryr.cz\/n\/wp-json\/wp\/v2\/posts"}],"about":[{"href":"https:\/\/www.infokuryr.cz\/n\/wp-json\/wp\/v2\/types\/post"}],"author":[{"embeddable":true,"href":"https:\/\/www.infokuryr.cz\/n\/wp-json\/wp\/v2\/users\/2"}],"replies":[{"embeddable":true,"href":"https:\/\/www.infokuryr.cz\/n\/wp-json\/wp\/v2\/comments?post=66251"}],"version-history":[{"count":0,"href":"https:\/\/www.infokuryr.cz\/n\/wp-json\/wp\/v2\/posts\/66251\/revisions"}],"wp:featuredmedia":[{"embeddable":true,"href":"https:\/\/www.infokuryr.cz\/n\/wp-json\/wp\/v2\/media\/66252"}],"wp:attachment":[{"href":"https:\/\/www.infokuryr.cz\/n\/wp-json\/wp\/v2\/media?parent=66251"}],"wp:term":[{"taxonomy":"category","embeddable":true,"href":"https:\/\/www.infokuryr.cz\/n\/wp-json\/wp\/v2\/categories?post=66251"},{"taxonomy":"post_tag","embeddable":true,"href":"https:\/\/www.infokuryr.cz\/n\/wp-json\/wp\/v2\/tags?post=66251"}],"curies":[{"name":"wp","href":"https:\/\/api.w.org\/{rel}","templated":true}]}}