{"id":66225,"date":"2024-11-15T00:44:04","date_gmt":"2024-11-14T23:44:04","guid":{"rendered":"https:\/\/www.infokuryr.cz\/n\/?p=66225"},"modified":"2024-11-14T16:42:29","modified_gmt":"2024-11-14T15:42:29","slug":"syrsky-migrant-obvinen-z-podvodu-pote-co-v-rakousku-deset-let-pobiral-davky-ve-vysi-200-tisic-eur","status":"publish","type":"post","link":"https:\/\/www.infokuryr.cz\/n\/2024\/11\/15\/syrsky-migrant-obvinen-z-podvodu-pote-co-v-rakousku-deset-let-pobiral-davky-ve-vysi-200-tisic-eur\/","title":{"rendered":"Syrsk\u00fd migrant obvin\u011bn z podvodu pot\u00e9, co v Rakousku deset let pob\u00edral d\u00e1vky ve v\u00fd\u0161i 200 tis\u00edc eur"},"content":{"rendered":"<div id=\"fb-root\"><\/div>\n<h2 class=\"s-tagline fw-tagline\"><span>Mu\u017e tvrdil, \u017ee m\u00e1 pouze syrsk\u00e9 ob\u010danstv\u00ed a \u017ee m\u00e1 n\u00e1rok na azyl v Rakousku, ale \u00fa\u0159ady pozd\u011bji objevily v jeho byt\u011b tureck\u00fd pas<\/span><\/h2>\n<p><span>V Rakousku \u010del\u00ed soudu 62let\u00fd Sy\u0159an, kter\u00fd je obvin\u011bn z toho, \u017ee si b\u011bhem desetilet\u00ed podvodn\u011b vy\u017e\u00e1dal t\u00e9m\u011b\u0159 200 000 eur na soci\u00e1ln\u00edch d\u00e1vk\u00e1ch.<\/span><\/p>\n<p><span>\u017dalobci tvrd\u00ed, \u017ee od srpna 2014 do ledna 2024 tento mu\u017e nez\u00e1konn\u011b pob\u00edral m\u011bs\u00ed\u010dn\u00ed minim\u00e1ln\u00ed p\u0159\u00edjem a\u017e 1 400 eur a d\u00e1vky zdravotn\u00edho poji\u0161t\u011bn\u00ed, p\u0159esto\u017ee m\u011bl tureck\u00e9 ob\u010danstv\u00ed \u2013 co\u017e je detail, kter\u00fd mohl ovlivnit jeho n\u00e1rok na takovou podporu.<\/span><\/p>\n<p><span>Jak uv\u00e1d\u00ed\u00a0<\/span><a href=\"https:\/\/exxpress.at\/news\/anklage-gegen-syrer-er-soll-sich-197-000-euro-an-mindestsicherung-erschlichen-haben\/\"><span>Exxpress<\/span><\/a><span>\u00a0, p\u0159\u00edpad se datuje od p\u0159\u00edjezdu mu\u017ee do Rakouska v roce 2013, kdy po sv\u00e9m po\u010d\u00e1te\u010dn\u00edm pobytu v azylov\u00e9m centru Traiskirchen po\u017e\u00e1dal o azyl a z\u00edskal ubytov\u00e1n\u00ed a podporu v Burgenlandu.<\/span><\/p>\n<p><span>Tvrdil, \u017ee ut\u00edk\u00e1 p\u0159ed syrskou ob\u010danskou v\u00e1lkou, ale \u00fa\u0159ady pozd\u011bji objevily v jeho byt\u011b tureck\u00fd pas, co\u017e vyvolalo ot\u00e1zky ohledn\u011b jeho n\u00e1rodnosti. To p\u0159im\u011blo rakousk\u00e9 imigra\u010dn\u00ed \u00fa\u0159ady, aby zah\u00e1jily procedury k p\u0159\u00edpadn\u00e9mu odebr\u00e1n\u00ed jeho azylov\u00e9ho statusu, co\u017e vedlo k sou\u010dasn\u00e9mu vy\u0161et\u0159ov\u00e1n\u00ed.<\/span><\/p>\n<p><span>Podle jeho obh\u00e1jkyn\u011b Muny Duzdarov\u00e9 ob\u017ealovan\u00fd tvrd\u00ed, \u017ee je nevinn\u00fd, a tvrdil, \u017ee poskytl p\u0159esn\u00e9 informace rakousk\u00fdm \u00fa\u0159edn\u00edk\u016fm, kte\u0159\u00ed mu ud\u011blili pobyt na z\u00e1klad\u011b dopl\u0148kov\u00e9 ochrany.<\/span><\/p>\n<p><span>U soudu ob\u017ealovan\u00fd, kter\u00fd m\u00e1 dvoj\u00ed syrsk\u00e9 a tureck\u00e9 ob\u010danstv\u00ed, tvrdil, \u017ee s \u00fa\u0159ady v\u017edy vych\u00e1zel vst\u0159\u00edc. Uvedl, \u017ee jeho jedin\u00fd ned\u00e1vn\u00fd pobyt v Turecku byl p\u0159ibli\u017en\u011b p\u0159ed rokem a p\u016fl a jeho rodinn\u00ed p\u0159\u00edslu\u0161n\u00edci maj\u00ed pouze syrsk\u00e9 ob\u010danstv\u00ed.<\/span><\/p>\n<p><span>Kdy\u017e se ho soudce zeptal, zda byl informov\u00e1n o zve\u0159ejn\u011bn\u00ed v\u0161ech n\u00e1rodnost\u00ed, odpov\u011bd\u011bl, \u017ee byl instruov\u00e1n, aby \u201eodpov\u011bd\u011bl p\u0159esn\u011b\u201c, \u010d\u00edm\u017e nazna\u010dil, \u017ee si nemysl\u00ed, \u017ee by jeho dvoj\u00ed n\u00e1rodnost bylo relevantn\u00ed.<\/span><\/p>\n<p><span>Mu\u017e byl v\u011bt\u0161inou nezam\u011bstnan\u00fd v Rakousku a v sou\u010dasnosti se spol\u00e9h\u00e1 na st\u00e1tn\u00ed p\u0159\u00edd\u011bly ve v\u00fd\u0161i t\u00e9m\u011b\u0159 1400 eur m\u011bs\u00ed\u010dn\u011b, p\u0159esto\u017ee v zemi \u017eije 11 let.<\/span><\/p>\n<p><span>Soudce proces odro\u010dil, aby m\u011bl \u010das na v\u00fdsledek prob\u00edhaj\u00edc\u00edho imigra\u010dn\u00edho \u0159\u00edzen\u00ed.<\/span><\/p>\n<p><img decoding=\"async\" loading=\"lazy\" class=\"alignnone size-full wp-image-1185\" src=\"http:\/\/www.infokuryr.cz\/n\/wp-content\/uploads\/2021\/04\/kuryr-podpis.png\" alt=\"\" width=\"84\" height=\"24\" \/><\/p>\n<p>&nbsp;<\/p>\n","protected":false},"excerpt":{"rendered":"<p>Mu\u017e tvrdil, \u017ee m\u00e1 pouze syrsk\u00e9 ob\u010danstv\u00ed a \u017ee m\u00e1 n\u00e1rok na azyl v Rakousku,&#8230;<\/p>\n","protected":false},"author":2,"featured_media":66226,"comment_status":"closed","ping_status":"closed","sticky":false,"template":"","format":"standard","meta":[],"categories":[7],"tags":[551,497,120,324],"_links":{"self":[{"href":"https:\/\/www.infokuryr.cz\/n\/wp-json\/wp\/v2\/posts\/66225"}],"collection":[{"href":"https:\/\/www.infokuryr.cz\/n\/wp-json\/wp\/v2\/posts"}],"about":[{"href":"https:\/\/www.infokuryr.cz\/n\/wp-json\/wp\/v2\/types\/post"}],"author":[{"embeddable":true,"href":"https:\/\/www.infokuryr.cz\/n\/wp-json\/wp\/v2\/users\/2"}],"replies":[{"embeddable":true,"href":"https:\/\/www.infokuryr.cz\/n\/wp-json\/wp\/v2\/comments?post=66225"}],"version-history":[{"count":1,"href":"https:\/\/www.infokuryr.cz\/n\/wp-json\/wp\/v2\/posts\/66225\/revisions"}],"predecessor-version":[{"id":66227,"href":"https:\/\/www.infokuryr.cz\/n\/wp-json\/wp\/v2\/posts\/66225\/revisions\/66227"}],"wp:featuredmedia":[{"embeddable":true,"href":"https:\/\/www.infokuryr.cz\/n\/wp-json\/wp\/v2\/media\/66226"}],"wp:attachment":[{"href":"https:\/\/www.infokuryr.cz\/n\/wp-json\/wp\/v2\/media?parent=66225"}],"wp:term":[{"taxonomy":"category","embeddable":true,"href":"https:\/\/www.infokuryr.cz\/n\/wp-json\/wp\/v2\/categories?post=66225"},{"taxonomy":"post_tag","embeddable":true,"href":"https:\/\/www.infokuryr.cz\/n\/wp-json\/wp\/v2\/tags?post=66225"}],"curies":[{"name":"wp","href":"https:\/\/api.w.org\/{rel}","templated":true}]}}