{"id":66222,"date":"2024-11-15T00:43:26","date_gmt":"2024-11-14T23:43:26","guid":{"rendered":"https:\/\/www.infokuryr.cz\/n\/?p=66222"},"modified":"2024-11-14T16:36:47","modified_gmt":"2024-11-14T15:36:47","slug":"podrezat-hrdla-bilym-zenam-africky-migrant-ktery-pobodal-francouzskou-bezkyni-a-znasilnil-jinou-zenu-sdelil-policii-svuj-motiv","status":"publish","type":"post","link":"https:\/\/www.infokuryr.cz\/n\/2024\/11\/15\/podrezat-hrdla-bilym-zenam-africky-migrant-ktery-pobodal-francouzskou-bezkyni-a-znasilnil-jinou-zenu-sdelil-policii-svuj-motiv\/","title":{"rendered":"\u201ePod\u0159ezat hrdla b\u00edl\u00fdm \u017een\u00e1m\u201c \u2013 africk\u00fd migrant, kter\u00fd pobodal francouzskou b\u011b\u017ekyni a zn\u00e1silnil jinou \u017eenu, sd\u011blil policii sv\u016fj motiv"},"content":{"rendered":"<div id=\"fb-root\"><\/div>\n<h2 class=\"s-tagline fw-tagline\"><span>Kamerunsk\u00fd migrant byl zat\u010den v Bordeaux pot\u00e9, co p\u0159i rasov\u011b motivovan\u00e9m \u00fatoku pobodal \u017eenu<\/span><\/h2>\n<p><span>Pot\u00e9, co byl migrant z Kamerunu zat\u010den za ubod\u00e1n\u00ed \u017eeny a sexu\u00e1ln\u00ed napaden\u00ed jin\u00e9 \u017eeny v kr\u00e1tk\u00e9 dob\u011b, policie uvedla, \u017ee se jim p\u0159iznal, \u017ee cht\u011bl \u201epod\u0159ezat hrdla b\u00edl\u00fdm \u017een\u00e1m\u201c.<\/span><\/p>\n<p><span>Mu\u017e byl zat\u010den 9. listopadu ve francouzsk\u00e9m Bordeaux pot\u00e9, co bodl do zad \u017eenu, kter\u00e1 b\u011bhala. Ob\u011b\u0165 byla p\u0159evezena do nemocnice. Jej\u00ed zran\u011bn\u00ed se neuk\u00e1zala jako \u017eivot ohro\u017euj\u00edc\u00ed, ale vy\u017e\u00e1dala si z\u00e1sah ZZS.<\/span><\/p>\n<p><span>\u00dato\u010dn\u00edk byl zadr\u017een kr\u00e1tce po bodnut\u00ed \u017eeny. Podle francouzsk\u00e9ho zpravodajstv\u00ed <\/span><a href=\"https:\/\/www-lejdd-fr.translate.goog\/societe\/info-jdd-il-voulait-egorger-des-femmes-blanches-un-individu-attaque-au-couteau-une-passante-bordeaux-151636?_x_tr_sl=auto&amp;_x_tr_tl=en&amp;_x_tr_hl=en&amp;_x_tr_pto=wapp\"><span>JDD<\/span><\/a><span>\u00a0je tento mu\u017e policii ji\u017e zn\u00e1m z toho, \u017ee v roce 2023 u\u0161krtil mladou \u017eenu na ve\u0159ejn\u00e9 silnici\u00a0.<\/span><\/p>\n<p><span>Uk\u00e1zalo se v\u0161ak, \u017ee pobod\u00e1n\u00ed nebylo jedin\u00fdm zlo\u010dinem, kter\u00e9ho se africk\u00fd migrant ten den dopustil. Kr\u00e1tce po \u00fatoku dorazila na policejn\u00ed stanici dal\u0161\u00ed \u017eensk\u00e1 ob\u011b\u0165 a \u0159ekla vy\u0161et\u0159ovatel\u016fm, \u017ee ji \u201esexu\u00e1ln\u011b napadl stejn\u00fd jedinec\u201c, uv\u00e1d\u00ed policejn\u00ed zdroj.<\/span><\/p>\n<p><span>B\u011bhem v\u00fdslechu mu\u017ee, kter\u00fd je pova\u017eov\u00e1n za bezdomovce, vy\u0161et\u0159ovatel\u016fm \u0159ekl, \u017ee cht\u011bl \u201epod\u0159ezat hrdla b\u00edl\u00fdm \u017een\u00e1m\u201c.<\/span><\/p>\n<p><span>Podle policie je mu\u017ei 23 let, m\u00e1 z\u00e1konn\u00e9 bydli\u0161t\u011b ve Francii a nem\u00e1 \u017e\u00e1dn\u00e9 psychiatrick\u00e9 poruchy, kter\u00e9 by mu mohly pomoci vyhnout se trestu odn\u011bt\u00ed svobody. V sou\u010dasn\u00e9 dob\u011b je ve vy\u0161et\u0159ovac\u00ed vazb\u011b.<\/span><\/p>\n<p><span>Pot\u00e9 policie z\u00edskala z\u00e1b\u011bry pobod\u00e1n\u00ed z palubn\u00ed kamery, kter\u00e9 zachytil \u0159idi\u010d autobusu. Na z\u00e1b\u011brech bylo vid\u011bt, jak mu\u017e ude\u0159il \u017eenu no\u017eem hluboko do zad.<\/span><\/p>\n<p><span>\u017dena z\u016fst\u00e1v\u00e1 v psychiatrick\u00e9 p\u00e9\u010di.<\/span><\/p>\n<p><img decoding=\"async\" loading=\"lazy\" class=\"alignnone size-full wp-image-1185\" src=\"http:\/\/www.infokuryr.cz\/n\/wp-content\/uploads\/2021\/04\/kuryr-podpis.png\" alt=\"\" width=\"84\" height=\"24\" \/><\/p>\n<p>&nbsp;<\/p>\n","protected":false},"excerpt":{"rendered":"<p>Kamerunsk\u00fd migrant byl zat\u010den v Bordeaux pot\u00e9, co p\u0159i rasov\u011b motivovan\u00e9m \u00fatoku pobodal \u017eenu Pot\u00e9,&#8230;<\/p>\n","protected":false},"author":2,"featured_media":66223,"comment_status":"closed","ping_status":"closed","sticky":false,"template":"","format":"standard","meta":[],"categories":[7],"tags":[130,551,1300,1322,742],"_links":{"self":[{"href":"https:\/\/www.infokuryr.cz\/n\/wp-json\/wp\/v2\/posts\/66222"}],"collection":[{"href":"https:\/\/www.infokuryr.cz\/n\/wp-json\/wp\/v2\/posts"}],"about":[{"href":"https:\/\/www.infokuryr.cz\/n\/wp-json\/wp\/v2\/types\/post"}],"author":[{"embeddable":true,"href":"https:\/\/www.infokuryr.cz\/n\/wp-json\/wp\/v2\/users\/2"}],"replies":[{"embeddable":true,"href":"https:\/\/www.infokuryr.cz\/n\/wp-json\/wp\/v2\/comments?post=66222"}],"version-history":[{"count":1,"href":"https:\/\/www.infokuryr.cz\/n\/wp-json\/wp\/v2\/posts\/66222\/revisions"}],"predecessor-version":[{"id":66224,"href":"https:\/\/www.infokuryr.cz\/n\/wp-json\/wp\/v2\/posts\/66222\/revisions\/66224"}],"wp:featuredmedia":[{"embeddable":true,"href":"https:\/\/www.infokuryr.cz\/n\/wp-json\/wp\/v2\/media\/66223"}],"wp:attachment":[{"href":"https:\/\/www.infokuryr.cz\/n\/wp-json\/wp\/v2\/media?parent=66222"}],"wp:term":[{"taxonomy":"category","embeddable":true,"href":"https:\/\/www.infokuryr.cz\/n\/wp-json\/wp\/v2\/categories?post=66222"},{"taxonomy":"post_tag","embeddable":true,"href":"https:\/\/www.infokuryr.cz\/n\/wp-json\/wp\/v2\/tags?post=66222"}],"curies":[{"name":"wp","href":"https:\/\/api.w.org\/{rel}","templated":true}]}}