{"id":66210,"date":"2024-11-15T00:37:09","date_gmt":"2024-11-14T23:37:09","guid":{"rendered":"https:\/\/www.infokuryr.cz\/n\/?p=66210"},"modified":"2024-11-14T16:02:49","modified_gmt":"2024-11-14T15:02:49","slug":"soros-je-sokovan-tim-ze-politicke-usporadani-po-celem-svete-pokulhava","status":"publish","type":"post","link":"https:\/\/www.infokuryr.cz\/n\/2024\/11\/15\/soros-je-sokovan-tim-ze-politicke-usporadani-po-celem-svete-pokulhava\/","title":{"rendered":"Soros je \u0161okov\u00e1n t\u00edm, \u017ee politick\u00e9 uspo\u0159\u00e1d\u00e1n\u00ed po cel\u00e9m sv\u011bt\u011b pokulh\u00e1v\u00e1"},"content":{"rendered":"<div id=\"fb-root\"><\/div>\n<div class=\"elementor-element elementor-element-1fb4c2c elementor-widget elementor-widget-theme-post-content\" data-id=\"1fb4c2c\" data-element_type=\"widget\" data-widget_type=\"theme-post-content.default\">\n<div class=\"elementor-widget-container\">\n<p><span>Poprv\u00e9 za v\u00edce ne\u017e 120 let prohr\u00e1la \u00fa\u0159aduj\u00edc\u00ed strana t\u0159ikr\u00e1t za sebou prezidentsk\u00e9 volby. To ukazuje na struktur\u00e1ln\u00ed probl\u00e9m, kdy politici ji\u017e nejsou schopni plnit o\u010dek\u00e1v\u00e1n\u00ed ob\u010dan\u016f.<\/span><\/p>\n<p><span>Zaveden\u00e9 strany slibuj\u00ed lep\u0161\u00ed budoucnost, ale lid\u00e9 za\u017e\u00edvaj\u00ed realitu stagnuj\u00edc\u00edho r\u016fstu produktivity.<\/span><\/p>\n<p><em><span>Ne\u017e si budete d\u011blat starosti s volbami, p\u0159e\u010dt\u011bte si pros\u00edm toto: V ka\u017ed\u00e9 jedn\u00e9 z deseti hlavn\u00edch zem\u00ed sledovan\u00fdch glob\u00e1ln\u00edm v\u00fdzkumn\u00fdm projektem ParlGov, kter\u00fd v roce 2024 uspo\u0159\u00e1dal n\u00e1rodn\u00ed volby, voli\u010di odvolili \u00fa\u0159aduj\u00edc\u00ed. N\u011bco takov\u00e9ho se stalo poprv\u00e9 po t\u00e9m\u011b\u0159 120 letech.<\/span><\/em><\/p>\n<div class=\"twitter-tweet twitter-tweet-rendered\"><iframe id=\"twitter-widget-0\" class=\"\" title=\"X Post\" src=\"https:\/\/platform.twitter.com\/embed\/Tweet.html?dnt=false&amp;embedId=twitter-widget-0&amp;features=eyJ0ZndfdGltZWxpbmVfbGlzdCI6eyJidWNrZXQiOltdLCJ2ZXJzaW9uIjpudWxsfSwidGZ3X2ZvbGxvd2VyX2NvdW50X3N1bnNldCI6eyJidWNrZXQiOnRydWUsInZlcnNpb24iOm51bGx9LCJ0ZndfdHdlZXRfZWRpdF9iYWNrZW5kIjp7ImJ1Y2tldCI6Im9uIiwidmVyc2lvbiI6bnVsbH0sInRmd19yZWZzcmNfc2Vzc2lvbiI6eyJidWNrZXQiOiJvbiIsInZlcnNpb24iOm51bGx9LCJ0ZndfZm9zbnJfc29mdF9pbnRlcnZlbnRpb25zX2VuYWJsZWQiOnsiYnVja2V0Ijoib24iLCJ2ZXJzaW9uIjpudWxsfSwidGZ3X21peGVkX21lZGlhXzE1ODk3Ijp7ImJ1Y2tldCI6InRyZWF0bWVudCIsInZlcnNpb24iOm51bGx9LCJ0ZndfZXhwZXJpbWVudHNfY29va2llX2V4cGlyYXRpb24iOnsiYnVja2V0IjoxMjA5NjAwLCJ2ZXJzaW9uIjpudWxsfSwidGZ3X3Nob3dfYmlyZHdhdGNoX3Bpdm90c19lbmFibGVkIjp7ImJ1Y2tldCI6Im9uIiwidmVyc2lvbiI6bnVsbH0sInRmd19kdXBsaWNhdGVfc2NyaWJlc190b19zZXR0aW5ncyI6eyJidWNrZXQiOiJvbiIsInZlcnNpb24iOm51bGx9LCJ0ZndfdXNlX3Byb2ZpbGVfaW1hZ2Vfc2hhcGVfZW5hYmxlZCI6eyJidWNrZXQiOiJvbiIsInZlcnNpb24iOm51bGx9LCJ0ZndfdmlkZW9faGxzX2R5bmFtaWNfbWFuaWZlc3RzXzE1MDgyIjp7ImJ1Y2tldCI6InRydWVfYml0cmF0ZSIsInZlcnNpb24iOm51bGx9LCJ0ZndfbGVnYWN5X3RpbWVsaW5lX3N1bnNldCI6eyJidWNrZXQiOnRydWUsInZlcnNpb24iOm51bGx9LCJ0ZndfdHdlZXRfZWRpdF9mcm9udGVuZCI6eyJidWNrZXQiOiJvbiIsInZlcnNpb24iOm51bGx9fQ%3D%3D&amp;frame=false&amp;hideCard=false&amp;hideThread=false&amp;id=1854616045996458216&amp;lang=cs&amp;origin=https%3A%2F%2Funcutnews.ch%2Fsoros-ist-schockiert-dass-die-politische-ordnung-weltweit-ins-wanken-geraet%2F&amp;sessionId=5636ce8f8c3d08d350b3a5d83331b23cb301518b&amp;theme=light&amp;widgetsVersion=2615f7e52b7e0%3A1702314776716&amp;width=550px\" frameborder=\"0\" scrolling=\"no\" allowfullscreen=\"allowfullscreen\" data-tweet-id=\"1854616045996458216\" data-mce-fragment=\"1\"><\/iframe><\/div>\n<p><span>I globalist\u00e9 o tom nyn\u00ed za\u010d\u00ednaj\u00ed otev\u0159en\u011b mluvit. Alex Soros, syn miliard\u00e1\u0159e George Sorose, je \u0161okov\u00e1n rostouc\u00edm celosv\u011btov\u00fdm odm\u00edt\u00e1n\u00edm: ob\u010dan\u00e9 se odvracej\u00ed od v\u016fdc\u016f, kte\u0159\u00ed stav\u00ed glob\u00e1ln\u00ed agendy nad n\u00e1rodn\u00ed z\u00e1jmy, a m\u00edsto toho vol\u00ed z\u00e1stupce, kte\u0159\u00ed jim slou\u017e\u00ed.<\/span><\/p>\n<p><span>Alex Soros ned\u00e1vno vsadil miliardu dolar\u016f na podporu jednoho z nejv\u011bt\u0161\u00edch demokratick\u00fdch pora\u017een\u00fdch v ned\u00e1vn\u00e9 historii.<\/span><\/p>\n<p><span>Sloupka\u0159 z Financial Times John Burn-Murdoch zd\u016fraz\u0148uje, \u017ee l\u00edd\u0159i jako Harris, Sunak, Macron a Modi ztratili podporu voli\u010d\u016f. V zem\u00edch jako Japonsko, Belgie, Chorvatsko, Bulharsko a Litva utrp\u011bly letos vl\u00e1dn\u00ed strany tak\u00e9 v\u00fdrazn\u00e9 volebn\u00ed por\u00e1\u017eky \u2013 podle Sorose jde o jev, kter\u00fd se v tomto m\u011b\u0159\u00edtku objevil poprv\u00e9 za t\u00e9m\u011b\u0159 120 let.<\/span><\/p>\n<\/div>\n<\/div>\n<div class=\"elementor-element elementor-element-8c57238 quelle dc-has-condition dc-condition-empty elementor-widget elementor-widget-heading\" data-id=\"8c57238\" data-element_type=\"widget\" data-widget_type=\"heading.default\">\n<div class=\"elementor-widget-container\">\n<h3 class=\"elementor-heading-title elementor-size-default\"><span style=\"font-size: 10pt;\"><a href=\"https:\/\/www.zerohedge.com\/political\/alex-soros-shocked-incumbent-political-order-being-crushed-around-globe\" target=\"_blank\" rel=\"nofollow noopener\">Zdroj<\/a><\/span><\/h3>\n<p>&nbsp;<\/p>\n<\/div>\n<\/div>\n","protected":false},"excerpt":{"rendered":"<p>Poprv\u00e9 za v\u00edce ne\u017e 120 let prohr\u00e1la \u00fa\u0159aduj\u00edc\u00ed strana t\u0159ikr\u00e1t za sebou prezidentsk\u00e9 volby. To&#8230;<\/p>\n","protected":false},"author":2,"featured_media":35563,"comment_status":"closed","ping_status":"closed","sticky":false,"template":"","format":"standard","meta":[],"categories":[7],"tags":[8214,279,940,2452,27],"_links":{"self":[{"href":"https:\/\/www.infokuryr.cz\/n\/wp-json\/wp\/v2\/posts\/66210"}],"collection":[{"href":"https:\/\/www.infokuryr.cz\/n\/wp-json\/wp\/v2\/posts"}],"about":[{"href":"https:\/\/www.infokuryr.cz\/n\/wp-json\/wp\/v2\/types\/post"}],"author":[{"embeddable":true,"href":"https:\/\/www.infokuryr.cz\/n\/wp-json\/wp\/v2\/users\/2"}],"replies":[{"embeddable":true,"href":"https:\/\/www.infokuryr.cz\/n\/wp-json\/wp\/v2\/comments?post=66210"}],"version-history":[{"count":0,"href":"https:\/\/www.infokuryr.cz\/n\/wp-json\/wp\/v2\/posts\/66210\/revisions"}],"wp:featuredmedia":[{"embeddable":true,"href":"https:\/\/www.infokuryr.cz\/n\/wp-json\/wp\/v2\/media\/35563"}],"wp:attachment":[{"href":"https:\/\/www.infokuryr.cz\/n\/wp-json\/wp\/v2\/media?parent=66210"}],"wp:term":[{"taxonomy":"category","embeddable":true,"href":"https:\/\/www.infokuryr.cz\/n\/wp-json\/wp\/v2\/categories?post=66210"},{"taxonomy":"post_tag","embeddable":true,"href":"https:\/\/www.infokuryr.cz\/n\/wp-json\/wp\/v2\/tags?post=66210"}],"curies":[{"name":"wp","href":"https:\/\/api.w.org\/{rel}","templated":true}]}}