{"id":6621,"date":"2021-12-04T03:44:37","date_gmt":"2021-12-04T02:44:37","guid":{"rendered":"http:\/\/www.infokuryr.cz\/n\/?p=6621"},"modified":"2021-12-04T03:44:37","modified_gmt":"2021-12-04T02:44:37","slug":"vyhnete-se-nemocnici-na-sto-honu","status":"publish","type":"post","link":"https:\/\/www.infokuryr.cz\/n\/2021\/12\/04\/vyhnete-se-nemocnici-na-sto-honu\/","title":{"rendered":"Vyhn\u011bte se nemocnici na sto hon\u016f!"},"content":{"rendered":"<div id=\"fb-root\"><\/div>\n<p>Posledn\u00edch p\u00e1r t\u00fddn\u016f jsem mimo soci\u00e1ln\u00ed s\u00edt\u011b. Bohu\u017eel jsem m\u011bla \u00famrt\u00ed v bl\u00edzk\u00e9 rodin\u011b. A dnes jsem byla u\u017e na druh\u00e9m poh\u0159bu.<\/p>\n<p>Smrt pat\u0159\u00ed k \u017eivotu a \u010d\u00edm d\u00e1l \u010dast\u011bji jsem p\u0159esv\u011bd\u010dov\u00e1na o tom, \u017ee z\u00e1le\u017e\u00ed i na tom, jak kdo zem\u0159e.<\/p>\n<p>Jestli bez bolest\u00ed, sm\u00ed\u0159en\u00fd a v kruhu rodiny. Nebo trp\u00edc\u00ed a v bolestech, osamocen mezi p\u0159\u00edstroji.<\/p>\n<p>Podle smrti asi nejl\u00e9pe pozn\u00e1te kvalitu zdravotnictv\u00ed. V tomto ohledu to nen\u00ed nic moc. L\u00e9ka\u0159i l\u00e9\u010d\u00ed a\u017e k smrti a pacient je pro n\u011b jen t\u011blo, na kter\u00e9m mohou zkou\u0161et v\u0161echny mo\u017en\u00e9 l\u00e9ky a operace. Chyb\u00ed jim oby\u010dejn\u00fd lidsk\u00fd odstup a nut\u00ed sv\u00e9 pacienty k z\u00e1krok\u016fm, kter\u00e9 jen zvy\u0161uj\u00ed riziko a ztrp\u010duj\u00ed jim posledn\u00ed dny \u017eivota.<\/p>\n<p>M\u016fj poznatek je jednozna\u010dn\u00fd &#8211; vyhn\u011bte se nemocnici na sto hon\u016f! D\u011blejte v\u0161e proto, abyste nemuseli pot\u0159ebovat tu modern\u00ed a skv\u011blou &#8222;intenzivn\u00ed&#8220; p\u00e9\u010di. Proto\u017ee pak se stanete z \u010dlov\u011bka pacientem a to nikomu nep\u0159eju. Zvl\u00e1\u0161\u0165 sta\u0159\u00ed lid\u00e9 jsou jen h\u0159\u00ed\u010dkami v rukou l\u00e9ka\u0159\u016f. Pochopiteln\u011b m\u016f\u017eete v t\u00e9 sou\u010dasn\u00e9 hr\u016fze narazit i na zku\u0161en\u00e9ho a lidsk\u00e9ho l\u00e9ka\u0159e. M\u016f\u017eete, ale v\u011bt\u0161\u00ed \u0161anci m\u00e1te na ty druh\u00e9&#8230;<\/p>\n<p>Nikdy mi nevymiz\u00ed z pam\u011bti obraz \u017eeny, kter\u00e1 se na covidov\u00e9m odd\u011blen\u00ed lou\u010d\u00ed se sv\u00fdm um\u00edraj\u00edc\u00edm mu\u017eem a sund\u00e1 si respir\u00e1tor, aby ho mohla pol\u00edbit a vyprovodit ho na jeho posledn\u00ed cestu&#8230;<\/p>\n<p>A \u0161\u00edlen\u00e1 sestra, kter\u00e1 na tu \u017eenu k\u0159i\u010d\u00ed a k\u00e1r\u00e1 ji za to, \u017ee si sundala respir\u00e1tor. Co se to s t\u011bmi lidmi stalo? Jsou zdravotn\u00edci je\u0161t\u011b lidi? Nebo to jsou u\u017e jen adorovan\u00e9 a nekritizovateln\u00e9 entity?<\/p>\n<p>Eva Hrindov\u00e1<\/p>\n<p>&nbsp;<\/p>\n","protected":false},"excerpt":{"rendered":"<p>Posledn\u00edch p\u00e1r t\u00fddn\u016f jsem mimo soci\u00e1ln\u00ed s\u00edt\u011b. Bohu\u017eel jsem m\u011bla \u00famrt\u00ed v bl\u00edzk\u00e9 rodin\u011b. A&#8230;<\/p>\n","protected":false},"author":2,"featured_media":5823,"comment_status":"closed","ping_status":"closed","sticky":false,"template":"","format":"standard","meta":[],"categories":[6],"tags":[29,1083,1500],"_links":{"self":[{"href":"https:\/\/www.infokuryr.cz\/n\/wp-json\/wp\/v2\/posts\/6621"}],"collection":[{"href":"https:\/\/www.infokuryr.cz\/n\/wp-json\/wp\/v2\/posts"}],"about":[{"href":"https:\/\/www.infokuryr.cz\/n\/wp-json\/wp\/v2\/types\/post"}],"author":[{"embeddable":true,"href":"https:\/\/www.infokuryr.cz\/n\/wp-json\/wp\/v2\/users\/2"}],"replies":[{"embeddable":true,"href":"https:\/\/www.infokuryr.cz\/n\/wp-json\/wp\/v2\/comments?post=6621"}],"version-history":[{"count":0,"href":"https:\/\/www.infokuryr.cz\/n\/wp-json\/wp\/v2\/posts\/6621\/revisions"}],"wp:featuredmedia":[{"embeddable":true,"href":"https:\/\/www.infokuryr.cz\/n\/wp-json\/wp\/v2\/media\/5823"}],"wp:attachment":[{"href":"https:\/\/www.infokuryr.cz\/n\/wp-json\/wp\/v2\/media?parent=6621"}],"wp:term":[{"taxonomy":"category","embeddable":true,"href":"https:\/\/www.infokuryr.cz\/n\/wp-json\/wp\/v2\/categories?post=6621"},{"taxonomy":"post_tag","embeddable":true,"href":"https:\/\/www.infokuryr.cz\/n\/wp-json\/wp\/v2\/tags?post=6621"}],"curies":[{"name":"wp","href":"https:\/\/api.w.org\/{rel}","templated":true}]}}