{"id":6619,"date":"2021-12-04T03:38:59","date_gmt":"2021-12-04T02:38:59","guid":{"rendered":"http:\/\/www.infokuryr.cz\/n\/?p=6619"},"modified":"2021-12-04T03:38:59","modified_gmt":"2021-12-04T02:38:59","slug":"ministr-skolstvi","status":"publish","type":"post","link":"https:\/\/www.infokuryr.cz\/n\/2021\/12\/04\/ministr-skolstvi\/","title":{"rendered":"Ministr \u0161kolstv\u00ed"},"content":{"rendered":"<div id=\"fb-root\"><\/div>\n<p>Mysl\u00edm ne toho je\u0161t\u011b funguj\u00edc\u00edho, ale toho, co teprve p\u0159ijde. Toho, kter\u00fd \u010d\u00edm m\u00e9n\u011b vlastn\u00ed to, za\u010d by mohl b\u00fdt ct\u011bn i uzn\u00e1n, t\u00edm fanati\u010dt\u011bji o to uzn\u00e1n\u00ed usiluje. A kdy\u017e se mu ho v dostate\u010dn\u00e9 m\u00ed\u0159e a\u0165 u\u017e od jednotlivce, skupiny \u010di st\u00e1tu nedost\u00e1v\u00e1, \u0159\u00e1d\u00ed, jak koncem \u0159\u00edjna 2015 \u0159\u00e1dil a\u017e t\u00e9m\u011b\u0159 k po\u017eadavku vypov\u011bzen\u00ed v\u00e1lky \u010ceska Rusku. A to za ten h\u0159\u00edch, \u017ee si pracovn\u00edci moskevsk\u00e9ho leti\u0161t\u011b \u0160ereme\u0165jevo pot\u00e9, co zjistili, \u017ee na palub\u011b letadla je v\u00edc osob, ne je uvedeno na celn\u00ed soupisce, dovolili na p\u011bt hodin zdr\u017eet parlamentn\u00ed delegaci, m\u00ed\u0159\u00edc\u00ed pr\u00e1v\u011b pod veden\u00edm tohoto mu\u017ee do Uljanovska.<\/p>\n<p>N\u011bco takov\u00e9ho, a to nav\u00edc od Rus\u016f, pova\u017eoval ov\u0161em onen mu\u017e nikoli za \u00fa\u0159edn\u00ed v\u00fdkon, \u010di za jeho p\u0159ebujel\u00fd byrokratick\u00fd \u00falet, ale vzal v\u011bc jako \u00fatok rusk\u00fdch mu\u017eik\u016f na sv\u016fj majest\u00e1t. A \u0159\u00e1dil a st\u011b\u017eoval si na nev\u011bdom\u00e9 a surov\u00e9 Rusy s takovou vehemenc\u00ed, \u017ee kdyby tehdy z\u00e1le\u017eelo jen na n\u011bm, ocitl by se sv\u011bt nejpravd\u011bpodobn\u011bji ve stejn\u00e9 krizi, jakou byla krize karibsk\u00e1 z \u0159\u00edjna 1962.<\/p>\n<p>Tragick\u00e1 a nebezpe\u010dn\u00e1 figura, \u0159eknete si, a sou\u010dasn\u011b v\u00e1s uklidn\u00ed, \u017ee ta figura snad u\u017e nikdy nebude m\u00edt p\u0159\u00edle\u017eitost chrlit ohe\u0148, jakou m\u011bla tehdy v roce 2015 na moskevsk\u00e9m leti\u0161ti.. Co\u017e ov\u0161em, bohu\u017eel, plat\u00ed jen pokud nevezmeme v \u00favahu sou\u010dasn\u00fd probl\u00e9m s k\u00e1dry. Nejsou lidi na stavb\u00e1ch, ale nejsou lidi ani v politick\u00fdch stran\u00e1ch. A tak kdy\u017e se v jedn\u00e9 z t\u011bch stran uva\u017eovalo, z kter\u00e9ho Honzy \u010di Va\u0161ka bychom v nov\u00e9 vl\u00e1d\u011b mohli ud\u011blat nov\u00e9ho ministra \u0161kolstv\u00ed, do\u0161lo se k z\u00e1v\u011bru, \u017ee dosavadn\u00ed praxe b\u00fdval\u00e9ho u\u010ditele zem\u011bpisu a matematiky na z\u00e1kladn\u00ed \u0161kole je pro tuhle funkci jak u\u0161it\u00e1.<\/p>\n<p>A tak ten, kter\u00fd tak k\u0159e\u010dovit\u011b tou\u017e\u00ed po uzn\u00e1n\u00ed, se jakoby v jak\u00e9msi fantastick\u00e9m snu ocitne\u00a0 na prahu hlavn\u00ed m\u00edstnosti ministerstva, kter\u00e9 kdysi b\u00fdvalo pova\u017eov\u00e1no za nejfestov\u011bj\u0161\u00ed v\u00fdspu n\u00e1rodn\u00ed vzd\u011blanosti, a z tohoto titulu b\u00fdvali do jeho \u010dela povolov\u00e1n\u00ed lid\u00e9 z n\u00e1roda i z vl\u00e1dy nejduchovn\u011bj\u0161\u00ed. Lid\u00e9 s p\u0159irozenou autoritou, zkr\u00e1tka takov\u00ed, kte\u0159\u00ed kdy\u017e promluv\u00ed, ostatn\u00ed ztichnou.. Postavy, jakou nap\u0159. byl politik, novin\u00e1\u0159, pr\u00e1vn\u00edk, vysoko\u0161kolsk\u00fd pedagog, nositel \u0158\u00e1du Tom\u00e1\u0161e Masaryka, ministr \u0161kolstv\u00ed v letech 1946-48 ve vl\u00e1d\u011b obnoven\u00e9 \u010ceskoslovensk\u00e9 republiky a popul\u00e1rn\u00ed koment\u00e1tor \u010desk\u00e9ho rozhlasu BBC z Lond\u00fdna JUDr. Jaroslav Str\u00e1nsk\u00fd (jeho Hovory k domovu vy\u0161ly na 502 stran\u00e1ch v r. 1945 kni\u017en\u011b).<\/p>\n<p>A te\u010f vyklo\u0148me, pros\u00edm, oblouk od toho, co bylo, k tomu, co je. Dejme si k sob\u011b d\u00edlo ministra b\u00fdval\u00e9ho a d\u00edlo ministra budouc\u00edho, a p\u0159ilo\u017eme vedle sebe i fotografie obou t\u011bchto mu\u017e\u016f. Sledujme rysy jejich tv\u00e1\u0159\u00ed, a s v\u011bdom\u00edm, \u017ee po \u010dty\u0159ic\u00edtce, si za n\u011b u\u017e m\u016f\u017eeme sami, zapla\u010dme v\u0161ichni spole\u010dn\u011b nad t\u00edm, kam a\u017e jsme dodne\u0161ka do\u0161li.<\/p>\n<p>A to, bohu\u017eel, nejen na ministerstvu \u0161kolstv\u00ed.<\/p>\n<p>Lubom\u00edr Man<\/p>\n<p><img decoding=\"async\" loading=\"lazy\" class=\"alignnone size-full wp-image-860\" src=\"http:\/\/www.infokuryr.cz\/n\/wp-content\/uploads\/2021\/04\/lub_man.jpg\" alt=\"\" width=\"143\" height=\"200\" \/><\/p>\n<p>&nbsp;<\/p>\n<p>&nbsp;<\/p>\n","protected":false},"excerpt":{"rendered":"<p>Mysl\u00edm ne toho je\u0161t\u011b funguj\u00edc\u00edho, ale toho, co teprve p\u0159ijde. Toho, kter\u00fd \u010d\u00edm m\u00e9n\u011b vlastn\u00ed&#8230;<\/p>\n","protected":false},"author":2,"featured_media":6620,"comment_status":"closed","ping_status":"closed","sticky":false,"template":"","format":"standard","meta":[],"categories":[6],"tags":[1543,29,458],"_links":{"self":[{"href":"https:\/\/www.infokuryr.cz\/n\/wp-json\/wp\/v2\/posts\/6619"}],"collection":[{"href":"https:\/\/www.infokuryr.cz\/n\/wp-json\/wp\/v2\/posts"}],"about":[{"href":"https:\/\/www.infokuryr.cz\/n\/wp-json\/wp\/v2\/types\/post"}],"author":[{"embeddable":true,"href":"https:\/\/www.infokuryr.cz\/n\/wp-json\/wp\/v2\/users\/2"}],"replies":[{"embeddable":true,"href":"https:\/\/www.infokuryr.cz\/n\/wp-json\/wp\/v2\/comments?post=6619"}],"version-history":[{"count":0,"href":"https:\/\/www.infokuryr.cz\/n\/wp-json\/wp\/v2\/posts\/6619\/revisions"}],"wp:featuredmedia":[{"embeddable":true,"href":"https:\/\/www.infokuryr.cz\/n\/wp-json\/wp\/v2\/media\/6620"}],"wp:attachment":[{"href":"https:\/\/www.infokuryr.cz\/n\/wp-json\/wp\/v2\/media?parent=6619"}],"wp:term":[{"taxonomy":"category","embeddable":true,"href":"https:\/\/www.infokuryr.cz\/n\/wp-json\/wp\/v2\/categories?post=6619"},{"taxonomy":"post_tag","embeddable":true,"href":"https:\/\/www.infokuryr.cz\/n\/wp-json\/wp\/v2\/tags?post=6619"}],"curies":[{"name":"wp","href":"https:\/\/api.w.org\/{rel}","templated":true}]}}