{"id":66183,"date":"2024-11-14T05:32:35","date_gmt":"2024-11-14T04:32:35","guid":{"rendered":"https:\/\/www.infokuryr.cz\/n\/?p=66183"},"modified":"2024-11-14T05:32:35","modified_gmt":"2024-11-14T04:32:35","slug":"nova-era-zdravotni-pece-pro-ceske-pacienty-zubari-ivan-oleksandra-jelena-amir","status":"publish","type":"post","link":"https:\/\/www.infokuryr.cz\/n\/2024\/11\/14\/nova-era-zdravotni-pece-pro-ceske-pacienty-zubari-ivan-oleksandra-jelena-amir\/","title":{"rendered":"Nov\u00e1 \u00e9ra \u201ezdravotn\u00ed p\u00e9\u010de\u201c pro \u010desk\u00e9 pacienty. \u201eZuba\u0159i\u201c: Ivan, Oleksandra, Jelena, Amir\u2026"},"content":{"rendered":"<div id=\"fb-root\"><\/div>\n<h2 class=\"entry-title\"><span style=\"font-size: 14pt;\">\u010ce\u0161i p\u0159ipravte si pen\u011b\u017eenky a neptejte se na povolen\u00ed k praxi. Bl\u00ed\u017e\u00edme se Ji\u017en\u00ed Americe, nebo Banglad\u00e9\u0161i? Na p\u0159edra\u017een\u00e9 zbrojn\u00ed zak\u00e1zky a pro Ukrajinu pen\u00edze jsou, na v\u00fdchovu \u010desk\u00fdch zuba\u0159\u016f ne!<\/span><\/h2>\n<p><strong>Pokud hled\u00e1te ve v\u011bt\u0161\u00edm \u010desk\u00e9m m\u011bst\u011b zuba\u0159e, asi budete \u0161okov\u00e1ni jako j\u00e1.<\/strong>\u00a0Hled\u00e1m aktu\u00e1ln\u011b novou zubn\u00ed ordinaci pro syna (14) a telefon\u00e1t do n\u011bkolika ordinac\u00ed v m\u00e9m okol\u00ed m\u00e9 \u0161okoval.\u00a0<strong>Volno maj\u00ed pouze ne\u010de\u0161t\u00ed l\u00e9ka\u0159i.<\/strong><\/p>\n<p><strong>Podle diskuze s obvykle ne\u010desky mluv\u00edc\u00edm person\u00e1lem a n\u00e1sledn\u00e9mu pohledu na webov\u00e9 str\u00e1nky se jedn\u00e1 t\u00e9m\u011b\u0159 v\u017edy o l\u00e9ka\u0159e cizince. P\u0159eva\u017euj\u00ed jm\u00e9na jako Ivan, Oleg, Oleksandra, Jelena, ale i Amir a dal\u0161\u00ed exotika. Na moj\u00ed ot\u00e1zku, zda pan doktor mluv\u00ed \u010desky dost\u00e1v\u00e1m neur\u010ditou odpov\u011b\u010f \u201edomluv\u00ed se\u201c.\u00a0<\/strong>Na ot\u00e1zku, zda\u00a0<strong>m\u00e1 licenci schv\u00e1lenou min, zdravotnictv\u00ed je reakce zav\u011b\u0161en\u00ed telefonu, z toho soud\u00edm, \u017ee nem\u00e1. Mo\u017en\u00e1 pr\u00e1v\u011b proto \u017e\u00e1dn\u00e1 z nich nepracuje s poji\u0161\u0165ovnami, o\u0161et\u0159en\u00ed je pouze za hotovost. Ministerstvo zdravotnictv\u00ed o tom mus\u00ed v\u011bd\u011bt, ale \u201ep\u0159ekvapiv\u011b\u201c nic ned\u011bl\u00e1.<\/strong><\/p>\n<p>Pokud jste \u201ecizinec\u201c, tak si v \u010cR m\u016f\u017eete d\u011blat, co chcete. Z\u00e1kony zem\u011b pro v\u00e1s neplat\u00ed.<\/p>\n<p>To je dne\u0161n\u00ed realita zdravotn\u00ed p\u00e9\u010de o \u010deskou populaci.\u00a0<strong>Milion \u010cech\u016f nem\u00e1 praktika, zuba\u0159e, pediatra\u2026 P\u0159edstavitele re\u017eimu (vl\u00e1du) to nijak nezaj\u00edm\u00e1, je\u0161t\u011b se \u010cech\u016fm posm\u00edv\u00e1, jak se maj\u00ed dob\u0159e a \u017ee by se m\u011bla \u017eivotn\u00ed \u00farove\u0148 \u010cech\u016f sn\u00ed\u017eit.<\/strong>\u00a0Tuhle kv\u016fli v\u00e1lce na Ukrajin\u011b, t\u00e1mhle Africe, klimatu atd.<\/p>\n<p><strong>\u0158e\u0161en\u00ed by bylo velmi jednoduch\u00e9. Nav\u00fd\u0161it kapacit na LF, kde by podm\u00ednkou studia zdarma byla n\u00e1sledn\u00e1 povinnost pracovat t\u0159eba 10 let pro pacienty na poji\u0161\u0165ovnu, L\u00e9ka\u0159i by \u017e\u00e1dnou chudobou netrp\u011bli, st\u00e1lo by to p\u00e1r stovek milion\u016f.\u00a0<\/strong>Co to je, proti stovk\u00e1m miliard vyd\u00e1van\u00fdch na p\u0159edra\u017een\u00e9 zbrojn\u00ed zak\u00e1zky, nebo sypan\u00e9 na Ukrajinu.\u00a0<strong>Jen\u017ee to by vl\u00e1dnouc\u00ed re\u017eim musel m\u00edt alespo\u0148 n\u011bjakou empatii pro\u010desk\u00fd n\u00e1rod a tu nem\u00e1.<\/strong><\/p>\n<p>Tohle je realita dne\u0161n\u00edho \u010ceska,\u00a0<strong>Zem\u011b rychle sm\u011b\u0159uje k rozvojov\u00fdm zem\u00edm typu Ji\u017en\u00ed Amerika, kter\u00e9 jsou koloni\u00ed ciz\u00edch mocnost\u00ed. Kde v\u011bt\u0161ina obyvatelstva je chud\u00e1 a nem\u00e1 na z\u00e1kladn\u00ed \u017eivotn\u00ed pot\u0159eby, zemi ovl\u00e1d\u00e1 \u00fazk\u00e1 vrstva boh\u00e1\u010d\u016f slou\u017e\u00edc\u00ed ciz\u00edm p\u00e1n\u016fm. \u201eVizitkou\u201c chud\u00fdch jsou tam pr\u00e1v\u011b \u0161patn\u00e9 zuby. \u010casem mo\u017en\u00e1 dojde i na Banglad\u00e9\u0161, kde miliony lid\u00ed b\u011b\u017en\u011b hladov\u00ed a nemal\u00e1 \u010d\u00e1st d\u011bt\u00ed um\u0159e p\u0159i porodu, proto\u017ee rodi\u010de nemaj\u00ed pen\u00edze na z\u00e1kladn\u00ed zdravotn\u00ed p\u00e9\u010di.<\/strong><\/p>\n<p>Tohle jsme jako \u010ce\u0161i v roce 1989 cht\u011bli?<\/p>\n<p><a href=\"https:\/\/ceskavec.com\/2024\/11\/nova-era-zdravotni-pece-pro-ceske-pacienty-lekari-ivan-oleksandra-jelena-amir-cesi-pripravte-si-penezenky-a-neptejte-se-na-povoleni-k-praxi-blizime-se-jizni-americe-nebo-bangladesi\">Tereza M.<\/a><\/p>\n<p>&nbsp;<\/p>\n","protected":false},"excerpt":{"rendered":"<p>\u010ce\u0161i p\u0159ipravte si pen\u011b\u017eenky a neptejte se na povolen\u00ed k praxi. Bl\u00ed\u017e\u00edme se Ji\u017en\u00ed Americe,&#8230;<\/p>\n","protected":false},"author":2,"featured_media":66184,"comment_status":"closed","ping_status":"closed","sticky":false,"template":"","format":"standard","meta":[],"categories":[6],"tags":[506,1503,630,525,4252],"_links":{"self":[{"href":"https:\/\/www.infokuryr.cz\/n\/wp-json\/wp\/v2\/posts\/66183"}],"collection":[{"href":"https:\/\/www.infokuryr.cz\/n\/wp-json\/wp\/v2\/posts"}],"about":[{"href":"https:\/\/www.infokuryr.cz\/n\/wp-json\/wp\/v2\/types\/post"}],"author":[{"embeddable":true,"href":"https:\/\/www.infokuryr.cz\/n\/wp-json\/wp\/v2\/users\/2"}],"replies":[{"embeddable":true,"href":"https:\/\/www.infokuryr.cz\/n\/wp-json\/wp\/v2\/comments?post=66183"}],"version-history":[{"count":0,"href":"https:\/\/www.infokuryr.cz\/n\/wp-json\/wp\/v2\/posts\/66183\/revisions"}],"wp:featuredmedia":[{"embeddable":true,"href":"https:\/\/www.infokuryr.cz\/n\/wp-json\/wp\/v2\/media\/66184"}],"wp:attachment":[{"href":"https:\/\/www.infokuryr.cz\/n\/wp-json\/wp\/v2\/media?parent=66183"}],"wp:term":[{"taxonomy":"category","embeddable":true,"href":"https:\/\/www.infokuryr.cz\/n\/wp-json\/wp\/v2\/categories?post=66183"},{"taxonomy":"post_tag","embeddable":true,"href":"https:\/\/www.infokuryr.cz\/n\/wp-json\/wp\/v2\/tags?post=66183"}],"curies":[{"name":"wp","href":"https:\/\/api.w.org\/{rel}","templated":true}]}}