{"id":66175,"date":"2024-11-14T05:02:39","date_gmt":"2024-11-14T04:02:39","guid":{"rendered":"https:\/\/www.infokuryr.cz\/n\/?p=66175"},"modified":"2024-11-14T05:02:39","modified_gmt":"2024-11-14T04:02:39","slug":"valka-je-zivitelka-narodu-na-hrane-ekonomickeho-kolapsu","status":"publish","type":"post","link":"https:\/\/www.infokuryr.cz\/n\/2024\/11\/14\/valka-je-zivitelka-narodu-na-hrane-ekonomickeho-kolapsu\/","title":{"rendered":"V\u00e1lka je \u017eivitelka n\u00e1rod\u016f na hran\u011b ekonomick\u00e9ho kolapsu!"},"content":{"rendered":"<div id=\"fb-root\"><\/div>\n<h4>V\u00e1lka je \u017eivitelka n\u00e1rod\u016f na hran\u011b ekonomick\u00e9ho kolapsu! Hrozba bankrotu pr\u016fmyslu vede \u0161\u00e9fa CDU k v\u00e1lce s Ruskem, kter\u00e9mu za\u010dal vyhro\u017eovat ultim\u00e1tem! Z ulic Kyjeva zazn\u00edvaj\u00ed zpr\u00e1vy Tagesschau o stra\u0161n\u00e9 situaci Ukrajiny na front\u011b! A n\u00e1hon\u010d\u00ed AFU u\u017e vyhro\u017euj\u00ed Ukrajinc\u016fm vyhnanstv\u00edm do EU, kdy\u017e necht\u011bj\u00ed bojovat!<\/h4>\n<p>V syst\u00e9mu konceptu\u00e1ln\u00ed gramotnosti plat\u00ed jedna velice d\u011bsiv\u00e1 pou\u010dka z historie, \u017ee v\u00e1lka je \u017eivitelkou n\u00e1rod\u016f na hran\u011b ekonomick\u00e9ho kolapsu. V\u0161echny re\u017eimy a imp\u00e9ria, kter\u00e1 se historicky dostanou na hranu sv\u00e9ho kolapsu, maj\u00ed tendenci zachr\u00e1nit svoji existenci vojenskou expanz\u00ed, v\u00e1lkou a nad\u011bjemi na vojensk\u00e9 velkolep\u00e9 v\u00edt\u011bzstv\u00ed, kter\u00e9 zachr\u00e1n\u00ed ekonomiku.<\/p>\n<p><strong>P\u0159esn\u011b k tomu nyn\u00ed doch\u00e1z\u00ed v N\u011bmecku, kde se mezi lidmi i ekonomy za\u010d\u00ednaj\u00ed \u0161\u00ed\u0159it d\u011bsiv\u00e9 zpr\u00e1vy o hrozb\u011b bankrotu nejv\u011bt\u0161\u00ed automobilky na sv\u011bt\u011b, tedy n\u011bmeck\u00e9ho Volkswagenu<\/strong>, kter\u00e9mu se propadly za minul\u00fd rok tr\u017eby o d\u011bsiv\u00fdch 60% a firma ozn\u00e1mila\u00a0<strong>[<a href=\"https:\/\/href.li\/?https:\/\/www.politico.eu\/article\/volkswagen-eyes-closure-three-german-plants-says-works-council\/\" target=\"_blank\" rel=\"nofollow noopener\">1<\/a>]<\/strong>, \u017ee zav\u0159e t\u0159i fabriky a propust\u00ed minim\u00e1ln\u011b 70 000 zam\u011bstnanc\u016f. A tento krach by s sebou strhl celou n\u011bmeckou ekonomiku.<\/p>\n<p>&nbsp;<\/p>\n<div id=\"rumble_v5mpjq8\">\n<div id=\"vid_v5mpjq8\" class=\"rumble_v5mpjq8-Rumble-cls\" tabindex=\"-1\">\n<div class=\"bigPlayUI ctp\"><div class='videoWrapper'>\r\n\t            <iframe src='https:\/\/rumble.com\/embed\/pj.v5mpjq8\/' frameborder='0' allowfullscreen><\/iframe>\r\n\t        <\/div><\/p>\n<div class=\"bigPlayUIInner ctp\"><\/div>\n<\/div>\n<\/div>\n<\/div>\n<p>&nbsp;<\/p>\n<p>D\u016fvodem kolapsu firmy je s\u00e1zka na jednu kartu, kter\u00e1 nevy\u0161la \u2013 na elektromobilitu, kter\u00e1 tady v N\u011bmecku m\u011bla b\u00fdt zalo\u017eena na v\u00fdrob\u011b lacin\u00e9 energie v plynov\u00fdch elektr\u00e1rn\u00e1ch spaluj\u00edc\u00edch lacin\u00fd rusk\u00fd zemn\u00ed plyn. Na tuto budoucnost vsadil cel\u00fd n\u011bmeck\u00fd automobilov\u00fd pr\u016fmysl a spolu s n\u00edm v\u00edce ne\u017e 15 000 subdodavatelsk\u00fdch firem, kter\u00e9 dod\u00e1vaj\u00ed n\u011bmeck\u00fdm automobilk\u00e1m sub-produkci, tedy sou\u010d\u00e1stky, ze kter\u00fdch automobilky montuj\u00ed auta. Stoj\u00ed na tom cel\u00fd n\u011bmeck\u00fd pr\u016fmysl.<\/p>\n<p>V\u00e1lka na Ukrajin\u011b a zni\u010den\u00ed plynovod\u016f Nord Stream spole\u010dn\u011b s likvidac\u00ed dod\u00e1vek lacin\u00e9 rusk\u00e9 \u017eelezn\u00e9 rudy, hlin\u00edku a ropy, co\u017e jsou nezbytn\u00e9 suroviny pro chod pr\u016fmyslu v Por\u016f\u0159\u00ed, zp\u016fsobila kolaps n\u011bmeck\u00e9 ekonomiky, kter\u00fd se p\u0159enese i do \u010cR, na Slovensko, do Ma\u010farska, Bulharska a Rumunska, do jednotliv\u00fdch z\u00e1vod\u016f a pobo\u010dkov\u00fdch provoz\u016f koncernu VW. Je to jen ot\u00e1zka \u010dasu.<\/p>\n<h6><span style=\"font-size: 18pt;\">Budouc\u00ed kancl\u00e9\u0159 N\u011bmecka za\u010dal vyhro\u017eovat Rusku raketov\u00fdmi \u00fadery. Je to potvrzen\u00edm, \u017ee n\u011bmeck\u00e1 ekonomika dos\u00e1hla bodu kolapsu<\/span><\/h6>\n<p>A pr\u00e1v\u011b v t\u00e9to chv\u00edli padla n\u011bmeck\u00e1 vl\u00e1da kv\u016fli roztr\u017ece v koalici ohledn\u011b st\u00e1tn\u00edho rozpo\u010dtu a vyzbrojov\u00e1n\u00ed Ukrajiny\u00a0<strong>[<a href=\"https:\/\/aeronet.news\/protiruske-sankce-funguji-nemecka-vladni-koalice-olafa-scholze-se-kvuli-zpetnym-dopadum-sankci-na-nemeckou-ekonomiku-rozpadla-balik-3-miliard-eur-pro-ukrajinu-neprosel\/\">2<\/a>]<\/strong>. P\u0159ed\u010dasn\u00e9 volby se o\u010dek\u00e1vaj\u00ed na ja\u0159e a favoritem je CDU, v jej\u00edm\u017e \u010dele je\u00a0<strong>Friedrich Merz, kter\u00fd u\u017e znovu a pon\u011bkolik\u00e1t\u00e9 prohl\u00e1sil [<a href=\"https:\/\/href.li\/?https:\/\/www.novinky.cz\/clanek\/zahranicni-evropa-favorit-nemeckych-voleb-putin-dostane-ultimatum-jinak-dodame-ukrajine-rakety-dlouheho-doletu-40497022\" target=\"_blank\" rel=\"nofollow noopener\">3<\/a>], \u017ee pokud vyhraje volby, tak\u00a0d\u00e1 Putinovi 24-hodinov\u00e9 ultim\u00e1tum na zastaven\u00ed v\u00e1lky, jinak N\u011bmecko dod\u00e1 Ukrajin\u011b rakety dlouh\u00e9ho doletu Taurus<\/strong>\u00a0a Berl\u00edn d\u00e1 povolen\u00ed Ukrajin\u011b k jejich pou\u017eit\u00ed proti Rusku.<\/p>\n<p>Nen\u00ed to nov\u00fd v\u00fdrok. P\u0159inesli jsme \u010dl\u00e1nek\u00a0<strong>[<a href=\"https:\/\/aeronet.news\/zelensky-predstavil-v-evropske-rade-plan-vitezstvi-a-na-tiskove-konferenci-dal-bruselu-ultimatum-bud-bude-ukrajina-v-nato-anebo-si-znovu-opatrime-jaderne-zbrane-ted-jsme-si-vybrali-nato\/\">4<\/a>]\u00a0<\/strong>o tom, \u017ee tuto v\u00fdhr\u016f\u017eku toti\u017e uvedl\u00a0ji\u017e p\u0159ed 3 t\u00fddny v Bundestagu. Rakety jsou p\u0159itom nav\u00e1d\u011bny za letu odtud z N\u011bmecka p\u0159es satelity NATO. Jednalo by se tak o \u00fader raketami NATO proti jadern\u00e9 velmoci. A pro\u010d Merz p\u0159i\u0161el s takovou v\u00fdhr\u016f\u017ekou? Proto\u017ee n\u011bmeck\u00e1 ekonomika je na tom tak \u0161patn\u011b, \u017ee ji m\u016f\u017ee zachr\u00e1nit jen velk\u00e1 v\u00e1lka s Ruskem a vidina v\u00edt\u011bzstv\u00ed a obrovsk\u00fdch zdroj\u016f na Ukrajin\u011b.<\/p>\n<p>&nbsp;<\/p>\n<div id=\"rumble_v5gsni5\">\n<div id=\"vid_v5gsni5\" class=\"rumble_v5gsni5-Rumble-cls\" tabindex=\"-1\">\n<div class=\"bigPlayUI ctp\"><div class='videoWrapper'>\r\n\t            <iframe src='https:\/\/rumble.com\/embed\/pj.v5gsni5\/' frameborder='0' allowfullscreen><\/iframe>\r\n\t        <\/div><\/p>\n<div class=\"bigPlayUIInner ctp\"><\/div>\n<\/div>\n<\/div>\n<\/div>\n<p>&nbsp;<\/p>\n<p>Fantastick\u00e1 a utopick\u00e1 chim\u00e9ra por\u00e1\u017eky Ruska. Znovu tedy se potvrzuje to zn\u00e1m\u00e9, \u017ee v\u00e1lka je \u017eivitelka v\u0161ech n\u00e1rod\u016f na hran\u011b ekonomick\u00e9ho kolapsu. Po zvolen\u00ed Donalda Trumpa do\u0161lo tady v N\u011bmecku ke zjevn\u00e9mu obratu v narativu m\u00e9di\u00ed. Zpravodajsk\u00fd WRD Tagesschau p\u0159inesl t\u0159eba report\u00e1\u017e z Kyjeva, viz video v \u00favodu \u010dl\u00e1nku, kde redaktorka vyl\u00ed\u010dila, \u017ee v Kyjev\u011b to vypad\u00e1 \u00fapln\u011b jinak ne\u017e na front\u011b, kde je situace opravdu \u0161patn\u00e1, AFU pr\u00fd chyb\u00ed zbran\u011b, munice a hlavn\u011b voj\u00e1ci, kter\u00fdch je m\u00e1lo a mnoz\u00ed ut\u00edkaj\u00ed a p\u00e1chaj\u00ed sebevra\u017edy. Pou\u0161t\u011bt takov\u00e9 zpr\u00e1vy do n\u011bmeck\u00e9ho \u00e9teru bylo je\u0161t\u011b ned\u00e1vno nemysliteln\u00e9 a dokonce to bylo ozna\u010dov\u00e1no za ruskou propagandu.<\/p>\n<h6><span style=\"font-size: 18pt;\">\u010c\u00edm umo\u0159\u00ed Ukrajina sv\u00e9 v\u00e1le\u010dn\u00e9 dluhy?<\/span><\/h6>\n<p>Po zvolen\u00ed Trumpa je ale v\u0161echno jinak. Ameri\u010dan\u00e9 toti\u017e jsou opravdu na cest\u011b ven z ukrajinsk\u00e9ho konfliktu a Donald Trump pot\u00e9, co zjist\u00ed, \u017ee jeho pl\u00e1n na m\u00edr prost\u011b nefunguje, se st\u00e1hne a p\u0159enese v\u00e1lku na Ukrajin\u011b na bedra zem\u00ed EU a Velk\u00e9 Brit\u00e1nie.\u00a0<strong>P\u0159itom je naprosto zjevn\u00e9, \u017ee na Ukrajin\u011b chyb\u00ed p\u0159edev\u0161\u00edm voj\u00e1ci, kter\u00e9 prost\u011b nejde nahradit v\u00edce zbran\u011bmi nebo v\u011bt\u0161\u00edm objemem munice.<\/strong>\u00a0Pen\u00edze na v\u00e1lku v n\u011bjak\u00e9 chv\u00edli nebudou sta\u010dit proto, \u017ee za n\u011b nep\u016fjde koupit to hlavn\u00ed \u2013 lidsk\u00e1 bojov\u00e1 s\u00edla! Krom\u011b toho, na Ukrajinu za\u010dnou tla\u010dit v\u011b\u0159itel\u00e9 ze z\u00e1padu a Ukrajina bude muset z n\u011b\u010deho umo\u0159ovat dluhy.<\/p>\n<figure id=\"attachment_59974\" class=\"wp-caption aligncenter\" style=\"width: 685px;\"><a href=\"https:\/\/aeronet.news\/wp-content\/uploads\/ZelenskyBankovaStreet.jpg\"><img decoding=\"async\" loading=\"lazy\" class=\"wp-image-59974 \" src=\"https:\/\/aeronet.news\/wp-content\/uploads\/ZelenskyBankovaStreet-1024x682.jpg\" sizes=\"(max-width: 700px) 100vw, 700px\" srcset=\"https:\/\/aeronet.news\/wp-content\/uploads\/ZelenskyBankovaStreet-1024x682.jpg 1024w, https:\/\/aeronet.news\/wp-content\/uploads\/ZelenskyBankovaStreet-300x200.jpg 300w, https:\/\/aeronet.news\/wp-content\/uploads\/ZelenskyBankovaStreet-768x511.jpg 768w, https:\/\/aeronet.news\/wp-content\/uploads\/ZelenskyBankovaStreet-700x466.jpg 700w, https:\/\/aeronet.news\/wp-content\/uploads\/ZelenskyBankovaStreet-536x357.jpg 536w, https:\/\/aeronet.news\/wp-content\/uploads\/ZelenskyBankovaStreet-726x483.jpg 726w, https:\/\/aeronet.news\/wp-content\/uploads\/ZelenskyBankovaStreet.jpg 1280w\" alt=\"\" width=\"685\" height=\"456\" \/><\/a><figcaption class=\"wp-caption-text\">\u0414\u0430\u0432\u0430\u0439 \u0434\u0435\u043d\u044c\u0433\u0438!<\/figcaption><\/figure>\n<p>Rusov\u00e9 na front\u011b postupuj\u00ed ka\u017ed\u00fd den a ukusuj\u00ed Ukrajin\u011b dal\u0161\u00ed a dal\u0161\u00ed des\u00edtky kilometr\u016f \u010dtvere\u010dn\u00edch z \u00fazem\u00ed Ukrajiny. Nemus\u00ed se to zd\u00e1t moc, ale kdy\u017e to takto jde ka\u017ed\u00fd den, tak za m\u011bs\u00edc je to jeden okres, za t\u0159i m\u011bs\u00edce velikost kraje na \u010desk\u00e9 pom\u011bry, a i kdy\u017e Ukrajina je obrovsk\u00e1 zem\u011b, tak nen\u00ed tak velk\u00e1, aby si mohla dovolit ztr\u00e1cet takov\u00e1 rozlehl\u00e1 \u00fazem\u00ed a m\u011bsta. Tak nap\u0159. m\u011bsto Toreck je t\u011bsn\u011b p\u0159ed dobyt\u00edm Ruskou arm\u00e1dou, hlavn\u00ed okresn\u00ed m\u011bsto tzv. Toreck\u00e9ho okresu. P\u0159edt\u00edm padlo okresn\u00ed m\u011bsto Pokrovsk. S ka\u017ed\u00fdm takov\u00fdm m\u011bstem a okresem ztr\u00e1c\u00ed Ukrajina cenn\u00e9 pozemky, kter\u00fdmi by mohla umo\u0159it v\u00e1le\u010dn\u00e9 dluhy.<\/p>\n<h6><span style=\"font-size: 18pt;\">Geni\u00e1ln\u00ed n\u00e1pad, jak umo\u0159it v\u00e1le\u010dn\u00e9 dluhy Ukrajiny \u2013 zn\u00e1rodn\u00edme nemovitosti t\u011bch, kte\u0159\u00ed necht\u011bj\u00ed bojovat!<\/span><\/h6>\n<p>Takto Ukrajina p\u0159ich\u00e1z\u00ed o jednotliv\u00e9 okresy a v dohledu nen\u00ed zastaven\u00ed tohoto postupu, proto\u017ee v dohledu nejsou velk\u00e9 lidsk\u00e9 posily AFU, ani velk\u00e9 posily v po\u010dtu zbran\u00ed, munice, d\u011bl, letadel a vrtuln\u00edk\u016f. Ukrajina m\u00e1 tak p\u0159ed sebou jenom pomalou por\u00e1\u017eku, kter\u00e1 se kdykoli m\u016f\u017ee zrychlit. A proto nen\u00ed divu, \u017ee na ukrajinsk\u00e9 televizi se u\u017e po zvolen\u00ed Trumpa po\u0159\u00e1daj\u00ed analytick\u00e9 seance, kde se pokl\u00e1daj\u00ed ot\u00e1zky, pro\u010d Ukrajina u\u017e nem\u00e1 voj\u00e1ky, pro\u010d u\u017e Ukrajinci nemaj\u00ed nad\u0161en\u00ed do v\u00e1lky, pro\u010d se nehl\u00e1s\u00ed s nad\u0161en\u00edm na frontu, kde se stala chyba p\u0159i ofenz\u00edv\u011b na po\u010d\u00e1tku \u010dervna 2023, kter\u00e1 m\u011bla p\u0159in\u00e9st obrat ve v\u00e1lce, a pro\u010d se lid\u00e9 vyh\u00fdbaj\u00ed odvod\u016fm a necht\u011bj\u00ed p\u0159isp\u00edvat do fond\u016f AFU na v\u00e1lku.<\/p>\n<p>&nbsp;<\/p>\n<div id=\"rumble_v5mpmgz\">\n<div id=\"vid_v5mpmgz\" class=\"rumble_v5mpmgz-Rumble-cls\" tabindex=\"-1\">\n<div class=\"bigPlayUI ctp\"><div class='videoWrapper'>\r\n\t            <iframe src='https:\/\/rumble.com\/embed\/pj.v5mpmgz\/' frameborder='0' allowfullscreen><\/iframe>\r\n\t        <\/div><\/p>\n<div class=\"bigPlayUIInner ctp\"><\/div>\n<\/div>\n<\/div>\n<\/div>\n<p>&nbsp;<\/p>\n<p>Jeden z velitel\u016f AFU na to reagoval na ukrajinsk\u00e9 televizi slovy, \u017ee kdy\u017e tito lid\u00e9 necht\u011bj\u00ed j\u00edt na frontu a ani necht\u011bj\u00ed p\u0159isp\u00edvat na chod v\u00e1lky sv\u00fdmi dary, tak a\u0165 prost\u011b jdou a odejdou do zahrani\u010d\u00ed, ale a\u0165 se u\u017e nevrac\u00ed. De facto je to nov\u00fd pl\u00e1n, jak donutit Ukrajince k mobilizaci, ale v\u011bt\u0161ina stejn\u011b zvol\u00ed odchod do EU. Ve chv\u00edli, kdy na ukrajinsk\u00e9 televizi ji\u017e rezignovan\u011b zazn\u00edvaj\u00ed n\u00e1vrhy, a\u0165 lid\u00e9 vypadnou z Ukrajiny, pokud necht\u011bj\u00ed bojovat, tak je jasn\u00e9, \u017ee situace AFU je ji\u017e natolik kritick\u00e1, \u017ee u\u017e nemaj\u00ed snahu o mobilizaci.<\/p>\n<p>Prost\u011b ty Ukrajince donut\u00ed bu\u010f j\u00edt na frontu do masoml\u00fdna, anebo je vy\u017eenou do vyhnanstv\u00ed v EU a na Ukrajin\u011b jim alespo\u0148 zn\u00e1rodn\u00ed majetek, kter\u00fd prodaj\u00ed a v\u00fdt\u011b\u017eek pou\u017eij\u00ed na v\u00e1le\u010dn\u00e9 \u00fasil\u00ed, p\u0159\u00edpadn\u011b na splacen\u00ed dluh\u016f z\u00e1padn\u00edm v\u011b\u0159itel\u016fm. A dovedu si p\u0159edstavit, \u017ee zn\u00e1rodn\u011bn\u00edm majetk\u016f Ukrajinc\u016f neochotn\u00fdch bojovat by se zabily dv\u011b mouchy jednou ranou.<\/p>\n<h6><span style=\"font-size: 18pt;\">Umo\u0159en\u00ed ukrajinsk\u00fdch dluh\u016f nemovitostmi vyhnan\u00fdch Ukrajinc\u016f je mistrovsk\u00fd pl\u00e1n!<\/span><\/h6>\n<p>Jednak by do\u0161lo k depopulaci Ukrajiny v z\u00e1jmu nov\u00fdm majitel\u016f Ukrajiny, a sou\u010dasn\u011b by do\u0161lo ke snadn\u00e9mu p\u0159evodu zn\u00e1rodn\u011bn\u00fdch pozemk\u016f do rukou z\u00e1padn\u00edch v\u011b\u0159itel\u016f. Vlastn\u011b by t\u00edm z\u00e1padn\u00ed v\u011b\u0159itel\u00e9 k t\u011bm majetk\u016fm a k p\u016fd\u011b p\u0159i\u0161li zadarmo. Ukrajina vy\u017eene Ukrajince do vyhnanstv\u00ed do EU pod z\u00e1minkou, \u017ee nejsou vlastenci a necht\u011bj\u00ed bojovat za svoji zemi.<\/p>\n<p><strong>Zat\u00edmco na Ukrajin\u011b po nich z\u016fstanou nemovitosti a pozemky, kter\u00e9 Ukrajina pou\u017eije na umo\u0159ov\u00e1n\u00ed v\u00e1le\u010dn\u00fdch p\u016fj\u010dek, na kter\u00e9 by jinak nem\u011bla pen\u00edze.<\/strong>\u00a0Tahle d\u011bsiv\u00e1 ekonomick\u00e1 kalkulace tak najednou d\u00e1v\u00e1 hroziv\u00fd smysl, pro\u010d ten n\u00e1hon\u010d\u00ed AFU na ukrajinsk\u00e9 televizi takto spokojen\u011b navrhl, a\u0165 ti lid\u00e9 odejdou do EU a u\u017e se nevrac\u00ed. V\u00e1lka a\u017e na kost, Ukrajinci vyhnan\u00ed z domov\u016f do EU, ukrajinizace Evropy a n\u011bmeck\u00e9 rakety st\u0159\u00edlen\u00e9 na Rusko.<\/p>\n<figure id=\"attachment_61648\" class=\"wp-caption aligncenter\" style=\"width: 684px;\"><a href=\"https:\/\/aeronet.news\/wp-content\/uploads\/Taurus-CruiseMissileHD.jpg\"><img decoding=\"async\" loading=\"lazy\" class=\"wp-image-61648 \" src=\"https:\/\/aeronet.news\/wp-content\/uploads\/Taurus-CruiseMissileHD-1024x576.jpg\" sizes=\"(max-width: 700px) 100vw, 700px\" srcset=\"https:\/\/aeronet.news\/wp-content\/uploads\/Taurus-CruiseMissileHD-1024x576.jpg 1024w, https:\/\/aeronet.news\/wp-content\/uploads\/Taurus-CruiseMissileHD-300x169.jpg 300w, https:\/\/aeronet.news\/wp-content\/uploads\/Taurus-CruiseMissileHD-768x432.jpg 768w, https:\/\/aeronet.news\/wp-content\/uploads\/Taurus-CruiseMissileHD-700x394.jpg 700w, https:\/\/aeronet.news\/wp-content\/uploads\/Taurus-CruiseMissileHD-635x357.jpg 635w, https:\/\/aeronet.news\/wp-content\/uploads\/Taurus-CruiseMissileHD-859x483.jpg 859w, https:\/\/aeronet.news\/wp-content\/uploads\/Taurus-CruiseMissileHD.jpg 1280w\" alt=\"\" width=\"684\" height=\"385\" \/><\/a><figcaption class=\"wp-caption-text\">N\u011bmeck\u00e1 k\u0159\u00eddlat\u00e1 raketa dlouh\u00e9ho doletu Taurus<\/figcaption><\/figure>\n<p>Ta logika je v tom naprosto jasn\u00e1 \u2013 Kyjev by t\u00edm z\u00edskal majetky vyhnan\u00fdch Ukrajinc\u016f na umo\u0159en\u00ed \u010d\u00e1sti dluh\u016f a z\u00e1padn\u00ed fondy okolo BlackRock a Vanguardu by jenom zatleskaly, jak geni\u00e1ln\u011b to Ukrajinci s t\u011bmi pozemky vymysleli.\u00a0<strong>Nechce\u0161 bojovat? Tak vypadni do vyhnanstv\u00ed a u\u017e se nevracej!<\/strong>\u00a0My ti zn\u00e1rodn\u00edme bar\u00e1k, pozemek, louky, pole, statky lesy a umo\u0159\u00edme z toho na\u0161e v\u00e1le\u010dn\u00e9 \u00fasil\u00ed na\u0161im evropsk\u00fdm a z\u00e1padn\u00edm investor\u016fm! Velk\u00e1 v\u00e1le\u010dn\u00e1 loupe\u017e za b\u00edl\u00e9ho dne.<\/p>\n<p>Poka\u017ed\u00e9 je za takov\u00fdmi v\u00fdk\u0159iky pot\u0159eba hledat pl\u00e1n. A pokud z\u00e1stupce AFU za\u010dne v\u00e9st takov\u00e9 podivn\u00e9 \u0159e\u010di o tom, a\u0165 lid\u00e9 odejdou, pokud necht\u011bj\u00ed bojovat, ale a\u0165 u\u017e se nevrac\u00ed, je pot\u0159eba za t\u00edm hledat pl\u00e1n, kter\u00fdm se maj\u00ed zajistit zdroje na umo\u0159en\u00ed dluh\u016f a z\u00e1vazk\u016f Ukrajiny. A umo\u0159it je z majetk\u016f vlastn\u00edch ob\u010dan\u016f, kter\u00e9 jako ukrajinsk\u00e1 vl\u00e1da vy\u017eeneme do exilu, to je tak zr\u016fdn\u00e9, a\u017e je to geni\u00e1ln\u00ed! Jen aby se t\u00edm neinspirovala fialov\u00e1 ch\u00e1tra nebo jin\u00ed v\u00e1le\u010dn\u00ed \u0161tv\u00e1\u010di v Evrop\u011b.<\/p>\n<p><a href=\"https:\/\/aeronet.news\/valka-je-zivitelka-narodu-na-hrane-ekonomickeho-kolapsu-hrozba-bankrotu-prumyslu-vede-sefa-cdu-k-valce-s-ruskem-kteremu-zacal-vyhrozovat-ultimatem-z-ulic-kyjeva-zaznivaji-zpravy-tagesschau\/\">-VK-<\/a><\/p>\n","protected":false},"excerpt":{"rendered":"<p>V\u00e1lka je \u017eivitelka n\u00e1rod\u016f na hran\u011b ekonomick\u00e9ho kolapsu! Hrozba bankrotu pr\u016fmyslu vede \u0161\u00e9fa CDU k&#8230;<\/p>\n","protected":false},"author":2,"featured_media":66176,"comment_status":"closed","ping_status":"closed","sticky":false,"template":"","format":"standard","meta":[],"categories":[6],"tags":[1042,8211,429,26,40],"_links":{"self":[{"href":"https:\/\/www.infokuryr.cz\/n\/wp-json\/wp\/v2\/posts\/66175"}],"collection":[{"href":"https:\/\/www.infokuryr.cz\/n\/wp-json\/wp\/v2\/posts"}],"about":[{"href":"https:\/\/www.infokuryr.cz\/n\/wp-json\/wp\/v2\/types\/post"}],"author":[{"embeddable":true,"href":"https:\/\/www.infokuryr.cz\/n\/wp-json\/wp\/v2\/users\/2"}],"replies":[{"embeddable":true,"href":"https:\/\/www.infokuryr.cz\/n\/wp-json\/wp\/v2\/comments?post=66175"}],"version-history":[{"count":0,"href":"https:\/\/www.infokuryr.cz\/n\/wp-json\/wp\/v2\/posts\/66175\/revisions"}],"wp:featuredmedia":[{"embeddable":true,"href":"https:\/\/www.infokuryr.cz\/n\/wp-json\/wp\/v2\/media\/66176"}],"wp:attachment":[{"href":"https:\/\/www.infokuryr.cz\/n\/wp-json\/wp\/v2\/media?parent=66175"}],"wp:term":[{"taxonomy":"category","embeddable":true,"href":"https:\/\/www.infokuryr.cz\/n\/wp-json\/wp\/v2\/categories?post=66175"},{"taxonomy":"post_tag","embeddable":true,"href":"https:\/\/www.infokuryr.cz\/n\/wp-json\/wp\/v2\/tags?post=66175"}],"curies":[{"name":"wp","href":"https:\/\/api.w.org\/{rel}","templated":true}]}}