{"id":66167,"date":"2024-11-14T00:48:12","date_gmt":"2024-11-13T23:48:12","guid":{"rendered":"https:\/\/www.infokuryr.cz\/n\/?p=66167"},"modified":"2024-11-13T17:19:59","modified_gmt":"2024-11-13T16:19:59","slug":"kdyz-nekdo-rekne-ze-na-ukrajine-zadny-nacismus-neni","status":"publish","type":"post","link":"https:\/\/www.infokuryr.cz\/n\/2024\/11\/14\/kdyz-nekdo-rekne-ze-na-ukrajine-zadny-nacismus-neni\/","title":{"rendered":"Kdy\u017e n\u011bkdo \u0159ekne, \u017ee na Ukrajin\u011b \u017e\u00e1dn\u00fd nacismus nen\u00ed"},"content":{"rendered":"<div id=\"fb-root\"><\/div>\n<p>Jind\u0159ich Rajchl poskytl na sv\u00e9m FB profilu mapku, zobrazuj\u00edc\u00ed n\u00e1zvy ulic,\u00a0m\u00edsta, kde jsou postaveny pomn\u00edky \u010di um\u00edst\u011bny pam\u011btn\u00ed desky p\u0159ipom\u00ednaj\u00edc\u00ed tyto &#8222;velik\u00e1ny&#8220; ukrajinsk\u00fdch d\u011bjin &#8211; Banderu a \u0160uchevy\u010de,\u00a0m\u011bsta, kter\u00e1 se py\u0161n\u00ed t\u00edm, \u017ee ud\u011blila tomuto<strong> nacistick\u00e9mu kolaborantovi a masov\u00e9mu vrahovi<\/strong> \u010destn\u00e9 ob\u010danstv\u00ed nebo muzea. Jejich po\u010det je skute\u010dn\u011b zar\u00e1\u017eej\u00edc\u00ed a t\u00e9ma souvis\u00ed i s Rezoluc\u00ed OSN(n\u00ed\u017ee Ve zkratce), kdy 116 st\u00e1t\u016f navrhuje p\u0159\u00edsn\u011b postihovat takov\u00e9 jedn\u00e1n\u00ed, kter\u00e9 je v rozporu s mezin\u00e1rodn\u00edmi \u00famluvami o lidsk\u00fdch pr\u00e1vech, s v\u00fdsledky Norimbersk\u00e9ho procesu aj.<\/p>\n<p><strong>\u010cesk\u00e1 republika je mezi zem\u011bmi, kter\u00e9 hlasovaly proti aktu\u00e1ln\u00ed Rezoluci<\/strong>, proto\u017ee neofa\u0161ist\u00e9 ve vl\u00e1d\u011b, podporuj\u00edc\u00ed tento neonacistick\u00fd a chazarofa\u0161istick\u00fd re\u017eim, v podstat\u011b od roku 2014 (Lipavsk\u00fd, Raku\u0161an, \u010cernochov\u00e1, Kol\u00e1\u0159 a dal\u0161\u00ed) by t\u00edm jednali spolu s dal\u0161\u00edmi proti procesu denacifikace Ukrajiny Ruskem a p\u0159iznali by se ve\u0159ejn\u011b k oslav\u011b nacistick\u00fdch zv\u011brstev. <strong>Je to smutn\u00e9, ov\u0161em konkr\u00e9tn\u011b dolo\u017een\u00e9 skutkem, \u017ee sou\u010dasn\u00e1 \u010desk\u00e1 vl\u00e1da a \u010dlenov\u00e9 st\u00e1l\u00e9 mise p\u0159i OSN a vyslanci Lipavsk\u00e9ho ministerstva zahrani\u010dn\u00edch v\u011bc\u00ed se op\u011btovn\u011b hl\u00e1s\u00ed k odkazu fa\u0161istick\u00e9ho kolaboranta Bandery a \u0160uchevy\u010de, pop\u00edraj\u00ed v\u00fdsledky Norimbersk\u00e9ho tribun\u00e1lu. Na\u0161i p\u0159edci a ob\u011bti boje proti nacismu a hitlerovsk\u00e9mu fanatick\u00e9mu programu na vyvra\u017ed\u011bn\u00ed milion\u016f Slovan\u016f a jin\u00fdch n\u00e1rod\u016f se mus\u00ed v hrobech obracet! Hanba t\u011bmto vlastizr\u00e1dc\u016fm, sou\u010dasn\u00e9 \u010cesk\u00e9 vl\u00e1d\u011b, nav\u017edy!<\/strong><\/p>\n<p><a href=\"https:\/\/mzv.gov.cz\/un.newyork\/...\">St\u00e1la mise \u010cR p\u0159i OSN<\/a><\/p>\n<p><span style=\"font-size: 18pt;\"><strong>Vysv\u011btlivky jednotliv\u00fdch barev:<br \/>\n<\/strong><\/span><br class=\"html-br\" \/>1) \u010derven\u00e1 &#8211; m\u00edsta, kde jsou pojmenov\u00e1ny ulice po St\u011bpanovi Banderovi<br class=\"html-br\" \/>2) modr\u00e1 &#8211; m\u00edsta, kde jsou postaveny pomn\u00edky \u010di um\u00edst\u011bny pam\u011btn\u00ed desky p\u0159ipom\u00ednaj\u00edc\u00ed tohoto &#8222;velik\u00e1na&#8220; ukrajinsk\u00fdch d\u011bjin<br class=\"html-br\" \/>3) oran\u017eov\u00e1 &#8211; m\u00edsta, kde naleznete muzea v\u011bnovan\u00e1 Banderov\u011b \u017eivotu a &#8222;d\u00edlu&#8220;<br class=\"html-br\" \/>4) fialov\u00e1 &#8211; m\u011bsta, kter\u00e1 se py\u0161n\u00ed t\u00edm, \u017ee ud\u011blala tomuto nacistick\u00e9mu kolaborantovi \u010destn\u00e9 ob\u010danstv\u00ed<br class=\"html-br\" \/>5) \u017elut\u00e1 &#8211; m\u00edsta, kde jsou ulice nesouc\u00ed jm\u00e9no jeho stejn\u011b poveden\u00e9ho par\u0165\u00e1ka Romana \u0160uchevy\u010de<br class=\"html-br\" \/><br class=\"html-br\" \/>A aby toho nebylo m\u00e1lo, tak dle tweetu profesora politologie na University of Ottawa Ivana Katchanovskeho se radn\u00ed m\u011bsta Nikopol dokonce rozhodli pojmenovat jednu z ulic le\u017e\u00edc\u00edch v jejich m\u011bsta po Petro Dyachenkovi, jen\u017e byl hrd\u00fdm \u010dlenem 14. gran\u00e1tnick\u00e9 divize SS (1. ukrajinsk\u00e9), p\u0159i\u010dem\u017e na jedn\u00e9 z m\u00e1la jeho dochovan\u00fdch fotografi\u00ed je hrd\u011b zv\u011b\u010dn\u011bn v uniform\u011b SS.<br class=\"html-br\" \/><br class=\"html-br\" \/>Ale pro\u010d se divit, kdy\u017e jin\u00e9mu \u010dlenovi t\u00e9to jednotky tleskal ve stoje cel\u00fd kanadsk\u00fd parlament spolu s Volodymyrem Zelenskym, jen\u017e tam byl na st\u00e1tn\u00ed n\u00e1v\u0161t\u011bv\u011b, \u017ee?<br class=\"html-br\" \/><br class=\"html-br\" \/>Tak a\u017e se zase s v\u00e1mi bude n\u011bkdo h\u00e1dat, \u017ee na Ukrajin\u011b se nacismus v\u016fbec, ale v\u016fbec nevyskytuje a nikdo se tam k n\u011bmu nehl\u00e1s\u00ed, nebo, \u017ee se t\u0159eba jedn\u00e1 o ojedin\u011bl\u00e9 excesy, tak mu jen po\u0161lete tento p\u0159\u00edsp\u011bvek i s instrukt\u00e1\u017en\u00ed mapkou n\u00ed\u017ee.<br class=\"html-br\" \/><br class=\"html-br\" \/>Za sebe jen dod\u00e1v\u00e1m, \u017ee dokud bude existovat na Ukrajin\u011b jeden jedin\u00fd z t\u011bchto punt\u00edk\u016f, nebo dokonce ona ob\u0159\u00ed ka\u0148ka s ulic\u00ed pojmenovanou po pohlav\u00e1rovi SS, tak s t\u00edmto odporn\u00fdm zlo\u010dinn\u00fdm a zkorumpovan\u00fdm re\u017eimem nehodl\u00e1m m\u00edt cokoliv spole\u010dn\u00e9ho. A samoz\u0159ejm\u011b kategoricky odm\u00edt\u00e1m mu dodat by\u0165 jen jeden jedin\u00fd n\u00e1boj.<\/p>\n<div class=\"x1i10hfl xjbqb8w x1ejq31n xd10rxx x1sy0etr x17r0tee x972fbf xcfux6l x1qhh985 xm0m39n x9f619 x1ypdohk xt0psk2 xe8uvvx xdj266r x11i5rnm xat24cr x1mh8g0r xexx8yu x4uap5 x18d9i69 xkhd6sd x16tdsg8 x1hl2dhg xggy1nq x1a2a7pz x1sur9pj xkrqix3 xzsf02u x1s688f\" tabindex=\"0\" role=\"button\"><img decoding=\"async\" loading=\"lazy\" class=\"aligncenter\" src=\"https:\/\/scontent.fprg1-1.fna.fbcdn.net\/v\/t39.30808-6\/420190681_757216949736994_5405515777353268229_n.jpg?_nc_cat=107&amp;ccb=1-7&amp;_nc_sid=127cfc&amp;_nc_ohc=cZK7XlnRfg4Q7kNvgF7bG5f&amp;_nc_zt=23&amp;_nc_ht=scontent.fprg1-1.fna&amp;_nc_gid=ATL00rK_abXajpeTOj4kXak&amp;oh=00_AYDiKgoj54gONO8eFolU0YOQe4Bbj0n2H2mG4ICK_JAKLA&amp;oe=673A9D1F\" alt=\"Nen\u00ed k dispozici \u017e\u00e1dn\u00fd popis fotky.\" width=\"903\" height=\"547\" \/><\/div>\n<div tabindex=\"0\" role=\"button\"><span style=\"font-size: 18pt;\"><strong>A st\u00e1le n\u00e1m tvrd\u00ed, \u017ee na Ukrajin\u011b podpora nacizmu nen\u00ed a \u017ee je to rusk\u00e1 propaganda!!!<\/strong><\/span><\/div>\n<div tabindex=\"0\" role=\"button\"><\/div>\n<div tabindex=\"0\" role=\"button\"><\/div>\n<div tabindex=\"0\" role=\"button\"><img decoding=\"async\" loading=\"lazy\" class=\"alignnone size-full wp-image-1185\" src=\"http:\/\/www.infokuryr.cz\/n\/wp-content\/uploads\/2021\/04\/kuryr-podpis.png\" alt=\"\" width=\"84\" height=\"24\" \/><\/div>\n<div tabindex=\"0\" role=\"button\"><\/div>\n<div tabindex=\"0\" role=\"button\"><\/div>\n<div tabindex=\"0\" role=\"button\"><\/div>\n","protected":false},"excerpt":{"rendered":"<p>Jind\u0159ich Rajchl poskytl na sv\u00e9m FB profilu mapku, zobrazuj\u00edc\u00ed n\u00e1zvy ulic,\u00a0m\u00edsta, kde jsou postaveny pomn\u00edky&#8230;<\/p>\n","protected":false},"author":2,"featured_media":24351,"comment_status":"closed","ping_status":"closed","sticky":false,"template":"","format":"standard","meta":[],"categories":[6],"tags":[416,1503,470,26],"_links":{"self":[{"href":"https:\/\/www.infokuryr.cz\/n\/wp-json\/wp\/v2\/posts\/66167"}],"collection":[{"href":"https:\/\/www.infokuryr.cz\/n\/wp-json\/wp\/v2\/posts"}],"about":[{"href":"https:\/\/www.infokuryr.cz\/n\/wp-json\/wp\/v2\/types\/post"}],"author":[{"embeddable":true,"href":"https:\/\/www.infokuryr.cz\/n\/wp-json\/wp\/v2\/users\/2"}],"replies":[{"embeddable":true,"href":"https:\/\/www.infokuryr.cz\/n\/wp-json\/wp\/v2\/comments?post=66167"}],"version-history":[{"count":1,"href":"https:\/\/www.infokuryr.cz\/n\/wp-json\/wp\/v2\/posts\/66167\/revisions"}],"predecessor-version":[{"id":66168,"href":"https:\/\/www.infokuryr.cz\/n\/wp-json\/wp\/v2\/posts\/66167\/revisions\/66168"}],"wp:featuredmedia":[{"embeddable":true,"href":"https:\/\/www.infokuryr.cz\/n\/wp-json\/wp\/v2\/media\/24351"}],"wp:attachment":[{"href":"https:\/\/www.infokuryr.cz\/n\/wp-json\/wp\/v2\/media?parent=66167"}],"wp:term":[{"taxonomy":"category","embeddable":true,"href":"https:\/\/www.infokuryr.cz\/n\/wp-json\/wp\/v2\/categories?post=66167"},{"taxonomy":"post_tag","embeddable":true,"href":"https:\/\/www.infokuryr.cz\/n\/wp-json\/wp\/v2\/tags?post=66167"}],"curies":[{"name":"wp","href":"https:\/\/api.w.org\/{rel}","templated":true}]}}