{"id":6616,"date":"2021-12-04T03:32:21","date_gmt":"2021-12-04T02:32:21","guid":{"rendered":"http:\/\/www.infokuryr.cz\/n\/?p=6616"},"modified":"2021-12-04T03:32:21","modified_gmt":"2021-12-04T02:32:21","slug":"ve-varsave-je-planovano-setkani-konzervativnich-stran-eu","status":"publish","type":"post","link":"https:\/\/www.infokuryr.cz\/n\/2021\/12\/04\/ve-varsave-je-planovano-setkani-konzervativnich-stran-eu\/","title":{"rendered":"Ve Var\u0161av\u011b je pl\u00e1nov\u00e1no setk\u00e1n\u00ed konzervativn\u00edch stran EU"},"content":{"rendered":"<div id=\"fb-root\"><\/div>\n<p>Ve Var\u0161av\u011b je a\u017e do soboty pl\u00e1nov\u00e1no setk\u00e1n\u00ed rezolutn\u011b konzervativn\u00edch stran EU, kter\u00e9 by m\u011blo posunout stmelen\u00ed jejich frakce v Evropsk\u00e9m parlamentu.<\/p>\n<p>15 evropsk\u00fdch patriotistick\u00fdch stran, jako N\u00e1rodn\u00ed semknut\u00ed, Liga, Pr\u00e1vo a spravedlnost a dal\u0161\u00ed, hodl\u00e1 d\u00e1le prohloubit a koordinovat svoji spolupr\u00e1ci v \u00fasil\u00ed o starou dobrou Evropu.<\/p>\n<p><a href=\"https:\/\/exxpress.at\/rechtspopulistische-parteien-wollen-in-warschau-eine-allianz-schmieden\/\">ZDROJ<\/a><\/p>\n<p>&nbsp;<\/p>\n","protected":false},"excerpt":{"rendered":"<p>Ve Var\u0161av\u011b je a\u017e do soboty pl\u00e1nov\u00e1no setk\u00e1n\u00ed rezolutn\u011b konzervativn\u00edch stran EU, kter\u00e9 by m\u011blo&#8230;<\/p>\n","protected":false},"author":2,"featured_media":4534,"comment_status":"closed","ping_status":"closed","sticky":false,"template":"","format":"standard","meta":[],"categories":[7],"tags":[41,31,1541],"_links":{"self":[{"href":"https:\/\/www.infokuryr.cz\/n\/wp-json\/wp\/v2\/posts\/6616"}],"collection":[{"href":"https:\/\/www.infokuryr.cz\/n\/wp-json\/wp\/v2\/posts"}],"about":[{"href":"https:\/\/www.infokuryr.cz\/n\/wp-json\/wp\/v2\/types\/post"}],"author":[{"embeddable":true,"href":"https:\/\/www.infokuryr.cz\/n\/wp-json\/wp\/v2\/users\/2"}],"replies":[{"embeddable":true,"href":"https:\/\/www.infokuryr.cz\/n\/wp-json\/wp\/v2\/comments?post=6616"}],"version-history":[{"count":0,"href":"https:\/\/www.infokuryr.cz\/n\/wp-json\/wp\/v2\/posts\/6616\/revisions"}],"wp:featuredmedia":[{"embeddable":true,"href":"https:\/\/www.infokuryr.cz\/n\/wp-json\/wp\/v2\/media\/4534"}],"wp:attachment":[{"href":"https:\/\/www.infokuryr.cz\/n\/wp-json\/wp\/v2\/media?parent=6616"}],"wp:term":[{"taxonomy":"category","embeddable":true,"href":"https:\/\/www.infokuryr.cz\/n\/wp-json\/wp\/v2\/categories?post=6616"},{"taxonomy":"post_tag","embeddable":true,"href":"https:\/\/www.infokuryr.cz\/n\/wp-json\/wp\/v2\/tags?post=6616"}],"curies":[{"name":"wp","href":"https:\/\/api.w.org\/{rel}","templated":true}]}}