{"id":6615,"date":"2021-12-04T03:30:26","date_gmt":"2021-12-04T02:30:26","guid":{"rendered":"http:\/\/www.infokuryr.cz\/n\/?p=6615"},"modified":"2021-12-04T03:30:26","modified_gmt":"2021-12-04T02:30:26","slug":"madarsko-vetovalo-ucast-eu-na-summitu-demokracii-poradanem-usa","status":"publish","type":"post","link":"https:\/\/www.infokuryr.cz\/n\/2021\/12\/04\/madarsko-vetovalo-ucast-eu-na-summitu-demokracii-poradanem-usa\/","title":{"rendered":"Ma\u010farsko vetovalo \u00fa\u010dast EU na summitu demokraci\u00ed po\u0159\u00e1dan\u00e9m USA"},"content":{"rendered":"<div id=\"fb-root\"><\/div>\n<p>Ma\u010farsko, kter\u00e9 jako jedin\u00e1 zem\u011b EU nebylo pozv\u00e1no na Summit demokraci\u00ed po\u0159\u00e1dan\u00fd prezidentem Bidenem, v odvetu vetovalo \u00fa\u010dast EU na summitu. Pohlav\u00e1\u0159i EU se jej tak mohou sice z\u00fa\u010dastnit, ale jen pasivn\u011b, bez pr\u00e1va pod\u00e1vat z\u00e1vazn\u00e9 p\u0159\u00edsp\u011bvky a n\u00e1vrhy.<\/p>\n<p>Summit ostatn\u011b mnoho entuziazmu u EU nevyvolal, proto\u017ee ostatn\u00edmi nepozvan\u00fdmi zem\u011bmi sv\u011bta bude spat\u0159ov\u00e1n jako vnucov\u00e1n\u00ed z\u00e1padn\u00edch, sp\u00ed\u0161e ne\u017e demokratick\u00fdch\u00a0 postoj\u016f a hodnot. Nav\u00edc EU se tam bez Ma\u010farska p\u0159edvede jako ne 100%n\u011b demokratick\u00e1.<\/p>\n<p>N\u011bkdo se zept\u00e1, pro\u010d tak\u00e9 nebylo pominuto Polsko, kdy\u017e je mu Uni\u00ed stejn\u011b jako Ma\u010farsku vyt\u00fdk\u00e1no nepod\u0159izov\u00e1n\u00ed se unijn\u00edm bef\u00e9l\u016fm? Jen\u017ee Polsko je na rozd\u00edl od Ma\u010farska vyhran\u011bn\u011b protirusk\u00e9, a to se v americk\u00e9 demokracii po\u010d\u00edt\u00e1, ne-li v\u00edc ne\u017e samotn\u00e1 demokracie.<\/p>\n<p>A tak to vypad\u00e1 sp\u00ed\u0161e na takov\u00fd nedemokratick\u00fd summit o demokracii&#8230;<\/p>\n<p><a href=\"https:\/\/elpais.com\/internacional\/2021-12-03\/hungria-impide-que-la-ue-participe-activamente-en-la-cumbre-de-las-democracias-convocada-por-biden.html\">ZDROJ<\/a><\/p>\n<p>&nbsp;<\/p>\n","protected":false},"excerpt":{"rendered":"<p>Ma\u010farsko, kter\u00e9 jako jedin\u00e1 zem\u011b EU nebylo pozv\u00e1no na Summit demokraci\u00ed po\u0159\u00e1dan\u00fd prezidentem Bidenem, v&#8230;<\/p>\n","protected":false},"author":2,"featured_media":1927,"comment_status":"closed","ping_status":"closed","sticky":false,"template":"","format":"standard","meta":[],"categories":[7],"tags":[72,41,78,37],"_links":{"self":[{"href":"https:\/\/www.infokuryr.cz\/n\/wp-json\/wp\/v2\/posts\/6615"}],"collection":[{"href":"https:\/\/www.infokuryr.cz\/n\/wp-json\/wp\/v2\/posts"}],"about":[{"href":"https:\/\/www.infokuryr.cz\/n\/wp-json\/wp\/v2\/types\/post"}],"author":[{"embeddable":true,"href":"https:\/\/www.infokuryr.cz\/n\/wp-json\/wp\/v2\/users\/2"}],"replies":[{"embeddable":true,"href":"https:\/\/www.infokuryr.cz\/n\/wp-json\/wp\/v2\/comments?post=6615"}],"version-history":[{"count":0,"href":"https:\/\/www.infokuryr.cz\/n\/wp-json\/wp\/v2\/posts\/6615\/revisions"}],"wp:featuredmedia":[{"embeddable":true,"href":"https:\/\/www.infokuryr.cz\/n\/wp-json\/wp\/v2\/media\/1927"}],"wp:attachment":[{"href":"https:\/\/www.infokuryr.cz\/n\/wp-json\/wp\/v2\/media?parent=6615"}],"wp:term":[{"taxonomy":"category","embeddable":true,"href":"https:\/\/www.infokuryr.cz\/n\/wp-json\/wp\/v2\/categories?post=6615"},{"taxonomy":"post_tag","embeddable":true,"href":"https:\/\/www.infokuryr.cz\/n\/wp-json\/wp\/v2\/tags?post=6615"}],"curies":[{"name":"wp","href":"https:\/\/api.w.org\/{rel}","templated":true}]}}