{"id":66148,"date":"2024-11-14T00:43:44","date_gmt":"2024-11-13T23:43:44","guid":{"rendered":"https:\/\/www.infokuryr.cz\/n\/?p=66148"},"modified":"2024-11-13T16:14:20","modified_gmt":"2024-11-13T15:14:20","slug":"usa-zahajily-udery-proti-iranskym-cilum-v-syrii","status":"publish","type":"post","link":"https:\/\/www.infokuryr.cz\/n\/2024\/11\/14\/usa-zahajily-udery-proti-iranskym-cilum-v-syrii\/","title":{"rendered":"USA zah\u00e1jily \u00fadery proti \u00edr\u00e1nsk\u00fdm c\u00edl\u016fm v S\u00fdrii"},"content":{"rendered":"<div id=\"fb-root\"><\/div>\n<p><strong><span>\u00dast\u0159edn\u00ed velen\u00ed Spojen\u00fdch st\u00e1t\u016f (CENTCOM) 12. listopadu ozn\u00e1milo, \u017ee zah\u00e1jilo \u00fadery proti skladi\u0161ti zbran\u00ed a logistick\u00e9mu velitelstv\u00ed frakce podporovan\u00e9 \u00cdr\u00e1nem v S\u00fdrii.<\/span><\/strong><\/p>\n<p><span>\u00dadery byly provedeny v reakci na raketov\u00fd \u00fatok na americk\u00fd person\u00e1l na hl\u00eddkov\u00e9 z\u00e1kladn\u011b Shaddadi, uvedlo velen\u00ed v prohl\u00e1\u0161en\u00ed s t\u00edm, \u017ee b\u011bhem \u00fatoku nedo\u0161lo k \u017e\u00e1dn\u00e9mu po\u0161kozen\u00ed americk\u00fdch za\u0159\u00edzen\u00ed a \u017e\u00e1dn\u00e9mu zran\u011bn\u00ed americk\u00fdch nebo partnersk\u00fdch sil.<\/span><\/p>\n<p><span>\u00datoky zhor\u0161\u00ed schopnost \u00cdr\u00e1nem podporovan\u00fdch skupin pl\u00e1novat a zah\u00e1jit budouc\u00ed \u00fatoky na americk\u00e9 a koali\u010dn\u00ed s\u00edly, kter\u00e9 jsou v regionu, aby vedly operace proti ISIS, dodalo velen\u00ed.<\/span><\/p>\n<p><em>\u201eDali jsme jasn\u011b najevo, \u017ee \u00fatoky na americk\u00fd person\u00e1l, partnersk\u00e9 s\u00edly a za\u0159\u00edzen\u00ed nebudou tolerov\u00e1ny a \u017ee si ponech\u00e1v\u00e1me pr\u00e1vo se br\u00e1nit. \u00dast\u0159edn\u00ed velen\u00ed USA bude spolu s na\u0161imi region\u00e1ln\u00edmi partnery agresivn\u011b st\u00edhat jakoukoli hrozbu pro americk\u00e9 s\u00edly, spojence, partnery a bezpe\u010dnost v regionu,\u201c \u0159ekl gener\u00e1l Michael Erik Kurilla, velitel CENTCOM.<\/em><\/p>\n<p><span>Nebyla to prvn\u00ed vlna americk\u00fdch \u00fader\u016f, kter\u00e1 tento t\u00fdden zas\u00e1hla S\u00fdrii. Jen o den d\u0159\u00edve \u0159ekl tiskov\u00fd tajemn\u00edk Pentagonu gener\u00e1lmajor letectva Pat Ryder, \u017ee CENTCOM zah\u00e1jil \u00fadery proti dev\u00edti c\u00edl\u016fm na dvou m\u00edstech spojen\u00fdch s \u00cdr\u00e1nem podporovan\u00fdmi frakcemi v S\u00fdrii v reakci na dva \u00fatoky na Mission Support Site Green Village.<\/span><\/p>\n<p><span>Jeden z t\u011bchto \u00fatok\u016f zahrnoval dron, zat\u00edmco druh\u00fd \u00fatok zahrnoval incident nep\u0159\u00edm\u00e9 palby se dv\u011bma raketami. Ryder \u0159ekl, \u017ee nedo\u0161lo k \u017e\u00e1dn\u00e9mu zran\u011bn\u00ed USA spojen\u00e9mu s \u017e\u00e1dn\u00fdm \u00fatokem.<\/span><\/p>\n<p><span>Syrsk\u00e1 observato\u0159 pro lidsk\u00e1 pr\u00e1va uvedla, \u017ee ned\u00e1vn\u00e9 americk\u00e9 \u00fadery se zam\u011b\u0159ily na m\u00edsta mezi m\u011bsty al-Maj\u00e1d\u00edn a al-Bukamal na ji\u017en\u00edm venkov\u011b Deir Ezzor ve v\u00fdchodn\u00ed S\u00fdrii.<\/span><\/p>\n<p><span>Prvn\u00ed vlna \u00fader\u016f 11. listopadu zabila \u010dty\u0159i bojovn\u00edky podporovan\u00e9 \u00cdr\u00e1nem, podle lond\u00fdnsk\u00e9 proopozi\u010dn\u00ed monitorovac\u00ed skupiny, kter\u00e1 ve druh\u00e9 vln\u011b \u00fader\u016f 12. listopadu ozn\u00e1mila smrt dal\u0161\u00edch p\u011bti bojovn\u00edk\u016f.<\/span><\/p>\n<p><span>USA udr\u017euj\u00ed v S\u00fdrii asi 900 voj\u00e1k\u016f pod z\u00e1minkou boje proti ISIS, z nich\u017e v\u011bt\u0161ina je rozm\u00edst\u011bna na kl\u00ed\u010dov\u00fdch plynov\u00fdch a ropn\u00fdch pol\u00edch v Deir Ezzor a sousedn\u00ed al-Hasakah.<\/span><\/p>\n<p><span>Patrol Base Shaddadi se nach\u00e1z\u00ed hned vedle plynov\u00e9ho pole pobl\u00ed\u017e m\u011bsta al-Shaddadi v ji\u017en\u00ed krajin\u011b al-Hasakah, zat\u00edmco mise podpory mise Green Village se nach\u00e1z\u00ed v ropn\u00fdch pol\u00edch al-Omar v jihov\u00fdchodn\u00ed krajin\u011b Deir Ezzor.<\/span><\/p>\n<p><span>\u00datoky zam\u011b\u0159en\u00e9 na americk\u00e9 s\u00edly v S\u00fdrii a Ir\u00e1ku se vystup\u0148ovaly po vypuknut\u00ed izraelsk\u00e9 v\u00e1lky v p\u00e1smu Gazy v lo\u0148sk\u00e9m roce, kdy se k odpov\u011bdnosti za v\u011bt\u0161inu \u00fatok\u016f p\u0159ihl\u00e1sil Isl\u00e1msk\u00fd odboj v Ir\u00e1ku, zast\u0159e\u0161uj\u00edc\u00ed skupina frakc\u00ed podporovan\u00fdch \u00cdr\u00e1nem. Skupina si v\u0161ak nevzala uzn\u00e1n\u00ed za posledn\u00ed \u00fatoky v S\u00fdrii, kter\u00e9 p\u0159i\u0161ly b\u011bhem izraelsk\u00e9 eskalace proti Hizball\u00e1hu v Libanonu.<\/span><\/p>\n<p><img decoding=\"async\" loading=\"lazy\" class=\"alignnone size-full wp-image-1185\" src=\"http:\/\/www.infokuryr.cz\/n\/wp-content\/uploads\/2021\/04\/kuryr-podpis.png\" alt=\"\" width=\"84\" height=\"24\" \/><\/p>\n<p>&nbsp;<\/p>\n","protected":false},"excerpt":{"rendered":"<p>\u00dast\u0159edn\u00ed velen\u00ed Spojen\u00fdch st\u00e1t\u016f (CENTCOM) 12. listopadu ozn\u00e1milo, \u017ee zah\u00e1jilo \u00fadery proti skladi\u0161ti zbran\u00ed a&#8230;<\/p>\n","protected":false},"author":2,"featured_media":43703,"comment_status":"closed","ping_status":"closed","sticky":false,"template":"","format":"standard","meta":[],"categories":[7],"tags":[147,37,1863],"_links":{"self":[{"href":"https:\/\/www.infokuryr.cz\/n\/wp-json\/wp\/v2\/posts\/66148"}],"collection":[{"href":"https:\/\/www.infokuryr.cz\/n\/wp-json\/wp\/v2\/posts"}],"about":[{"href":"https:\/\/www.infokuryr.cz\/n\/wp-json\/wp\/v2\/types\/post"}],"author":[{"embeddable":true,"href":"https:\/\/www.infokuryr.cz\/n\/wp-json\/wp\/v2\/users\/2"}],"replies":[{"embeddable":true,"href":"https:\/\/www.infokuryr.cz\/n\/wp-json\/wp\/v2\/comments?post=66148"}],"version-history":[{"count":0,"href":"https:\/\/www.infokuryr.cz\/n\/wp-json\/wp\/v2\/posts\/66148\/revisions"}],"wp:featuredmedia":[{"embeddable":true,"href":"https:\/\/www.infokuryr.cz\/n\/wp-json\/wp\/v2\/media\/43703"}],"wp:attachment":[{"href":"https:\/\/www.infokuryr.cz\/n\/wp-json\/wp\/v2\/media?parent=66148"}],"wp:term":[{"taxonomy":"category","embeddable":true,"href":"https:\/\/www.infokuryr.cz\/n\/wp-json\/wp\/v2\/categories?post=66148"},{"taxonomy":"post_tag","embeddable":true,"href":"https:\/\/www.infokuryr.cz\/n\/wp-json\/wp\/v2\/tags?post=66148"}],"curies":[{"name":"wp","href":"https:\/\/api.w.org\/{rel}","templated":true}]}}