{"id":66136,"date":"2024-11-14T00:40:16","date_gmt":"2024-11-13T23:40:16","guid":{"rendered":"https:\/\/www.infokuryr.cz\/n\/?p=66136"},"modified":"2024-11-13T15:33:46","modified_gmt":"2024-11-13T14:33:46","slug":"mike-whitney-byl-amsterdam-operaci-mossadu","status":"publish","type":"post","link":"https:\/\/www.infokuryr.cz\/n\/2024\/11\/14\/mike-whitney-byl-amsterdam-operaci-mossadu\/","title":{"rendered":"Mike Whitney: Byl Amsterdam operac\u00ed Mossadu?"},"content":{"rendered":"<div id=\"fb-root\"><\/div>\n<div class=\"elementor-element elementor-element-1fb4c2c elementor-widget elementor-widget-theme-post-content\" data-id=\"1fb4c2c\" data-element_type=\"widget\" data-widget_type=\"theme-post-content.default\">\n<div class=\"elementor-widget-container\">\n<p class=\"has-medium-font-size\"><span style=\"font-size: 18pt;\"><strong>\u201cHamas se skr\u00fdv\u00e1 v Amsterdamu\u201d<\/strong><\/span><\/p>\n<div class=\"twitter-tweet twitter-tweet-rendered\"><iframe id=\"twitter-widget-0\" class=\"\" title=\"X Post\" src=\"https:\/\/platform.twitter.com\/embed\/Tweet.html?dnt=false&amp;embedId=twitter-widget-0&amp;features=eyJ0ZndfdGltZWxpbmVfbGlzdCI6eyJidWNrZXQiOltdLCJ2ZXJzaW9uIjpudWxsfSwidGZ3X2ZvbGxvd2VyX2NvdW50X3N1bnNldCI6eyJidWNrZXQiOnRydWUsInZlcnNpb24iOm51bGx9LCJ0ZndfdHdlZXRfZWRpdF9iYWNrZW5kIjp7ImJ1Y2tldCI6Im9uIiwidmVyc2lvbiI6bnVsbH0sInRmd19yZWZzcmNfc2Vzc2lvbiI6eyJidWNrZXQiOiJvbiIsInZlcnNpb24iOm51bGx9LCJ0ZndfZm9zbnJfc29mdF9pbnRlcnZlbnRpb25zX2VuYWJsZWQiOnsiYnVja2V0Ijoib24iLCJ2ZXJzaW9uIjpudWxsfSwidGZ3X21peGVkX21lZGlhXzE1ODk3Ijp7ImJ1Y2tldCI6InRyZWF0bWVudCIsInZlcnNpb24iOm51bGx9LCJ0ZndfZXhwZXJpbWVudHNfY29va2llX2V4cGlyYXRpb24iOnsiYnVja2V0IjoxMjA5NjAwLCJ2ZXJzaW9uIjpudWxsfSwidGZ3X3Nob3dfYmlyZHdhdGNoX3Bpdm90c19lbmFibGVkIjp7ImJ1Y2tldCI6Im9uIiwidmVyc2lvbiI6bnVsbH0sInRmd19kdXBsaWNhdGVfc2NyaWJlc190b19zZXR0aW5ncyI6eyJidWNrZXQiOiJvbiIsInZlcnNpb24iOm51bGx9LCJ0ZndfdXNlX3Byb2ZpbGVfaW1hZ2Vfc2hhcGVfZW5hYmxlZCI6eyJidWNrZXQiOiJvbiIsInZlcnNpb24iOm51bGx9LCJ0ZndfdmlkZW9faGxzX2R5bmFtaWNfbWFuaWZlc3RzXzE1MDgyIjp7ImJ1Y2tldCI6InRydWVfYml0cmF0ZSIsInZlcnNpb24iOm51bGx9LCJ0ZndfbGVnYWN5X3RpbWVsaW5lX3N1bnNldCI6eyJidWNrZXQiOnRydWUsInZlcnNpb24iOm51bGx9LCJ0ZndfdHdlZXRfZWRpdF9mcm9udGVuZCI6eyJidWNrZXQiOiJvbiIsInZlcnNpb24iOm51bGx9fQ%3D%3D&amp;frame=false&amp;hideCard=false&amp;hideThread=false&amp;id=1855263271713923251&amp;lang=cs&amp;origin=https%3A%2F%2Funcutnews.ch%2Fwar-amsterdam-eine-mossad-operation%2F&amp;sessionId=228265a23463719d51858102b256ef802ec0a5ca&amp;theme=light&amp;widgetsVersion=2615f7e52b7e0%3A1702314776716&amp;width=550px\" frameborder=\"0\" scrolling=\"no\" allowfullscreen=\"allowfullscreen\" data-tweet-id=\"1855263271713923251\" data-mce-fragment=\"1\"><\/iframe><\/div>\n<p><em><strong><span>P\u0159eklad &#8222;X&#8220;<\/span><\/strong><span>\u00a0: Holandsk\u00fd @MinPres @ministerjenv @ministerBZ musel b\u00fdt informov\u00e1n a instruov\u00e1n o tomto \u00fatoku sionistick\u00fdch terorist\u016f v Amsterdamu pod fale\u0161nou vlajkou a m\u011bl se domluvit s teroristy Mossadu. Dokonce se druh\u00fd den setkali v Haagu se sionistick\u00fdm ministrem, kter\u00fd tam najednou (!) byl! \/\/ Toto byl zjevn\u011b extr\u00e9mn\u011b dob\u0159e koordinovan\u00fd \u00fatok pod fale\u0161nou vlajkou ze strany Mossadu, zinscenovan\u00fd se souhlasem nizozemsk\u00fdch \u00fa\u0159ad\u016f, podporovan\u00fd zkorumpovan\u00fdmi nizozemsk\u00fdmi m\u00e9dii a tak\u00e9 okam\u017eit\u011b podporov\u00e1n v\u016fdci USA, Spojen\u00e9ho kr\u00e1lovstv\u00ed a EU. V\u0161ichni okam\u017eit\u011b skandovali stejn\u00e9 l\u017ei: \u201eUboh\u00e9 \u017eidovsk\u00e9 ob\u011bti\u201c!<\/span><\/em><\/p>\n<p><span>Bylo \u0159\u00e1d\u011bn\u00ed fotbalov\u00fdch fanou\u0161k\u016f Maccabi v Amsterdamu operac\u00ed Mossadu?<\/span><\/p>\n<p><span>Na tuto ot\u00e1zku nen\u00ed snadn\u00e9 odpov\u011bd\u011bt, ale existuj\u00ed n\u00e1znaky, \u017ee je za t\u00edm v\u00edc, ne\u017e se na prvn\u00ed pohled zd\u00e1.<\/span><\/p>\n<p><span>Za\u010dn\u011bme pozorov\u00e1n\u00edm Maxe Blumenthala, \u017ee sp\u00ed\u0161e ne\u017e zd\u00e1nliv\u011b n\u00e1hodn\u011b vypou\u0161t\u011bt p\u00e1ru jako mlad\u00edci v davu, zd\u00e1lo se, \u017ee fanou\u0161ci Maccabi jsou pod voln\u011b organizovanou strukturou velen\u00ed. Zde je to, co Blumenthal zve\u0159ejnil na X:<\/span><\/p>\n<p><em><span>Z\u00e1b\u011bry jsou pozoruhodn\u00e9 nejen proto, \u017ee odhaluj\u00ed n\u00e1siln\u00e9 n\u00e1siln\u00edky Maccabi, ale tak\u00e9 proto, \u017ee\u00a0<\/span><strong><span>koordinuj\u00ed sv\u00e9 akce jako vojensk\u00e1 jednotka, zat\u00edmco je \u00fadajn\u011b eskortuj\u00ed agenti Mossadu.<\/span><\/strong><span>\u00a0V jednu chv\u00edli izraelsk\u00fd n\u00e1siln\u00edk vyhro\u017euje mlad\u00e9mu novin\u00e1\u0159i a na\u0159\u00edd\u00ed mu, aby jejich \u0159\u00e1d\u011bn\u00ed nenat\u00e1\u010del. M\u00edstn\u00ed policie mezit\u00edm na dlouhou dobu miz\u00ed.<\/span><\/em><\/p>\n<p><em><span>@MaxBlumenthal<\/span><\/em><\/p>\n<p><span>Tento jev zaznamenala \u0159ada dal\u0161\u00edch pozorovatel\u016f a je vid\u011bt na 17minutov\u00e9m videu, kter\u00e9 nato\u010dil mlad\u00fd Holan\u010fan (\u00a0<\/span><a href=\"https:\/\/www.youtube.com\/watch?v=ySHIOYyJ95A\" target=\"_blank\" rel=\"noreferrer noopener\"><span>Bender<\/span><\/a><span>\u00a0), kter\u00fd se stal p\u0159es noc celebritou pro svou ne\u00fanavn\u011b neohro\u017eenou \u017eurnalistiku. Sledoval izraelsk\u00fd dav ulicemi Amsterdamu cel\u00e9 hodiny a zaznamen\u00e1val jejich nevyzpytateln\u00e9 a n\u00e1siln\u00e9 aktivity, dokud je nakonec neobkl\u00ed\u010dila a odvezla nizozemsk\u00e1 policie. P\u0159i pozorn\u00e9m pohledu na toto\u00a0<\/span><a href=\"https:\/\/www.youtube.com\/watch?v=ySHIOYyJ95A\" target=\"_blank\" rel=\"noreferrer noopener\"><span>video<\/span><\/a><span>\u00a0je jasn\u00e9, \u017ee skupina Maccabi se \u010das od \u010dasu zastavila a dostala pokyny od v\u016fdc\u016f skupiny. Byli to agenti Mossadu?<\/span><\/p>\n<figure class=\"wp-block-embed aligncenter is-type-video is-provider-youtube wp-block-embed-youtube wp-embed-aspect-16-9 wp-has-aspect-ratio\">\n<div class=\"wp-block-embed__wrapper\"><iframe loading=\"lazy\" title=\"ISRAELI HOOLIGANS ZETTEN AMSTERDAM OP ZIJN KOP (ENG SUB)\" src=\"https:\/\/www.youtube.com\/embed\/ySHIOYyJ95A?feature=oembed\" width=\"800\" height=\"450\" frameborder=\"0\" allowfullscreen=\"allowfullscreen\" data-mce-fragment=\"1\"><\/iframe><\/div>\n<\/figure>\n<p><span>Nem\u016f\u017eeme to \u0159\u00edci s jistotou, ale rozhodn\u011b to vypad\u00e1 podez\u0159ele; a dal\u0161\u00ed do\u0161li ke stejn\u00e9mu z\u00e1v\u011bru jako Adam, kter\u00fd napsal toto:<\/span><\/p>\n<p><em><span>Bylo potvrzeno, \u017ee Mosad byl p\u0159\u00edtomen v inkriminovanou noc. Potvrdilo se tak\u00e9, \u017ee provokace byly nekone\u010dn\u00e9. Te\u010f u\u017e v\u00edme pro\u010d. Povzn\u00e9st jak islamofobii, tak postaven\u00ed \u017eidovsk\u00fdch ob\u011bt\u00ed.<\/span><\/em><\/p>\n<p><em><span>@AdameMedia<\/span><\/em><\/p>\n<p><span>Nebo Petr:<\/span><\/p>\n<p><em><span>Toto byla operace pl\u00e1novan\u00e1 Izraelem, aby vt\u00e1hl Evropu do sv\u00e9ho \u0161\u00edlen\u00e9ho v\u00e1le\u010dn\u00e9ho \u0161tvan\u00ed.\u00a0<\/span><\/em><em><span>M\u011bsto, kde spolu \u017eij\u00ed \u017did\u00e9 a Arabov\u00e9, byla ide\u00e1ln\u00ed p\u0159\u00edle\u017eitost.<\/span><\/em><\/p>\n<p><em><span>@PeterPetermac1<\/span><\/em><\/p>\n<p><span>Nebo zrcadlo:<\/span><\/p>\n<p><em><span>Vypad\u00e1 to pl\u00e1novan\u011b. Cht\u011bj\u00ed, aby jejich sionist\u00e9 vypadali jako ob\u011bti. Cht\u011bj\u00ed zastra\u0161it \u017didy v Palestin\u011b, aby z\u016fstali v Palestin\u011b. Antisemitismus je sionistick\u00e9 um\u011bn\u00ed<\/span><\/em><\/p>\n<p><em><span>@mirroraqsa<\/span><\/em><\/p>\n<p><span>Nebo ASE:<\/span><\/p>\n<p><em><span>Izraelsk\u00e1 m\u00e9dia uvedla, \u017ee Mossad se v Amsterdamu p\u0159ipojil k izraelsk\u00fdm chulig\u00e1n\u016fm. C\u00edl byl dob\u0159e zn\u00e1m\u00fd: provokovat, napadat m\u00edstn\u00ed i b\u011b\u017en\u00e9 ob\u010dany, zejm\u00e9na ty, kte\u0159\u00ed podporuj\u00ed palestinskou humanitu, jako jsou taxik\u00e1\u0159i<\/span><\/em><\/p>\n<p><em><span>@ASE<\/span><\/em><\/p>\n<p><span>Nebo Alberto:<\/span><\/p>\n<p><em><span>Zd\u00e1lo se, \u017ee nizozemsk\u00e1 policie se velmi sna\u017e\u00ed CHR\u00c1NIT izraelsk\u00e9 n\u00e1siln\u00edky. Nepochybuji o tom, \u017ee to bylo napl\u00e1nov\u00e1no a koordinov\u00e1no Netanjahuem a Wildersem, aby poskytlo z\u00e1minku pro vyhn\u00e1n\u00ed muslim\u016f z Nizozemska.<\/span><\/em><\/p>\n<p><em><span>@AlbertoD2022<\/span><\/em><\/p>\n<p><span>Nebo bohat\u00fd:<\/span><\/p>\n<p><em><span>Zn\u00ed to, jako by to byl od za\u010d\u00e1tku PR tah Izraelc\u016f \u2013 vzbudit hn\u011bv na m\u00edstn\u00ed obyvatele, kte\u0159\u00ed by pak nal\u00e1kali nez\u00fa\u010dastn\u011bn\u00e9 \u017didy, aby jim bylo ubl\u00ed\u017eeno a vykresleni jako ob\u011bti isl\u00e1mofa\u0161ismu. Mezit\u00edm m\u00e1 Izrael dal\u0161\u00ed d\u016fvod zas\u00e1hnout proti Arab\u016fm.<\/span><\/em><\/p>\n<p><em><span>@richseng<\/span><\/em><\/p>\n<p><span>Nebo Diane:<\/span><\/p>\n<p><em><span>Je to klasick\u00fd man\u00e9vr, kter\u00fd jsem b\u011bhem bosensk\u00e9ho konfliktu vid\u011bl mnohokr\u00e1t, kdy jedna skupina z\u00e1m\u011brn\u011b provokuje a pak obvi\u0148uje druhou stranu. R\u00e1d bych v\u0161ak dal jasn\u011b najevo, \u017ee odsuzuji jakoukoli formu n\u00e1sil\u00ed.<\/span><\/em><\/p>\n<p><em><span>@DianePaul593823<\/span><\/em><\/p>\n<p><span>V\u0161echno jsou to samoz\u0159ejm\u011b jen spekulace, jist\u00e9 v\u0161ak je, \u017ee agenti Mossadu doprov\u00e1zeli fanou\u0161ky Maccabi do Nizozemska. V\u00edme to, proto\u017ee to\u00a0bylo publikov\u00e1no jako titulek v\u00a0<\/span><em><span>Jerusalem Post<\/span><\/em><span>\u00a0. Pod\u00edvejte se na to:<\/span><\/p>\n<div class=\"wp-block-image\">\n<figure class=\"aligncenter size-large\"><img decoding=\"async\" class=\"aligncenter\" src=\"https:\/\/i0.wp.com\/www.unz.com\/wp-content\/uploads\/2024\/11\/MaccabiMossadMW.jpg?w=800&amp;ssl=1\" alt=\"\" data-recalc-dims=\"1\" \/><\/figure>\n<\/div>\n<p><span>Mosad byl tedy p\u0159\u00edtomen. Ot\u00e1zkou je, zda byli aktivn\u011b zapojeni do n\u011bjak\u00e9 masivn\u00ed psychologick\u00e9 v\u00e1lky, kde byli fotbalist\u00e9 zvykl\u00ed podporovat svou temnou agendu.<\/span><\/p>\n<p><span>Na to nedok\u00e1\u017eeme odpov\u011bd\u011bt, ale m\u016f\u017eeme \u0159\u00edci, \u017ee je velmi neobvykl\u00e9, aby vl\u00e1da vyslala sv\u00e9 zpravodajsk\u00e9 agenty na fotbalov\u00fd z\u00e1pas do ciz\u00edho hlavn\u00edho m\u011bsta. kdo jin\u00fd to d\u011bl\u00e1?<\/span><\/p>\n<p><span>Nikdo, co\u017e vyvol\u00e1v\u00e1 ot\u00e1zku, zda nebyli naverbov\u00e1ni k \u00fa\u010dasti na tajn\u00e9 operaci \u201e\u0161pinav\u00fdch trik\u016f\u201c, kter\u00e1 vy\u017eadovala jejich odborn\u00fd dohled. Co by to mohlo znamenat?<\/span><\/p>\n<p><span>\u0158ekn\u011bme, \u017ee Netanjahu cht\u011bl zlep\u0161it obraz Izraele na ve\u0159ejnosti \u2013 kter\u00fd byl poskvrn\u011bn kv\u016fli genocid\u011b v Gaze. Mohl by schv\u00e1lit pl\u00e1n na vyvol\u00e1n\u00ed soci\u00e1ln\u00edch nepokoj\u016f v Amsterodamu a pot\u00e9 vyu\u017e\u00edt sv\u00fdch rozs\u00e1hl\u00fdch medi\u00e1ln\u00edch kontakt\u016f k odsouzen\u00ed (nevyhnuteln\u00e9) muslimsk\u00e9 odvety jako n\u00e1hl\u00e9ho n\u00e1r\u016fstu antisemitismu. Mohl by dokonce p\u0159im\u011bt sv\u00e9 medi\u00e1ln\u00ed lokajy, aby bagatelizovali opovr\u017een\u00edhodn\u00e9 chov\u00e1n\u00ed jeho rasistick\u00e9ho fotbalov\u00e9ho t\u00fdmu a m\u00edsto toho se zam\u011b\u0159ili na reakci muslimsk\u00fdch taxik\u00e1\u0159\u016f (kte\u0159\u00ed byli ter\u010dem nep\u0159\u00e1telstv\u00ed Maccabi). P\u0159e\u010dt\u011bte si tento \u010dl\u00e1nek z\u00a0<\/span><em><span>NBC News<\/span><\/em><span>\u00a0:<\/span><\/p>\n<p><em><span>Nap\u0159\u00ed\u010d nizozemsk\u00fdm hlavn\u00edm m\u011bstem Amsterdamem p\u0159es noc napadly a zbily izraelsk\u00e9 fotbalov\u00e9 fanou\u0161ky gangy jezd\u00edc\u00ed na sk\u00fatrech. \u00da\u0159ady hovo\u0159ily o vypuknut\u00ed antisemitsk\u00e9ho n\u00e1sil\u00ed.<\/span><\/em><\/p>\n<p><em><span>Z\u00e1b\u011bry koluj\u00edc\u00ed na soci\u00e1ln\u00edch s\u00edt\u00edch uk\u00e1zaly, \u017ee ve \u010dtvrtek ve\u010der byli pron\u00e1sledov\u00e1ni a napad\u00e1ni p\u0159\u00edznivci fotbalov\u00e9ho t\u00fdmu Maccabi Tel Aviv. Video geolokovan\u00e9 NBC News ukazovalo boje v ulic\u00edch mezi Izraelci a jejich \u00fato\u010dn\u00edky pobl\u00ed\u017e hlavn\u00edho n\u00e1dra\u017e\u00ed v Amsterdamu.<\/span><\/em><\/p>\n<p><em><span>&#8222;Chlapci na sk\u00fatrech k\u0159i\u017eovali m\u011bsto a hledali p\u0159\u00edznivce Maccabi Tel Aviv,&#8220; \u0159ekla starostka Amsterdamu Femke Halsema. &#8222;Byl to \u00fatok. Fotbalov\u00ed fanou\u0161ci byli biti a vyd\u011b\u0161eni, na\u010de\u017e v\u00fdtr\u017en\u00edci rychle zmizeli a prchali p\u0159ed v\u010dera hromadn\u011b nasazenou polici\u00ed&#8230;<\/span><\/em><\/p>\n<p><em><span>N\u00e1sil\u00ed se rozvinulo ve m\u011bst\u011b, kter\u00e9 bylo kdysi domovem mlad\u00e9 Anny Frankov\u00e9 a jej\u00ed rodiny, kte\u0159\u00ed se b\u011bhem druh\u00e9 sv\u011btov\u00e9 v\u00e1lky skr\u00fdvali p\u0159ed nacistick\u00fdmi okupanty.<\/span><\/em><\/p>\n<p><em><span>\u201eV\u010dera vypukl antisemitismus, o kter\u00e9m jsme doufali, \u017ee u\u017e ho v Amsterdamu neuvid\u00edme,\u201c \u0159ekl Halsema. \u201eOdsuzuji n\u00e1sil\u00ed co nejd\u016frazn\u011bji. Mezi na\u0161imi \u017eidovsk\u00fdmi obyvateli v Amsterdamu je strach, zd\u011b\u0161en\u00ed, hn\u011bv a ned\u016fv\u011bra.\u201c \u2026<\/span><\/em><\/p>\n<p><em><span>&#8222;V\u00fdtr\u017en\u00edci&#8220; &#8222;aktivn\u011b vyhled\u00e1vali izraelsk\u00e9 fanou\u0161ky, aby je napadli a zneu\u017eili,&#8220; uvedl Halsem\u016fv \u00fa\u0159ad.<\/span><\/em><\/p>\n<p><em><span>Izrael\u0161t\u00ed fotbalov\u00ed fanou\u0161ci za\u00fato\u010dili v Amsterdamu, NBC News<\/span><\/em><\/p>\n<p><span>Bo\u017ee m\u016fj! Opravdu se zde vz\u00fdv\u00e1 vzpom\u00ednka na Annu Frankovou, aby h\u00e1jila n\u00e1siln\u00e9 v\u00fdst\u0159elky rasistick\u00fdch chulig\u00e1n\u016f?<\/span><\/p>\n<p><span>Ano, bude.<\/span><\/p>\n<p><span>Kontroloval v\u016fbec novin\u00e1\u0159, kter\u00fd tento nesmysl napsal, internet, co se vlastn\u011b stalo? Uv\u011bdomuje si, \u017ee i ofici\u00e1ln\u00ed amsterodamsk\u00e1 policejn\u00ed zpr\u00e1va odporuje jeho absurdn\u011b nep\u0159esn\u00e9 verzi ud\u00e1lost\u00ed?<\/span><\/p>\n<p><span>Tento \u010dl\u00e1nek je tak nerealistick\u00fd a p\u0159itom tak podobn\u00fd mnoha dal\u0161\u00edm \u010dl\u00e1nk\u016fm, kter\u00e9 se nyn\u00ed objevuj\u00ed v mainstreamov\u00fdch m\u00e9di\u00edch, \u017ee mus\u00ed existovat koordinovan\u00e1 snaha p\u0159ekroutit pravdu a p\u0159esv\u011bd\u010dit ve\u0159ejnost, \u017ee pachatel\u00e9 jsou ve skute\u010dnosti ob\u011b\u0165mi. Je to d\u016fvod, pro\u010d Mossad doprov\u00e1zel Maccabi do Amsterdamu, aby vyprovokoval incident, kter\u00fd by mohl b\u00fdt pou\u017eit k pos\u00edlen\u00ed obrazu Izraele jako v\u011b\u010dn\u00e9 ob\u011bti? Politologick\u00fd analytik Kevork Almassian to shrnul takto:<\/span><\/p>\n<p><em><span>Sledujte pozorn\u011b: ka\u017ed\u00fd jednotliv\u00fd p\u0159\u00edznivec Izraele opakoval p\u0159esn\u011b stejn\u00e1 slova znovu a znovu od pouli\u010dn\u00edch bitev v Amsterdamu. N\u00e1hoda? Sotva. \u0158\u00edd\u00ed se sc\u00e9n\u00e1\u0159em \u2013 koordinovanou medi\u00e1ln\u00ed kampan\u00ed, prostou a jednoduchou. A te\u010f se zeptejte sami sebe: Co d\u011blali agenti Mossadu a izrael\u0161t\u00ed voj\u00e1ci mezi fotbalov\u00fdmi chulig\u00e1ny? Byli tam proto, aby podn\u011bcovali n\u00e1sil\u00ed? Nep\u0159edst\u00edrejme, \u017ee zahrani\u010dn\u00ed zpravodaj\u0161t\u00ed agenti byli jen na n\u00e1hodn\u00e9 n\u00e1v\u0161t\u011bv\u011b.<\/span><\/em><\/p>\n<p><em><span>@KevorkAlmassian<\/span><\/em><\/p>\n<p><span>Zn\u00ed v\u00e1m to p\u0159esv\u011bd\u010div\u011b? Za m\u011b ano. Toto je z \u010dl\u00e1nku v\u00a0<\/span><em><span>The Cradle<\/span><\/em><span>\u00a0:<\/span><\/p>\n<p><em><span>Nizozemsk\u00e1 mainstreamov\u00e1 m\u00e9dia, pos\u00edlen\u00e1 izraelsk\u00fdmi a z\u00e1padn\u00edmi m\u00e9dii, rychle vyl\u00ed\u010dila ud\u00e1losti jako\u00a0<\/span><strong><span>\u201epogrom\u201c\u00a0<\/span><\/strong><strong><span>proti \u017did\u016fm<\/span><\/strong><span>\u00a0a ignorovala kontext chulig\u00e1nsk\u00fdch provokac\u00ed, kter\u00e9 vyvolaly st\u0159ety. Zpr\u00e1vy zveli\u010dovaly n\u00e1sil\u00ed a popisovaly je jako\u00a0<\/span><strong><span>z\u00e1m\u011brn\u00e9 antisemitsk\u00e9 \u00fatoky<\/span><\/strong><span>\u00a0. V t\u00e9m\u011b\u0159 groteskn\u00edm zvratu n\u011bkte\u0159\u00ed tvrdili, \u017ee k z\u00e1chran\u011b \u00fadajn\u00fdch ob\u011bt\u00ed byly organizov\u00e1ny nouzov\u00e9 evakua\u010dn\u00ed lety, co\u017e vyvolalo obrazy Ruska 19. stolet\u00ed s masov\u00fdmi vra\u017edami a vypalov\u00e1n\u00edm vesnic.<\/span><\/em><\/p>\n<p><em><span>P\u0159ehnan\u00e9 zobrazen\u00ed vhodn\u011b odvedlo pozornost od provokac\u00ed chulig\u00e1n\u016f k pe\u010dliv\u011b vystav\u011bn\u00e9mu zobrazen\u00ed ob\u011bti. Jejich hlasy spole\u010dn\u011b prom\u011bnily noc chaosu v pe\u010dliv\u011b zorganizovan\u00e9 crescendo ob\u011bti, kter\u00e9 zakrylo provokace, kter\u00e9 vyvolaly nepokoje.<\/span><\/em><\/p>\n<p><em><span>8. listopadu u\u017e historie nebyla o agresi chulig\u00e1n\u016f, ale byla p\u0159eps\u00e1na tak, aby slou\u017eila politick\u00fdm a medi\u00e1ln\u00edm \u00fa\u010del\u016fm a odv\u00e1d\u011bla pozornost od pravdy k pod\u00edvan\u00e9 na mor\u00e1ln\u00ed pobou\u0159en\u00ed.<\/span><\/em><\/p>\n<p><em><span>Inscenovan\u00fd \u201epogrom\u201c: Chaos v Amsterdamu jako zbra\u0148, The Cradle<\/span><\/em><\/p>\n<p><span>\u201e\u00damysln\u00e9 antisemitsk\u00e9 \u00fatoky\u201c? &#8222;Pogrom na \u017didy&#8220;? V liber\u00e1ln\u00edm Amsterdamu? To m\u00e1 b\u00fdt vtip?<\/span><\/p>\n<p><span>Co se tu tedy doopravdy d\u011bje a pro\u010d se tolik koment\u00e1tor\u016f domn\u00edv\u00e1, \u017ee tato podivn\u00e1 operace (Mosad?) v Amsterdamu m\u00e1 n\u011bco spole\u010dn\u00e9ho s posilov\u00e1n\u00edm my\u0161lenky \u017eidovsk\u00e9 ob\u011bti?<\/span><\/p>\n<p><span>V\u011b\u0159\u00ed tomu, proto\u017ee v\u0161echna tradi\u010dn\u00ed m\u00e9dia a v\u0161ichni mocn\u00ed z\u00e1padn\u00ed politici z\u00e1m\u011brn\u011b zkreslili, co se skute\u010dn\u011b stalo, aby vykreslili izraelsk\u00e9 tyrany jako bezmocn\u00e9 ob\u011bti. Toto je d\u016fvod.<\/span><\/p>\n<p><span>Mnoho lid\u00ed proto p\u0159irozen\u011b dosp\u011blo k z\u00e1v\u011bru, \u017ee Izrael si cen\u00ed sv\u00e9ho ozna\u010den\u00ed jako \u201ev\u011b\u010dn\u00e1 ob\u011b\u0165\u201c, co\u017e nakonec d\u00e1v\u00e1 smysl, proto\u017ee ob\u011bt\u00ed je \u201en\u011bkdo, kdo je vystaven \u00fatlaku, str\u00e1d\u00e1n\u00ed nebo zneu\u017e\u00edv\u00e1n\u00ed\u201c (Merriam-Webster). Nen\u00ed to ten, kdo utla\u010duje nebo p\u016fsob\u00ed str\u00e1d\u00e1n\u00ed nebo \u00fatlak. A ob\u011b\u0165 m\u016f\u017ee jednat zcela beztrestn\u011b, proto\u017ee je ter\u010dem t\u00fdr\u00e1n\u00ed a ne pachatelem. Ob\u011b\u0165 tedy m\u016f\u017ee sp\u00e1chat ty nejohavn\u011bj\u0161\u00ed zlo\u010diny, jak\u00e9 si lze p\u0159edstavit \u2013 dokonce i genocidu \u2013 a p\u0159itom tvrdit, \u017ee je zcela bez viny, proto\u017ee jako ob\u011b\u0165 jedn\u00e1 pouze v sebeobran\u011b.<\/span><\/p>\n<p><span>Vid\u00ed\u0161 to? Ob\u011b\u0165 je perfektn\u00ed alibi pro \u0161patn\u00e9 chov\u00e1n\u00ed.<\/span><\/p>\n<p><span>Nen\u00ed divu, \u017ee se Izrael rozhodl pos\u00edlit toto \u201epozlacen\u00e9\u201c ozna\u010den\u00ed vyprovokov\u00e1n\u00edm incidentu, kter\u00fd by o\u017eivil ducha evropsk\u00e9ho antisemitismu?<\/span><\/p>\n<div class=\"wp-block-image\">\n<figure class=\"aligncenter size-large\"><img decoding=\"async\" loading=\"lazy\" class=\"aligncenter\" src=\"https:\/\/i0.wp.com\/www.unz.com\/wp-content\/uploads\/2024\/11\/MaccabiMossadMW-2.jpg?w=800&amp;ssl=1\" alt=\"\" width=\"706\" height=\"706\" data-recalc-dims=\"1\" \/><\/figure>\n<\/div>\n<\/div>\n<\/div>\n<div class=\"elementor-element elementor-element-8c57238 quelle dc-has-condition dc-condition-empty elementor-widget elementor-widget-heading\" data-id=\"8c57238\" data-element_type=\"widget\" data-widget_type=\"heading.default\">\n<div class=\"elementor-widget-container\">\n<h3 class=\"elementor-heading-title elementor-size-default\"><span style=\"font-size: 10pt;\"><a href=\"https:\/\/www.unz.com\/mwhitney\/was-amsterdam-a-mossad-operation\/\" target=\"_blank\" rel=\"nofollow noopener\">Zdroj<\/a><\/span><\/h3>\n<p>&nbsp;<\/p>\n<\/div>\n<\/div>\n","protected":false},"excerpt":{"rendered":"<p>\u201cHamas se skr\u00fdv\u00e1 v Amsterdamu\u201d P\u0159eklad &#8222;X&#8220;\u00a0: Holandsk\u00fd @MinPres @ministerjenv @ministerBZ musel b\u00fdt informov\u00e1n a&#8230;<\/p>\n","protected":false},"author":2,"featured_media":66137,"comment_status":"closed","ping_status":"closed","sticky":false,"template":"","format":"standard","meta":[],"categories":[7],"tags":[3840,3269,1505],"_links":{"self":[{"href":"https:\/\/www.infokuryr.cz\/n\/wp-json\/wp\/v2\/posts\/66136"}],"collection":[{"href":"https:\/\/www.infokuryr.cz\/n\/wp-json\/wp\/v2\/posts"}],"about":[{"href":"https:\/\/www.infokuryr.cz\/n\/wp-json\/wp\/v2\/types\/post"}],"author":[{"embeddable":true,"href":"https:\/\/www.infokuryr.cz\/n\/wp-json\/wp\/v2\/users\/2"}],"replies":[{"embeddable":true,"href":"https:\/\/www.infokuryr.cz\/n\/wp-json\/wp\/v2\/comments?post=66136"}],"version-history":[{"count":1,"href":"https:\/\/www.infokuryr.cz\/n\/wp-json\/wp\/v2\/posts\/66136\/revisions"}],"predecessor-version":[{"id":66138,"href":"https:\/\/www.infokuryr.cz\/n\/wp-json\/wp\/v2\/posts\/66136\/revisions\/66138"}],"wp:featuredmedia":[{"embeddable":true,"href":"https:\/\/www.infokuryr.cz\/n\/wp-json\/wp\/v2\/media\/66137"}],"wp:attachment":[{"href":"https:\/\/www.infokuryr.cz\/n\/wp-json\/wp\/v2\/media?parent=66136"}],"wp:term":[{"taxonomy":"category","embeddable":true,"href":"https:\/\/www.infokuryr.cz\/n\/wp-json\/wp\/v2\/categories?post=66136"},{"taxonomy":"post_tag","embeddable":true,"href":"https:\/\/www.infokuryr.cz\/n\/wp-json\/wp\/v2\/tags?post=66136"}],"curies":[{"name":"wp","href":"https:\/\/api.w.org\/{rel}","templated":true}]}}