{"id":66130,"date":"2024-11-14T00:37:34","date_gmt":"2024-11-13T23:37:34","guid":{"rendered":"https:\/\/www.infokuryr.cz\/n\/?p=66130"},"modified":"2024-11-13T15:17:53","modified_gmt":"2024-11-13T14:17:53","slug":"steve-kirsch-udaje-ukazuji-ze-ockovani-zhorsilo-infekce","status":"publish","type":"post","link":"https:\/\/www.infokuryr.cz\/n\/2024\/11\/14\/steve-kirsch-udaje-ukazuji-ze-ockovani-zhorsilo-infekce\/","title":{"rendered":"Steve Kirsch: \u00dadaje ukazuj\u00ed, \u017ee o\u010dkov\u00e1n\u00ed zhor\u0161ilo infekce"},"content":{"rendered":"<div id=\"fb-root\"><\/div>\n<div class=\"elementor-element elementor-element-1fb4c2c elementor-widget elementor-widget-theme-post-content\" data-id=\"1fb4c2c\" data-element_type=\"widget\" data-widget_type=\"theme-post-content.default\">\n<div class=\"elementor-widget-container\">\n<p><span>\u00dadaje o odpadn\u00edch vod\u00e1ch z vysoce proo\u010dkovan\u00e9ho okresu Santa Clara ukazuj\u00ed zv\u00fd\u0161en\u00e9 zat\u00ed\u017een\u00ed SARS-CoV-2 nad celost\u00e1tn\u00ed pr\u016fm\u011br. To nazna\u010duje, \u017ee vakc\u00edna COVID sp\u00ed\u0161e zv\u00fd\u0161ila ne\u017e sn\u00ed\u017eila riziko infekce.<\/span><\/p>\n<p><span style=\"font-size: 18pt;\"><strong>Shrnut\u00ed:<\/strong><\/span><\/p>\n<p><span>V siln\u011b proo\u010dkovan\u00e9m okrese Santa Clara je virov\u00e1 z\u00e1t\u011b\u017e v odpadn\u00edch vod\u00e1ch vy\u0161\u0161\u00ed ne\u017e pr\u016fm\u011br v USA. Pokud by byla vakc\u00edna \u00fa\u010dinn\u00e1, hodnoty by musely b\u00fdt ni\u017e\u0161\u00ed. Nemus\u00edte b\u00fdt v\u011bdec, abyste to vid\u011bli \u2013 sta\u010d\u00ed kritick\u00e9 my\u0161len\u00ed.<\/span><\/p>\n<p><span>Zd\u00e1 se, \u017ee vakc\u00edna zp\u016fsobila v\u00edce p\u0159\u00edpad\u016f, ne\u017e aby je sn\u00ed\u017eila. Proto o tom nikdo ve\u0159ejn\u011b nemluv\u00ed.<\/span><\/p>\n<p><span style=\"font-size: 18pt;\"><strong>Datov\u00e1 situace:<\/strong><\/span><\/p>\n<p><span>M\u011b\u0159en\u00ed odpadn\u00edch vod okresu Santa Clara v pr\u016fb\u011bhu \u010dasu ukazuje, \u017ee n\u00e1r\u016fsty infekc\u00ed byly po o\u010dkov\u00e1n\u00ed vy\u0161\u0161\u00ed. Od zdravotnick\u00e9ho \u00fa\u0159adu v\u0161ak nebylo mo\u017en\u00e9 obdr\u017eet \u017e\u00e1dn\u00e9 p\u0159ipom\u00ednky; Nov\u00fd z\u00e1stupce m\u00e9di\u00ed ponechal m\u016fj dotaz bez odpov\u011bdi \u2013 tak dnes vypad\u00e1 v\u011bdeck\u00e1 komunikace.<\/span><\/p>\n<div class=\"wp-block-image\">\n<figure class=\"aligncenter size-large\"><img decoding=\"async\" src=\"https:\/\/i0.wp.com\/substackcdn.com\/image\/fetch\/w_1456%2Cc_limit%2Cf_webp%2Cq_auto%3Agood%2Cfl_progressive%3Asteep\/https%253A%252F%252Fsubstack-post-media.s3.amazonaws.com%252Fpublic%252Fimages%252F982de364-8706-4fa4-8095-ff88d3c51754_1887x660.png?w=800&amp;ssl=1\" alt=\"\" data-recalc-dims=\"1\" \/><\/figure>\n<\/div>\n<p><span>Porovnejte to s\u00a0<\/span><a href=\"https:\/\/biobot.io\/risk-reports\/covid-19-influenza-and-rsv-wastewater-monitoring-in-the-u-s-week-of-october-26-2024\/\" target=\"_blank\" rel=\"noreferrer noopener\"><span>celost\u00e1tn\u00edmi \u010d\u00edsly<\/span><\/a><span>\u00a0, kter\u00e1 klesla po vrcholu Omicron:<\/span><\/p>\n<div class=\"wp-block-image\">\n<figure class=\"aligncenter size-large\"><img decoding=\"async\" src=\"https:\/\/i0.wp.com\/substackcdn.com\/image\/fetch\/w_1456%2Cc_limit%2Cf_webp%2Cq_auto%3Agood%2Cfl_progressive%3Asteep\/https%253A%252F%252Fsubstack-post-media.s3.amazonaws.com%252Fpublic%252Fimages%252Fcecfce03-bda3-42ca-80e9-0326841deee7_1024x576.png?w=800&amp;ssl=1\" alt=\"\" data-recalc-dims=\"1\" \/><\/figure>\n<\/div>\n<p><span style=\"font-size: 18pt;\"><strong>N\u00e1rodn\u00ed \u00fadaje jasn\u011b ukazuj\u00ed: SARS-CoV-2 je virus<\/strong><\/span><\/p>\n<p><span>K takov\u00e9mu vrcholu infekce m\u016f\u017ee doj\u00edt pouze v p\u0159\u00edpad\u011b, \u017ee je skute\u010dn\u011b p\u0159\u00edtomen virus. To vyvrac\u00ed my\u0161lenku, \u017ee neexistuj\u00ed \u017e\u00e1dn\u00e9 viry.<\/span><\/p>\n<p><span style=\"font-size: 18pt;\"><strong>Z\u00e1v\u011br:<\/strong><\/span><\/p>\n<p><span>Srovn\u00e1n\u00ed mezi siln\u011b proo\u010dkovan\u00fdm okresem Santa Clara a celost\u00e1tn\u00edm pr\u016fm\u011brem ukazuje, \u017ee o\u010dkov\u00e1n\u00ed, pokud v\u016fbec n\u011bco, probl\u00e9m infekce zhor\u0161ilo. Nemus\u00edte b\u00fdt odborn\u00edk, abyste to poznali.<\/span><\/p>\n<p><span>\u00damrtnost se navzdory o\u010dkov\u00e1n\u00ed nesn\u00ed\u017eila, ale zv\u00fd\u0161ila.<\/span><\/p>\n<p><span>Kdy budou zdravotnick\u00e9 org\u00e1ny p\u0159ipraveny tuto diskusi \u0159e\u0161it?<\/span><\/p>\n<\/div>\n<\/div>\n<div class=\"elementor-element elementor-element-8c57238 quelle dc-has-condition dc-condition-empty elementor-widget elementor-widget-heading\" data-id=\"8c57238\" data-element_type=\"widget\" data-widget_type=\"heading.default\">\n<div class=\"elementor-widget-container\">\n<h3 class=\"elementor-heading-title elementor-size-default\"><span style=\"font-size: 10pt;\"><a href=\"https:\/\/kirschsubstack.com\/p\/santa-clara-countys-wastewater-shows?utm_source=post-email-title&amp;publication_id=548354&amp;post_id=151179181&amp;utm_campaign=email-post-title&amp;isFreemail=true&amp;r=pf6gr&amp;triedRedirect=true&amp;utm_medium=email\" target=\"_blank\" rel=\"nofollow noopener\">Zdroj<\/a><\/span><\/h3>\n<p>&nbsp;<\/p>\n<\/div>\n<\/div>\n","protected":false},"excerpt":{"rendered":"<p>\u00dadaje o odpadn\u00edch vod\u00e1ch z vysoce proo\u010dkovan\u00e9ho okresu Santa Clara ukazuj\u00ed zv\u00fd\u0161en\u00e9 zat\u00ed\u017een\u00ed SARS-CoV-2 nad&#8230;<\/p>\n","protected":false},"author":2,"featured_media":42368,"comment_status":"closed","ping_status":"closed","sticky":false,"template":"","format":"standard","meta":[],"categories":[7],"tags":[23,1082,213,651],"_links":{"self":[{"href":"https:\/\/www.infokuryr.cz\/n\/wp-json\/wp\/v2\/posts\/66130"}],"collection":[{"href":"https:\/\/www.infokuryr.cz\/n\/wp-json\/wp\/v2\/posts"}],"about":[{"href":"https:\/\/www.infokuryr.cz\/n\/wp-json\/wp\/v2\/types\/post"}],"author":[{"embeddable":true,"href":"https:\/\/www.infokuryr.cz\/n\/wp-json\/wp\/v2\/users\/2"}],"replies":[{"embeddable":true,"href":"https:\/\/www.infokuryr.cz\/n\/wp-json\/wp\/v2\/comments?post=66130"}],"version-history":[{"count":0,"href":"https:\/\/www.infokuryr.cz\/n\/wp-json\/wp\/v2\/posts\/66130\/revisions"}],"wp:featuredmedia":[{"embeddable":true,"href":"https:\/\/www.infokuryr.cz\/n\/wp-json\/wp\/v2\/media\/42368"}],"wp:attachment":[{"href":"https:\/\/www.infokuryr.cz\/n\/wp-json\/wp\/v2\/media?parent=66130"}],"wp:term":[{"taxonomy":"category","embeddable":true,"href":"https:\/\/www.infokuryr.cz\/n\/wp-json\/wp\/v2\/categories?post=66130"},{"taxonomy":"post_tag","embeddable":true,"href":"https:\/\/www.infokuryr.cz\/n\/wp-json\/wp\/v2\/tags?post=66130"}],"curies":[{"name":"wp","href":"https:\/\/api.w.org\/{rel}","templated":true}]}}