{"id":66124,"date":"2024-11-14T00:32:57","date_gmt":"2024-11-13T23:32:57","guid":{"rendered":"https:\/\/www.infokuryr.cz\/n\/?p=66124"},"modified":"2024-11-13T16:29:50","modified_gmt":"2024-11-13T15:29:50","slug":"proc-byla-barevna-revoluce-v-moldavsku-odvolana","status":"publish","type":"post","link":"https:\/\/www.infokuryr.cz\/n\/2024\/11\/14\/proc-byla-barevna-revoluce-v-moldavsku-odvolana\/","title":{"rendered":"Pro\u010d byla barevn\u00e1 revoluce v Moldavsku odvol\u00e1na?"},"content":{"rendered":"<div id=\"fb-root\"><\/div>\n<p><span style=\"font-size: 14pt;\"><strong>Kdo je obda\u0159en by\u0165 jen skromnou schopnost\u00ed politick\u00e9ho my\u0161len\u00ed, snadno pozn\u00e1 pok\u0159ivenou hru a zhoubn\u00e1 pravidla, podle nich\u017e se hraje.\u00a0<\/strong><\/span><\/p>\n<p>Tato ot\u00e1zka je samoz\u0159ejm\u011b \u0159e\u010dnick\u00e1, proto\u017ee takov\u00e1 akce nebyla nikdy napl\u00e1nov\u00e1na. Spr\u00e1vn\u011b formulovan\u00e1 ot\u00e1zka zn\u00ed, pro\u010d po podvodn\u00fdch volb\u00e1ch, kter\u00e9 v t\u00e9to zemi ned\u00e1vno prob\u011bhly, nyn\u00ed v Moldavsku neprob\u00edh\u00e1 klasick\u00e1 barevn\u00e1 revoluce? Zjevn\u011b\u00a0\u00a0<a href=\"https:\/\/www.youtube.com\/watch?v=Q-oGD4o7Gyc\">nespravedliv\u00fd \u201evolebn\u00ed\u201c proces<\/a>\u00a0\u00a0, kter\u00fd vy\u00fastil v \u00fadajn\u00e9 v\u00edt\u011bzstv\u00ed Maii Sanduov\u00e9, kritick\u00e9 pro kolektivn\u00ed Z\u00e1pad, proto\u017ee jeho dobrodru\u017estv\u00ed na Ukrajin\u011b se m\u011bn\u00ed v debakl, spl\u0148uje v\u0161echna krit\u00e9ria, kter\u00e1 m\u011bla spustit \u201espont\u00e1nn\u00ed\u201c barevnou revoluci takov\u00e9ho druhu, jakou jsme my. bolestn\u011b si zvykl.<\/p>\n<p>Ale m\u00edsto toho, aby \u010delila ob\u010dansk\u00fdm turbulenc\u00edm kv\u016fli nepoctiv\u011b proveden\u00fdm prezidentsk\u00fdm volb\u00e1m dne 3. listopadu, byla naopak horliv\u00e1 obh\u00e1jkyn\u011b NATO a EU a mlad\u00e1 v\u016fdkyn\u011b Sv\u011btov\u00e9ho ekonomick\u00e9ho f\u00f3ra Sandu hojn\u011b chv\u00e1lena a v\u0159ele gratulov\u00e1na k jej\u00edmu fale\u0161n\u00e9mu triumfu.<\/p>\n<p>Sou\u010dasn\u011b prob\u00edh\u00e1 v Gruzii spole\u010dn\u00fd pokus vyvolat zm\u011bnu re\u017eimu pomoc\u00ed n\u00e1stroj\u016f klasick\u00e9 barevn\u00e9 revoluce. Zat\u00edm to ztroskotalo ne pro nedostatek snahy, ale kv\u016fli politick\u00e9 vysp\u011blosti, kterou projevil gruz\u00ednsk\u00fd lid, kter\u00fd odm\u00edtl vz\u00edt n\u00e1vnadu. Z\u00e1minkou byly \u00fadajn\u011b sporn\u00e9 parlamentn\u00ed volby v Gruzii, jejich\u017e \u010d\u00edseln\u00fd v\u00fdsledek favorizuj\u00edc\u00ed vl\u00e1dn\u00ed stranu (asi 54 %) a opozici (45 %) zhruba odpov\u00edd\u00e1 kontrastn\u011b p\u0159ijateln\u00e9mu v\u00fdsledku v Moldavsku. V \u010dem byl z\u00e1sadn\u00ed rozd\u00edl? Ke schv\u00e1len\u00ed ve\u0159ejnosti v t\u011bchto volb\u00e1ch pat\u0159ila p\u0159edev\u0161\u00edm geopolitick\u00e1 orientace p\u0159\u00edslu\u0161n\u00fdch vl\u00e1d a skute\u010dnost, \u017ee \u201enevl\u00e1dn\u00ed organizace\u201c, kter\u00e9 na p\u0159\u00edkaz spou\u0161t\u011bj\u00ed agitaci za zm\u011bnu re\u017eimu, jsou pod kontrolou kolektivn\u00edch zpravodajsk\u00fdch slu\u017eeb Z\u00e1padu. Tyto agentury a vl\u00e1dy, jejich\u017e pokyny prov\u00e1d\u011bj\u00ed, nepracuj\u00ed s faktickou, ale utilit\u00e1rn\u00ed koncepc\u00ed toho, co jsou spravedliv\u00e9 a svobodn\u00e9 volby. Pokud jako v Moldavsku v\u00fdsledek poslou\u017e\u00ed spole\u010dn\u00fdm c\u00edl\u016fm Z\u00e1padu, budou volby spravedliv\u00e9; pokud jim to br\u00e1n\u00ed jako v Gruzii, je to podvod. V Moldavsku je klid, proto\u017ee m\u00edstn\u00edm n\u00e1den\u00edk\u016fm bylo na\u0159\u00edzeno, aby nevyvol\u00e1vali nespokojenost ve\u0159ejnosti, zat\u00edmco v Gruzii jim byl vyd\u00e1n opa\u010dn\u00fd pokyn.<\/p>\n<p>Dal\u0161\u00edm pozoruhodn\u00fdm rozd\u00edlem je to, \u017ee ohromn\u00e9 \u200b\u200bnesrovnalosti volebn\u00edho procesu v Moldavsku jsou dostate\u010dn\u011b zdokumentov\u00e1ny, zat\u00edmco\u00a0\u00a0<a href=\"https:\/\/strategic-culture.su\/news\/2024\/10\/31\/in-georgia-moldova-its-%ce%bf%cf%87%ce%b9-for-nato-and-eu\/\">obvin\u011bn\u00ed z podobn\u00e9ho pochyben\u00ed v Gruzii z\u016fst\u00e1vaj\u00ed nepodlo\u017een\u00e1 \u017e\u00e1dn\u00fdmi d\u016fkazy<\/a>\u00a0. Ale v \u0159\u00e1du zalo\u017een\u00e9m na pravidlech na tom t\u00e9m\u011b\u0159 nez\u00e1le\u017e\u00ed.<\/p>\n<p>Zcela utilitaristick\u00fd charakter hodnocen\u00ed, alespo\u0148 ze strany z\u00e1padn\u00edch politick\u00fdch instituc\u00ed a m\u00e9di\u00ed, zda byly volby legitimn\u00ed \u010di nikoli, dokl\u00e1d\u00e1 skute\u010dnost, \u017ee velk\u00e1 \u010d\u00e1st moldavsk\u00e9ho elektor\u00e1tu s\u00eddl\u00edc\u00edho v Rusku, jeho\u017e po\u010det se odhaduje na p\u016fl milionu , byli fakticky zbaveni volebn\u00edho procesu. Toho bylo dosa\u017eeno drastick\u00fdm sn\u00ed\u017een\u00edm po\u010dtu moldavsk\u00fdch volebn\u00edch m\u00edstnost\u00ed na rusk\u00e9m \u00fazem\u00ed na pouhou hrstku a zp\u0159\u00edstupn\u011bn\u00edm pouze 10 000 pap\u00edrov\u00fdch hlasovac\u00edch l\u00edstk\u016f (kupodivu nikoho v Ki\u0161in\u011bvu nenapadlo pou\u017e\u00edvat m\u00edsto toho hlasovac\u00ed za\u0159\u00edzen\u00ed Dominion) pro moldavsk\u00e9 ob\u010dany s bydli\u0161t\u011bm v Rusko, kter\u00e9 dok\u00e1zalo p\u0159ekonat v\u0161echny p\u0159ek\u00e1\u017eky, aby uplatnilo sv\u00e9 volebn\u00ed pr\u00e1vo.<\/p>\n<p>Na druhou stranu, pro zd\u016frazn\u011bn\u00ed p\u0159\u00edsn\u00e9ho dodr\u017eov\u00e1n\u00ed \u201eevropsk\u00fdch hodnot\u201c moldavsk\u00fdm re\u017eimem, nebyly moldavsk\u00e9 diaspo\u0159e v Evropsk\u00e9 unii kladeny \u017e\u00e1dn\u00e9 p\u0159ek\u00e1\u017eky, aby se z\u00fa\u010dastnila prezidentsk\u00fdch voleb v zemi, ke kter\u00e9 m\u016f\u017ee m\u00edt vztah, ale kde nes\u00eddl\u00ed. Kalkulace moldavsk\u00e9ho re\u017eimu spo\u010d\u00edvala v tom, \u017ee v\u011bt\u0161ina Moldavan\u016f \u017eij\u00edc\u00edch a zam\u011bstnan\u00fdch v EU m\u00e1 soukrom\u00fd z\u00e1jem nenaru\u0161it proces p\u0159istoupen\u00ed Moldavska k Evropsk\u00e9 unii, jakkoli vzd\u00e1len\u00e9 vyhl\u00eddky, proto\u017ee jejich leg\u00e1ln\u00ed pobyt v Evrop\u011b a n\u00e1sledn\u011b i pracovn\u00ed m\u00edsta, kter\u00e1 tam zast\u00e1vaj\u00ed, jim umo\u017e\u0148uj\u00ed na tom z\u00e1vis\u00ed pos\u00edl\u00e1n\u00ed remitenc\u00ed p\u0159\u00edbuzn\u00fdm do zb\u00edda\u010den\u00e9ho Moldavska. Na rozd\u00edl od Moldavan\u016f \u017eij\u00edc\u00edch v Rusku je tento segment moldavsk\u00e9 diaspory vysoce motivov\u00e1n ekonomick\u00fdmi z\u00e1jmy volit Maiu Sandu a jej\u00ed proevropskou politiku. V referendu o zakotven\u00ed c\u00edle p\u0159istoupen\u00ed k EU do moldavsk\u00e9 \u00fastavy, konan\u00e9m za stejn\u011b nerovn\u00fdch podm\u00ednek a sou\u010dasn\u011b s prvn\u00edm kolem prezidentsk\u00fdch voleb 20. \u0159\u00edjna, umo\u017enilo navrhovan\u00e9 opat\u0159en\u00ed pr\u00e1v\u011b hlasov\u00e1n\u00ed moldavsk\u00e9 diaspory s\u00eddl\u00edc\u00ed v EU. p\u0159evl\u00e1dnout, i kdy\u017e s nepatrn\u00fdm rozp\u011bt\u00edm zlomku jedin\u00e9ho procentn\u00edho bodu.<\/p>\n<p>V obou p\u0159\u00edpadech v\u011bt\u0161ina lid\u00ed skute\u010dn\u011b \u017eij\u00edc\u00edch v Moldavsku, kte\u0159\u00ed m\u011bli b\u00fdt v\u00fdsledkem hlasov\u00e1n\u00ed p\u0159\u00edmo ovlivn\u011bni, nepodpo\u0159ila ani proevropskou politiku sv\u00e9 vl\u00e1dy, ani zvolen\u00ed z\u00e1padn\u00ed loutky Maia Sandu do prezidentsk\u00e9 funkce. jejich zem\u011b. V\u00fdsledky p\u0159\u00edzniv\u00e9 pro z\u00e1padn\u00ed z\u00e1jmy byly dosa\u017eeny uch\u00fdlen\u00edm se ke korup\u010dn\u00edm praktik\u00e1m a flagrantn\u00edmu volebn\u00edmu in\u017een\u00fdrstv\u00ed.<\/p>\n<p>Po ned\u00e1vn\u00fdch volb\u00e1ch v Moldavsku tedy pochopiteln\u011b nedo\u0161lo k barevn\u00e9 revoluci, p\u0159esto\u017ee byly spln\u011bny v\u0161echny objektivn\u00ed podm\u00ednky pro jej\u00ed spu\u0161t\u011bn\u00ed z p\u0159\u00edru\u010dky Gene Sharpa. V tomto ohledu sta\u010d\u00ed p\u0159ipomenout jeden ze z\u00e1kladn\u00edch spou\u0161t\u011b\u010d\u016f, kter\u00e9 v minulosti vedly ke svr\u017een\u00ed mnoha legitimn\u00edch vl\u00e1d, kter\u00e9 nebyly p\u0159ipraveny pod\u0159\u00eddit se politick\u00e9mu dikt\u00e1tu nastolovan\u00e9mu arogantn\u00edmi z\u00e1padn\u00edmi hegemony.<\/p>\n<p>Sharpova doktr\u00edna p\u0159edepisuje, \u017ee t\u011bsn\u00fd volebn\u00ed v\u00fdsledek ide\u00e1ln\u011b usnad\u0148uje \u00fakol profesion\u00e1ln\u011b organizovan\u00fdch a bohat\u011b financovan\u00fdch barevn\u00fdch revolucion\u00e1\u0159\u016f, kte\u0159\u00ed pot\u0159ebuj\u00ed v\u011brohodnou z\u00e1minku k mobilizaci a \u0159\u00edzen\u00ed bezradn\u00fdch mas. Je to proto, \u017ee dod\u00e1v\u00e1 d\u016fv\u011bryhodnost obvin\u011bn\u00ed ze zneu\u017eit\u00ed nam\u00ed\u0159en\u00e9ho proti c\u00edlen\u00e9mu \u201ere\u017eimu\u201c a podn\u011bcuje pocit k\u0159ivdy mezi obyvateli, kte\u0159\u00ed byli \u00fadajn\u011b podvedeni, aby \u00fa\u010dinn\u011b prosazovali svou politickou v\u016fli.<\/p>\n<p>K takov\u00e9mu protipr\u00e1vn\u00edmu jedn\u00e1n\u00ed do\u0161lo p\u0159esn\u011b v Moldavsku, ale v Gruzii k n\u011bmu nedo\u0161lo. Moldavsko je ale pokryto \u00fazkou a na rozd\u00edl od Gruzie nekontrolovanou s\u00edt\u00ed Z\u00e1padem financovan\u00fdch \u201enevl\u00e1dn\u00edch organizac\u00ed\u201c, kter\u00e9 standardn\u011b uplat\u0148uj\u00ed monopol na dezinformace a aktivity \u201eob\u010dansk\u00e9 spole\u010dnosti\u201c. V d\u016fsledku toho v Moldavsku neexistuje \u017e\u00e1dn\u00e9 hnut\u00ed, kter\u00e9 by odsuzovalo zjevn\u00e9 syst\u00e9mov\u00e9 podvody nebo zpochyb\u0148ovalo legitimitu re\u017eimu zahrani\u010dn\u00edch vazal\u016f, kte\u0159\u00ed svou vl\u00e1du zakl\u00e1daj\u00ed na simulakru autority odvozen\u00e9 z tohoto podvodu. Je to proto, jak jsme vysv\u011btlili, krit\u00e9ria, kter\u00e1 jsou v\u017edy uplat\u0148ov\u00e1na, jsou nestoudn\u011b utilit\u00e1rn\u00ed; \u201ekonstruktivn\u00ed\u201c podvody jako v Moldavsku, kter\u00e9 slou\u017e\u00ed z\u00e1jm\u016fm loutk\u00e1\u0159\u016f, jsou v\u017edy spr\u00e1vn\u00e9 a bez\u00fahonn\u00e9.<\/p>\n<p>Poctiv\u00e9 volby, jako v Gruzii, kter\u00e9 jdou proti proudu v\u017edy a bez ohledu na v\u011bcnou strukturu, jsou odsuzov\u00e1ny jako podvodn\u00e9.<\/p>\n<p>Kdo je obda\u0159en by\u0165 jen skromnou schopnost\u00ed politick\u00e9ho my\u0161len\u00ed, snadno pozn\u00e1 pok\u0159ivenou hru a zhoubn\u00e1 pravidla, podle nich\u017e se hraje.<\/p>\n<p><a href=\"https:\/\/strategic-culture.su\/news\/2024\/11\/08\/why-has-the-colour-revolution-in-moldova-been-called-off\/\"><em><strong>Stephen Karganovi\u010d<\/strong><\/em><\/a><\/p>\n<p><img decoding=\"async\" src=\"https:\/\/strategic-culture.su\/wp-content\/uploads\/2017\/06\/KARGANOVIC_1-1-175x230.jpg\" \/><\/p>\n<p>&nbsp;<\/p>\n","protected":false},"excerpt":{"rendered":"<p>Kdo je obda\u0159en by\u0165 jen skromnou schopnost\u00ed politick\u00e9ho my\u0161len\u00ed, snadno pozn\u00e1 pok\u0159ivenou hru a zhoubn\u00e1&#8230;<\/p>\n","protected":false},"author":2,"featured_media":66125,"comment_status":"closed","ping_status":"closed","sticky":false,"template":"","format":"standard","meta":[],"categories":[7],"tags":[4665,1503,1506,27],"_links":{"self":[{"href":"https:\/\/www.infokuryr.cz\/n\/wp-json\/wp\/v2\/posts\/66124"}],"collection":[{"href":"https:\/\/www.infokuryr.cz\/n\/wp-json\/wp\/v2\/posts"}],"about":[{"href":"https:\/\/www.infokuryr.cz\/n\/wp-json\/wp\/v2\/types\/post"}],"author":[{"embeddable":true,"href":"https:\/\/www.infokuryr.cz\/n\/wp-json\/wp\/v2\/users\/2"}],"replies":[{"embeddable":true,"href":"https:\/\/www.infokuryr.cz\/n\/wp-json\/wp\/v2\/comments?post=66124"}],"version-history":[{"count":0,"href":"https:\/\/www.infokuryr.cz\/n\/wp-json\/wp\/v2\/posts\/66124\/revisions"}],"wp:featuredmedia":[{"embeddable":true,"href":"https:\/\/www.infokuryr.cz\/n\/wp-json\/wp\/v2\/media\/66125"}],"wp:attachment":[{"href":"https:\/\/www.infokuryr.cz\/n\/wp-json\/wp\/v2\/media?parent=66124"}],"wp:term":[{"taxonomy":"category","embeddable":true,"href":"https:\/\/www.infokuryr.cz\/n\/wp-json\/wp\/v2\/categories?post=66124"},{"taxonomy":"post_tag","embeddable":true,"href":"https:\/\/www.infokuryr.cz\/n\/wp-json\/wp\/v2\/tags?post=66124"}],"curies":[{"name":"wp","href":"https:\/\/api.w.org\/{rel}","templated":true}]}}