{"id":6610,"date":"2021-12-04T03:15:50","date_gmt":"2021-12-04T02:15:50","guid":{"rendered":"http:\/\/www.infokuryr.cz\/n\/?p=6610"},"modified":"2021-12-04T03:15:50","modified_gmt":"2021-12-04T02:15:50","slug":"v-polsku-se-mluvi-o-budovani-ctvrte-rise-v-evrope","status":"publish","type":"post","link":"https:\/\/www.infokuryr.cz\/n\/2021\/12\/04\/v-polsku-se-mluvi-o-budovani-ctvrte-rise-v-evrope\/","title":{"rendered":"V Polsku se mluv\u00ed o budov\u00e1n\u00ed \u201e\u010dtvrt\u00e9 \u0159\u00ed\u0161e\u201c v Evrop\u011b"},"content":{"rendered":"<div id=\"fb-root\"><\/div>\n<p><strong>\u0160\u00e9f vl\u00e1dnouc\u00ed strany v Polsku Pr\u00e1vo a spravedlnost (PiS) Jaroslaw Kaczynski na mimo\u0159\u00e1dn\u00e9 sch\u016fzi parlamentn\u00edho klubu frakce promluvil o \u00fadajn\u00e9m budov\u00e1n\u00ed \u201e\u010dtvrt\u00e9 \u0159\u00ed\u0161e\u201c v Evropsk\u00e9 unii. Informuje o tom port\u00e1l Wirtualna Polska.<\/strong><\/p>\n<p>N\u011bkter\u00e9 politiky udivila slova, kter\u00e1 ned\u00e1vno\u00a0pronesl\u00a0Kaczynski.<\/p>\n<p>\u201eN\u011bmecko chce vybudovat \u010dtvrtou \u0159\u00ed\u0161i. To nedopust\u00edme,\u201c cituje port\u00e1l slova politika, kter\u00e1 interpretovali poslanci p\u0159\u00edtomn\u00ed na sch\u016fzi.<\/p>\n<p>Partne\u0159i dan\u00e9ho port\u00e1lu p\u0159itom p\u0159ipustili, \u017ee je takov\u00e9 prohl\u00e1\u0161en\u00ed\u00a0p\u0159ekvapilo. Objasnili rovn\u011b\u017e, \u017ee si to nelze vykl\u00e1dat jako vtip.<\/p>\n<p>Nicm\u00e9n\u011b, co p\u0159esn\u011b se\u00a0<strong>Kaczynski<\/strong>\u00a0sna\u017eil touto fr\u00e1z\u00ed poslanc\u016fm sd\u011blit, zat\u00edm st\u00e1le nen\u00ed zn\u00e1mo. \u0160\u00e9f strany se k tomuto t\u00e9matu zat\u00edm ofici\u00e1ln\u011b nevyj\u00e1d\u0159il.<\/p>\n<p><strong>Litva, Loty\u0161sko a Polsko dostanou od EU 200 milion\u016f eur na ochranu hranic<\/strong><\/p>\n<p>Ned\u00e1vno jsme\u00a0informovali\u00a0o tom, \u017ee bylo p\u0159ijato rozhodnut\u00ed ztrojn\u00e1sobit finan\u010dn\u00ed prost\u0159edky EU pro Litvu, Loty\u0161sko a Polsko na 200 milion\u016f eur. Uvedla to p\u0159edsedkyn\u011b Evropsk\u00e9 komise Ursula von der Leyenov\u00e1.<\/p>\n<p>\u201eLitva ji\u017e obdr\u017eela nouzovou podporu ve v\u00fd\u0161i 37 milion\u016f eur. Jak jsem v\u0161ak ozn\u00e1mila na za\u010d\u00e1tku tohoto t\u00fddne, ztrojn\u00e1sob\u00edme finan\u010dn\u00ed prost\u0159edky EU na ochranu hranic pro Litvu, Polsko a Loty\u0161sko na 200 milion\u016f eur v tomto a p\u0159\u00ed\u0161t\u00edm roce,\u201c uvedla na tiskov\u00e9 konferenci ve Vilniusu.<\/p>\n<p><a href=\"https:\/\/cz.sputniknews.com\/20211202\/media-v-polsku-se-mluvi-o-budovani-ctvrte-rise-v-evrope-16719947.html\">ZDROJ<\/a><\/p>\n<p>&nbsp;<\/p>\n","protected":false},"excerpt":{"rendered":"<p>\u0160\u00e9f vl\u00e1dnouc\u00ed strany v Polsku Pr\u00e1vo a spravedlnost (PiS) Jaroslaw Kaczynski na mimo\u0159\u00e1dn\u00e9 sch\u016fzi parlamentn\u00edho&#8230;<\/p>\n","protected":false},"author":2,"featured_media":6611,"comment_status":"closed","ping_status":"closed","sticky":false,"template":"","format":"standard","meta":[],"categories":[7],"tags":[31,48],"_links":{"self":[{"href":"https:\/\/www.infokuryr.cz\/n\/wp-json\/wp\/v2\/posts\/6610"}],"collection":[{"href":"https:\/\/www.infokuryr.cz\/n\/wp-json\/wp\/v2\/posts"}],"about":[{"href":"https:\/\/www.infokuryr.cz\/n\/wp-json\/wp\/v2\/types\/post"}],"author":[{"embeddable":true,"href":"https:\/\/www.infokuryr.cz\/n\/wp-json\/wp\/v2\/users\/2"}],"replies":[{"embeddable":true,"href":"https:\/\/www.infokuryr.cz\/n\/wp-json\/wp\/v2\/comments?post=6610"}],"version-history":[{"count":0,"href":"https:\/\/www.infokuryr.cz\/n\/wp-json\/wp\/v2\/posts\/6610\/revisions"}],"wp:featuredmedia":[{"embeddable":true,"href":"https:\/\/www.infokuryr.cz\/n\/wp-json\/wp\/v2\/media\/6611"}],"wp:attachment":[{"href":"https:\/\/www.infokuryr.cz\/n\/wp-json\/wp\/v2\/media?parent=6610"}],"wp:term":[{"taxonomy":"category","embeddable":true,"href":"https:\/\/www.infokuryr.cz\/n\/wp-json\/wp\/v2\/categories?post=6610"},{"taxonomy":"post_tag","embeddable":true,"href":"https:\/\/www.infokuryr.cz\/n\/wp-json\/wp\/v2\/tags?post=6610"}],"curies":[{"name":"wp","href":"https:\/\/api.w.org\/{rel}","templated":true}]}}