{"id":66091,"date":"2024-11-13T05:34:46","date_gmt":"2024-11-13T04:34:46","guid":{"rendered":"https:\/\/www.infokuryr.cz\/n\/?p=66091"},"modified":"2024-11-13T05:34:46","modified_gmt":"2024-11-13T04:34:46","slug":"sef-nemecke-tajne-sluzby-s-odznakem-lgbtp-je-teply-nebo-ma-podporu-deviantu-v-popisu-prace","status":"publish","type":"post","link":"https:\/\/www.infokuryr.cz\/n\/2024\/11\/13\/sef-nemecke-tajne-sluzby-s-odznakem-lgbtp-je-teply-nebo-ma-podporu-deviantu-v-popisu-prace\/","title":{"rendered":"\u0160\u00e9f n\u011bmeck\u00e9 tajn\u00e9 slu\u017eby s odznakem LGBT++P. Je tepl\u00fd, nebo m\u00e1 podporu deviant\u016f v popisu \u201epr\u00e1ce\u201c?"},"content":{"rendered":"<div id=\"fb-root\"><\/div>\n<p><strong>\u0160\u00e9f n\u011bmeck\u00e9 tajn\u00e9 slu\u017eby Thomas Haldenwang (\u00da\u0159ad na ochranu \u00fastavy) u\u017e ztratil ve\u0161ker\u00e9 z\u00e1brany a podle v\u0161eho i soudnost. Ve\u0159ejn\u011b se ukazuje s vlajkou hnut\u00ed podporuj\u00edc\u00ed LGBT++P agendu.\u00a0<\/strong>Je zbyte\u010dn\u00e9 snad zmi\u0148ovat, \u017ee byl nominov\u00e1n \u201ek\u0159es\u0165anskou\u201c CDU a \u00fadajn\u011b je evangel\u00edk. Takov\u00fdch \u201ek\u0159es\u0165an\u016f\u201c jsou dnes evropsk\u00e9 \u201ekonzervativn\u00ed strany: pln\u00e9.\u00a0<strong>Podle n\u011bmeck\u00e9ho tisku nen\u00ed ofici\u00e1ln\u011b \u017eenat\u00fd a je mo\u017en\u00e9, \u017ee je s\u00e1m tepl\u00fd.<\/strong><\/p>\n<p>Co ale je zaj\u00edmav\u00e9, \u017ee\u00a0<strong>se \u0161\u00e9f takov\u00e9 z podstaty politicky neutr\u00e1ln\u00ed instituce hl\u00e1s\u00ed ke sv\u00fdm politick\u00fdm a mo\u017en\u00e1 osobn\u00edm osobn\u00edm preferenc\u00edm.<\/strong>\u00a0Obzvl\u00e1\u0161t\u011b v dob\u011b, kdy jeho \u00fa\u0159ad ofici\u00e1ln\u011b bojuje proti n\u011bmeck\u00e9 parlamentn\u00ed opozici AfD?! Nebo snad\u00a0<strong>propagace LGBT++P agendy pat\u0159\u00ed dnes do n\u00e1pln\u011b pr\u00e1ce tajn\u00fdch slu\u017eeb?<\/strong><\/p>\n<p><strong>Liber\u00e1ln\u00ed demokracie se vyzna\u010duje pr\u00e1v\u011b t\u011bmito nekompetentn\u00edmi aktivisty. Podle toho tak\u00e9 pr\u00e1ce evropsk\u00fdch tajn\u00fdch slu\u017eeb vypad\u00e1<\/strong>. Glob\u00e1ln\u00ed finan\u010dn\u00ed oligarchie si mus\u00ed mnou spokojen\u011b ruce, jak se j\u00ed rozklad evropsk\u00fdch st\u00e1t\u016f p\u011bkn\u011b da\u0159\u00ed. Masov\u00e1 imigrace, LGBT++P, vakc\u00edny sni\u017euj\u00edc\u00ed porodnost\u2026<\/p>\n<p><a href=\"https:\/\/ceskavec.com\/2024\/11\/sef-nemecke-tajne-sluzby-s-odznakem-lgbtp-je-teply-nebo-ma-podporu-deviantu-v-popisu-prace\">Aron G.<\/a><\/p>\n<p>&nbsp;<\/p>\n","protected":false},"excerpt":{"rendered":"<p>\u0160\u00e9f n\u011bmeck\u00e9 tajn\u00e9 slu\u017eby Thomas Haldenwang (\u00da\u0159ad na ochranu \u00fastavy) u\u017e ztratil ve\u0161ker\u00e9 z\u00e1brany a&#8230;<\/p>\n","protected":false},"author":2,"featured_media":66092,"comment_status":"closed","ping_status":"closed","sticky":false,"template":"","format":"standard","meta":[],"categories":[7],"tags":[71,7594,2945,4304],"_links":{"self":[{"href":"https:\/\/www.infokuryr.cz\/n\/wp-json\/wp\/v2\/posts\/66091"}],"collection":[{"href":"https:\/\/www.infokuryr.cz\/n\/wp-json\/wp\/v2\/posts"}],"about":[{"href":"https:\/\/www.infokuryr.cz\/n\/wp-json\/wp\/v2\/types\/post"}],"author":[{"embeddable":true,"href":"https:\/\/www.infokuryr.cz\/n\/wp-json\/wp\/v2\/users\/2"}],"replies":[{"embeddable":true,"href":"https:\/\/www.infokuryr.cz\/n\/wp-json\/wp\/v2\/comments?post=66091"}],"version-history":[{"count":0,"href":"https:\/\/www.infokuryr.cz\/n\/wp-json\/wp\/v2\/posts\/66091\/revisions"}],"wp:featuredmedia":[{"embeddable":true,"href":"https:\/\/www.infokuryr.cz\/n\/wp-json\/wp\/v2\/media\/66092"}],"wp:attachment":[{"href":"https:\/\/www.infokuryr.cz\/n\/wp-json\/wp\/v2\/media?parent=66091"}],"wp:term":[{"taxonomy":"category","embeddable":true,"href":"https:\/\/www.infokuryr.cz\/n\/wp-json\/wp\/v2\/categories?post=66091"},{"taxonomy":"post_tag","embeddable":true,"href":"https:\/\/www.infokuryr.cz\/n\/wp-json\/wp\/v2\/tags?post=66091"}],"curies":[{"name":"wp","href":"https:\/\/api.w.org\/{rel}","templated":true}]}}