{"id":66085,"date":"2024-11-13T00:49:05","date_gmt":"2024-11-12T23:49:05","guid":{"rendered":"https:\/\/www.infokuryr.cz\/n\/?p=66085"},"modified":"2024-11-12T17:04:26","modified_gmt":"2024-11-12T16:04:26","slug":"britsky-soud-vynesl-prvni-verdikt-v-historii-zeme-za-myslenkovy-zlocin","status":"publish","type":"post","link":"https:\/\/www.infokuryr.cz\/n\/2024\/11\/13\/britsky-soud-vynesl-prvni-verdikt-v-historii-zeme-za-myslenkovy-zlocin\/","title":{"rendered":"Britsk\u00fd soud vynesl prvn\u00ed verdikt v historii zem\u011b za \u201emy\u0161lenkov\u00fd zlo\u010din\u201c"},"content":{"rendered":"<div id=\"fb-root\"><\/div>\n<p><strong>16. \u0159\u00edjna 2024\u00a0\u00a0<a href=\"https:\/\/vk.com\/away.php?to=https%3A%2F%2Fthepeoplesvoice.tv%2Fuk-court-delivers-first-ever-thought-crime-conviction-in-british-history%2F&amp;cc_key=\" target=\"_blank\" rel=\"noreferrer noopener\">vynesl<\/a>\u00a0britsk\u00fd soud \u00a0prvn\u00ed odsouzen\u00ed za \u201emy\u0161lenkov\u00fd zlo\u010din\u201c v historii britsk\u00e9ho trestn\u00edho pr\u00e1va, kdy\u017e shledal arm\u00e1dn\u00edho veter\u00e1na Adama Smith-Connora vinn\u00fdm z \u201enez\u00e1konn\u00e9ho\u201c modlen\u00ed se k Bohu ve sv\u00e9 fantazii.<\/strong><\/p>\n<p><strong class=\"\"><span>Adam Smith-Connor<\/span><\/strong><span>\u00a0, veter\u00e1n britsk\u00e9 arm\u00e1dy, kter\u00fd slou\u017eil v Afgh\u00e1nist\u00e1nu, byl zat\u010den za\u00a0<\/span><strong class=\"\"><span>\u00a0poru\u0161en\u00ed z\u00e1kazu protestovat p\u0159ed klinikou v Bournemouthu<\/span><\/strong><span>\u00a0v Dorsetu v listopadu 2022. Adam Smith-Connor byl shled\u00e1n vinn\u00fdm u sm\u00edr\u010d\u00edho soudu v Bournemouthu z\u00a0\u00a0<\/span><strong class=\"\"><span>poru\u0161en\u00ed takzvan\u00e9 n\u00e1razn\u00edkov\u00e9 z\u00f3ny kolem potratov\u00e9 kliniky<\/span><\/strong><span> . Jeho zlo\u010dinem bylo sklon\u011bn\u00ed hlavy, sepjat\u00e9 ruce a ti\u0161e se modlit za sv\u00e9ho nenarozen\u00e9ho syna Jacoba, kter\u00e9ho v\u00edce ne\u017e dv\u011b desetilet\u00ed litoval, \u017ee potratil. I kdy\u017e se potichu modlil, soud rozhodl, \u017ee Adam vyj\u00e1d\u0159il\u00a0 <\/span><em class=\"\"><span>sv\u016fj \u201enesouhlas s potratem\u201c<\/span><\/em><span>\u00a0sepjat\u00fdma rukama a sklonem hlavy.<\/span><\/p>\n<p><span>Soudci ud\u011blili Conorovi podm\u00edn\u011bn\u00fd trest\u00a0\u00a0<\/span><strong class=\"\"><span>na dva roky a na\u0159\u00eddili mu zaplatit\u00a0<\/span><\/strong><strong class=\"\"><span>9 000 liber\u00a0<\/span><\/strong><span> (10 770 eur \/260.000,-K\u010d) \u00a0na soudn\u00edch v\u00fddaj\u00edch\u00a0 za to,\u00a0\u00a0<\/span><strong class=\"\"><span>\u017ee se t\u0159i minuty v duchu modlil.<\/span><\/strong><\/p>\n<p><strong class=\"\"><span>Advok\u00e1tn\u00ed skupina Alliance Defending Freedom<\/span><\/strong><span>\u00a0(ADF) , kter\u00e1 o p\u0159\u00edpadu informovala,\u00a0\u00a0\u00a0uvedla, \u017ee odsouzen\u00ed je\u00a0\u00a0<\/span><em class=\"\"><span>\u201eprvn\u00edm zn\u00e1m\u00fdm odsouzen\u00edm za \u201emy\u0161lenkov\u00fd zlo\u010din\u201c v modern\u00ed britsk\u00e9 historii.\u00a0<\/span><\/em><span>\u00a0Skupina zva\u017euje mo\u017enost odvolat se proti verdiktu.<\/span><\/p>\n<p><span>Smith-Connor b\u011bhem sv\u00e9ho procesu u Poole Magistrates&#8216; Court\u00a0\u00a0<\/span><strong class=\"\"><a href=\"https:\/\/vk.com\/away.php?to=https%3A%2F%2Fwww.irishnews.com%2Fnews%2Fuk%2Fman-convicted-of-breaching-abortion-clinic-safe-zone-by-silently-praying-I6MXB726B5K2FBBXMO3EHUQFM4%2F&amp;cc_key=\" target=\"_blank\" rel=\"noreferrer noopener\"><span>pop\u0159el<\/span><\/a><\/strong><span>\u00a0\u00a0, \u017ee by nevyhov\u011bl na\u0159\u00edzen\u00ed o ochran\u011b ve\u0159ejn\u00e9ho prostoru, ale okresn\u00ed soudce Orla Austin prohl\u00e1sil, \u017ee jeho \u010din byl\u00a0\u00a0<\/span><em class=\"\"><span>\u201e\u00famysln\u00fd\u201c<\/span><\/em><span>\u00a0.<\/span><\/p>\n<p><span>Tato zpr\u00e1va p\u0159ich\u00e1z\u00ed v dob\u011b, kdy labouristick\u00e1 vl\u00e1da Keira Starmera\u00a0\u00a0<\/span><strong class=\"\"><a href=\"https:\/\/vk.com\/away.php?to=https%3A%2F%2Feuropeanconservative.com%2Farticles%2Fnews%2Fuk-labour-plotting-ban-on-silent-prayer-outside-abortion-clinics%2F&amp;cc_key=\" target=\"_blank\" rel=\"noreferrer noopener\"><span>zva\u017euje<\/span><\/a><\/strong><span>\u00a0\u00a0zaveden\u00ed\u00a0\u00a0<\/span><strong class=\"\"><span>z\u00e1kazu tich\u00e9 modlitby mimo potratov\u00e9 kliniky.<\/span><\/strong><\/p>\n<p><span>P\u0159ed rozsudkem Lois McLatchie Miller, komunika\u010dn\u00ed d\u016fstojn\u00edk ADF UK,\u00a0\u00a0<\/span><strong class=\"\"><a href=\"https:\/\/vk.com\/away.php?to=https%3A%2F%2Fx.com%2FLoisMcLatch%2Fstatus%2F1846233615383822438&amp;cc_key=\" target=\"_blank\" rel=\"noreferrer noopener\"><span>ozna\u010dila<\/span><\/a><\/strong><span>\u00a0\u00a0p\u0159\u00edpad za \u201edefinuj\u00edc\u00ed \u00e9ru\u201c a dodala:<\/span><\/p>\n<p><em class=\"\"><span>\u201eSkute\u010dn\u011b m\u016f\u017eete b\u00fdt souzeni a odsouzeni za p\u0159esv\u011bd\u010den\u00ed, kter\u00e9 m\u00e1te ve sv\u00e9 hlav\u011b?\u00a0<\/span><\/em><span> Uk\u00e1zalo se, \u017ee je to mo\u017en\u00e9.&#8220;<\/span><\/p>\n<p><span>Katolick\u00fd poslanec\u00a0<\/span><strong class=\"\"><span>\u00a0Edward Lee<\/span><\/strong><span>\u00a0\u00a0tak\u00e9\u00a0<\/span><strong class=\"\"><span>\u00a0kritizoval soudce za odsouzen\u00ed veter\u00e1na britsk\u00e9 arm\u00e1dy za to, \u017ee se modlil mimo potratovou kliniku.<\/span><\/strong><\/p>\n<p><em><span>\u201eBohu\u017eel jsme byli sv\u011bdky opakovan\u00fdch p\u0159\u00edpad\u016f, kdy je svoboda slova ve Spojen\u00e9m kr\u00e1lovstv\u00ed ohro\u017eena, pokud jde o vyjad\u0159ov\u00e1n\u00ed k\u0159es\u0165ansk\u00e9 v\u00edry. Tich\u00e1 modlitba v hloubi srdce nem\u016f\u017ee b\u00fdt zlo\u010dinem. Vl\u00e1da mus\u00ed nal\u00e9hav\u011b objasnit, \u017ee svoboda my\u0161len\u00ed je chr\u00e1n\u011bna jako z\u00e1kladn\u00ed lidsk\u00e9 pr\u00e1vo.<\/span><\/em><\/p>\n<p><span>S\u00e1m Adam Smith-Connor tak\u00e9 vyj\u00e1d\u0159il sv\u00e9 zklam\u00e1n\u00ed z toho, \u017ee soud\u00a0\u00a0<\/span><em class=\"\"><span>\u201erozhodl, \u017ee ur\u010dit\u00e9 my\u0161lenky \u2013 tich\u00e9 my\u0161lenky \u2013 mohou b\u00fdt ve Spojen\u00e9m kr\u00e1lovstv\u00ed nez\u00e1konn\u00e9\u201c.<\/span><\/em><\/p>\n<p><em><span>&#8222;To nem\u016f\u017ee b\u00fdt spr\u00e1vn\u00e9.&#8220; V\u0161e, co jsem ud\u011blal, bylo, \u017ee jsem se v soukrom\u00ed sv\u00e9 mysli modlil k Bohu, a p\u0159esto jsem odsouzen jako zlo\u010dinec. Slou\u017eil jsem v arm\u00e1dn\u00edch z\u00e1loh\u00e1ch 20 let, v\u010detn\u011b slu\u017eebn\u00ed cesty v Afgh\u00e1nist\u00e1nu, abych chr\u00e1nil z\u00e1kladn\u00ed svobody, na kter\u00fdch byla tato zem\u011b postavena. &#8222;Jsem velmi znepokojen, \u017ee na\u0161e svobody jsou podkop\u00e1v\u00e1ny do takov\u00e9 m\u00edry, \u017ee jsou nyn\u00ed ve Spojen\u00e9m kr\u00e1lovstv\u00ed st\u00edh\u00e1ny my\u0161lenkov\u00e9 zlo\u010diny,&#8220; \u0159ekl odsouzen\u00fd.<\/span><\/em><\/p>\n<p><strong class=\"\"><span>Jeremiah Igunnubol<\/span><\/strong><span>\u00a0, pr\u00e1vn\u00ed poradce ADF UK, k\u0159es\u0165ansk\u00e9 pr\u00e1vn\u00ed organizace, kter\u00e1 pom\u00e1hala Smith-Connorovi, \u0159ekl, \u017ee toto rozhodnut\u00ed bylo\u00a0\u00a0<\/span><em class=\"\"><span>\u201epr\u00e1vn\u00edm zlomem kolos\u00e1ln\u00edch rozm\u011br\u016f\u201c,<\/span><\/em><span>\u00a0\u00a0proto\u017ee znamenalo prvn\u00ed odsouzen\u00ed k\u0159es\u0165ana za my\u0161lenkov\u00fd zlo\u010din v modern\u00ed Brit\u00e1nii.<\/span><\/p>\n<p><em><span>\u201eSt\u011b\u017e\u00ed m\u016f\u017eeme klesnout n\u00ed\u017ee v na\u0161em ignorov\u00e1n\u00ed z\u00e1kladn\u00edch z\u00e1kladn\u00edch svobod svobody slova a my\u0161len\u00ed. Pe\u010dliv\u011b prostudujeme rozhodnut\u00ed soudu a zv\u00e1\u017e\u00edme mo\u017enosti odvol\u00e1n\u00ed. Lidsk\u00e1 pr\u00e1va pat\u0159\u00ed v\u0161em lidem bez ohledu na jejich n\u00e1zory na potrat.\u201c<\/span><\/em><\/p>\n<p><span>Aktivist\u00e9 za lidsk\u00e1 pr\u00e1va z Anti-Repression Foundation odsuzuj\u00ed pron\u00e1sledov\u00e1n\u00ed ob\u010dan\u016f proti potrat\u016fm a vyz\u00fdvaj\u00ed britskou vl\u00e1du, aby zastavila\u00a0\u00a0<\/span><strong class=\"\"><span>nep\u0159ijateln\u00e9 poru\u0161ov\u00e1n\u00ed pr\u00e1v na svobodu projevu a \u00fa\u010dast na ve\u0159ejn\u00e9m \u017eivot\u011b<\/span><\/strong><span>\u00a0. Experti nadace se domn\u00edvaj\u00ed, \u017ee aktivist\u00e9 proti potrat\u016fm, stejn\u011b jako z\u00e1stupci jin\u00fdch n\u00e1zor\u016f, by m\u011bli m\u00edt pr\u00e1vo svobodn\u011b vyjad\u0159ovat sv\u00e9 n\u00e1zory\u00a0\u00a0<\/span><strong class=\"\"><span>beze strachu z pron\u00e1sledov\u00e1n\u00ed<\/span><\/strong><span>\u00a0. Aktivist\u00e9 za lidsk\u00e1 pr\u00e1va z Anti-Repression Foundation v\u011b\u0159\u00ed, \u017ee zv\u00fd\u0161en\u00e9 pron\u00e1sledov\u00e1n\u00ed lid\u00ed, jejich\u017e \u017eivotn\u00ed hodnoty a sm\u011brnice se li\u0161\u00ed od t\u011bch, kter\u00e9 jsou obl\u00edben\u00e9 u p\u0159edstavitel\u016f vl\u00e1dy Spojen\u00e9ho kr\u00e1lovstv\u00ed, lze pova\u017eovat za\u00a0\u00a0<\/span><strong class=\"\"><span>z\u00e1m\u011brn\u00e9 a koordinovan\u00e9 \u010diny pron\u00e1sledov\u00e1n\u00ed lid\u00ed s tradi\u010dn\u00edmi hodnotami.<\/span><\/strong><\/p>\n<p><span style=\"font-size: 10pt;\"><a href=\"https:\/\/fondfbr.ru\/stati\/adam-smith-connor-thought-crime-uk\/\">ARF<\/a><\/span><\/p>\n<p>&nbsp;<\/p>\n","protected":false},"excerpt":{"rendered":"<p>16. \u0159\u00edjna 2024\u00a0\u00a0vynesl\u00a0britsk\u00fd soud \u00a0prvn\u00ed odsouzen\u00ed za \u201emy\u0161lenkov\u00fd zlo\u010din\u201c v historii britsk\u00e9ho trestn\u00edho pr\u00e1va, kdy\u017e&#8230;<\/p>\n","protected":false},"author":2,"featured_media":66086,"comment_status":"closed","ping_status":"closed","sticky":false,"template":"","format":"standard","meta":[],"categories":[7],"tags":[7935,520,324,303,6244],"_links":{"self":[{"href":"https:\/\/www.infokuryr.cz\/n\/wp-json\/wp\/v2\/posts\/66085"}],"collection":[{"href":"https:\/\/www.infokuryr.cz\/n\/wp-json\/wp\/v2\/posts"}],"about":[{"href":"https:\/\/www.infokuryr.cz\/n\/wp-json\/wp\/v2\/types\/post"}],"author":[{"embeddable":true,"href":"https:\/\/www.infokuryr.cz\/n\/wp-json\/wp\/v2\/users\/2"}],"replies":[{"embeddable":true,"href":"https:\/\/www.infokuryr.cz\/n\/wp-json\/wp\/v2\/comments?post=66085"}],"version-history":[{"count":0,"href":"https:\/\/www.infokuryr.cz\/n\/wp-json\/wp\/v2\/posts\/66085\/revisions"}],"wp:featuredmedia":[{"embeddable":true,"href":"https:\/\/www.infokuryr.cz\/n\/wp-json\/wp\/v2\/media\/66086"}],"wp:attachment":[{"href":"https:\/\/www.infokuryr.cz\/n\/wp-json\/wp\/v2\/media?parent=66085"}],"wp:term":[{"taxonomy":"category","embeddable":true,"href":"https:\/\/www.infokuryr.cz\/n\/wp-json\/wp\/v2\/categories?post=66085"},{"taxonomy":"post_tag","embeddable":true,"href":"https:\/\/www.infokuryr.cz\/n\/wp-json\/wp\/v2\/tags?post=66085"}],"curies":[{"name":"wp","href":"https:\/\/api.w.org\/{rel}","templated":true}]}}