{"id":66081,"date":"2024-11-13T00:46:07","date_gmt":"2024-11-12T23:46:07","guid":{"rendered":"https:\/\/www.infokuryr.cz\/n\/?p=66081"},"modified":"2024-11-12T16:49:44","modified_gmt":"2024-11-12T15:49:44","slug":"stanislav-a-hosek-poznamky-k-zacatkum-ukonceni-konfliktu-na-ukrajine","status":"publish","type":"post","link":"https:\/\/www.infokuryr.cz\/n\/2024\/11\/13\/stanislav-a-hosek-poznamky-k-zacatkum-ukonceni-konfliktu-na-ukrajine\/","title":{"rendered":"Stanislav A. Ho\u0161ek: Pozn\u00e1mky k za\u010d\u00e1tk\u016fm ukon\u010den\u00ed konfliktu na Ukrajin\u011b"},"content":{"rendered":"<div id=\"fb-root\"><\/div>\n<p>Zvolen\u00ed Trumpa prezidentem Unie otev\u0159elo na Z\u00e1pad\u011b stavidla n\u00e1vrh\u016f \u0159e\u0161\u00edc\u00edch konflikt na Ukrajin\u011b. Ve\u0161ker\u00e9 tyto n\u00e1vrhy v\u0161ak maj\u00ed jednu vadu. V\u016fbec nereflektuj\u00ed z\u00e1sadn\u00ed d\u016fvody, kter\u00e9 vedly Rusko k\u00a0zah\u00e1jen\u00ed SVO. Z\u00e1pad t\u00edm jenom potvrzuje, \u017ee st\u00e1le povy\u0161uje sv\u00e9 z\u00e1jmy nad z\u00e1jmy kohokoliv jin\u00e9ho, v\u00a0tomto p\u0159\u00edpad\u011b minim\u00e1ln\u011b z\u00e1jmy Ruska.<\/p>\n<p>Byl to Z\u00e1pad, kdo ve sv\u00e9 p\u00fd\u0161e, mimo jin\u00e9, \u0161i\u0159itele \u201cnejlep\u0161\u00edho politick\u00e9ho syt\u00e9mu\u201c pov\u00fd\u0161il region\u00e1ln\u00ed ozbrojen\u00fd konflikt \u201epobratim\u016f\u201c na v\u00e1lku. Minim\u00e1ln\u011b na z\u00e1stupnou v\u00e1lku Ruska s\u00a0tak zvan\u00fdm kolektivn\u00edm Z\u00e1padem, \u010dti, USA, EU a cel\u00fdm blokem NATO. P\u0159i tom jeho vl\u00e1dci podle mezin\u00e1rodn\u00edho pr\u00e1va m\u011bli jedinou povinnost. Donutit bojuj\u00edc\u00ed strany k\u00a0zastaven\u00ed zab\u00edjen\u00ed a zasednut\u00ed k\u00a0jedn\u00e1n\u00ed. Tehdy ov\u0161em dal Z\u00e1pad p\u0159ednost \u0159editelov\u00e1n\u00ed planet\u011b \u201epodle pravidel\u201c, nikde nedeklarovan\u00fdch a p\u0159\u00edli\u0161 \u201egumov\u00fdch\u201c, poplatn\u00fdch pouze z\u00e1jm\u016fm Z\u00e1padu, \u010dti USA. Co\u017e byla prvn\u00ed vina Z\u00e1padu, a vlastn\u011b nejen Z\u00e1padu, le\u010d v\u0161ech st\u00e1tn\u00edk\u016f sv\u011bta a p\u0159edev\u0161\u00edm jeho mezin\u00e1rodn\u00edch instituc\u00ed.<\/p>\n<p>Sv\u011bt u\u017e nav\u00edc dneska v\u00ed, \u017ee Slovan\u0161t\u00ed bratranci m\u011bli v\u00edc rozumu ne\u017e Z\u00e1pad a od po\u010d\u00e1tku boj\u016f vyjedn\u00e1vali. M\u011bli dokonce docela slu\u0161nou \u0161anci dohodnout se, a Z\u00e1pad ji zma\u0159il, co\u017e je jeho jednozna\u010dn\u00e1, ba u\u017e daleko v\u011bt\u0161\u00ed vina ne\u017e byla ta p\u016fvodn\u00ed zp\u016fsoben\u00e1 Ruskem. Ka\u017ed\u00fd na Z\u00e1pad\u011b, kdo mudruje nad \u0159e\u0161en\u00edm uveden\u00e9ho vy\u0161\u0161\u00edho typu ozbrojen\u00e9ho konfliktu proto mus\u00ed u\u017e vych\u00e1zet z\u00a0jeho sou\u010dasn\u00e9ho re\u00e1ln\u00e9ho obsahu.<\/p>\n<p>Konflikt na Ukrajin\u011b u\u017e toti\u017e nen\u00ed pouze snahou Ruska zajistit si svou bezpe\u010dnost, le\u010d z\u00e1jmem Z\u00e1padu vytvo\u0159it naopak pod\u00e9l z\u00e1padn\u00ed hranice Ruska p\u00e1smo nep\u0159\u00e1telsk\u00fdch zem\u00ed, permanentn\u011b ohro\u017euj\u00edc\u00edch Rusko. To znamen\u00e1, \u017ee z\u00e1jmy Ruska a Z\u00e1padu jsou v\u00a0tomto konfliktu jednozna\u010dn\u011b naprosto protikladn\u00e9, neposkytuj\u00edc\u00ed \u0161anci na kompromis.<\/p>\n<p>Ka\u017ed\u00fd, kdo se zam\u00fd\u0161l\u00ed nad ukon\u010den\u00edm konfliktu m\u011bl by posoudit, kter\u00fd z\u00a0t\u011bchto z\u00e1jm\u016f je opr\u00e1vn\u011bn\u00fd a kter\u00fd naopak zvy\u0161uje riziko budouc\u00edho zost\u0159ov\u00e1n\u00ed konfliktu, ba dokonce jeho roz\u0161\u00ed\u0159en\u00ed na \u00fazem\u00ed dal\u0161\u00edch zem\u00ed.. Nehled\u011b na to, \u017ee ve st\u0159etu Ruska a Z\u00e1padu se jaksi vytr\u00e1c\u00ed z\u00e1jmy obyvatel Ukrajiny a vlastn\u011b u\u017e nejde ani o z\u00e1jem jej\u00ed sou\u010dasn\u00e9 vl\u00e1dnouc\u00ed vrstvy.<\/p>\n<p>Z\u00a0t\u00e9to situace m\u011b osobn\u011b vych\u00e1z\u00ed, \u017ee rozumem disponuj\u00edc\u00ed konstrukt\u00e9r ukon\u010den\u00ed konfliktu mus\u00ed p\u0159edev\u0161\u00edm prok\u00e1zat dobrou v\u016fli Z\u00e1padu v\u00e1lku ukon\u010dit. Projevem takov\u00e9 dobr\u00e9 v\u016fle podle m\u00e9ho soudu by mohlo b\u00fdt, \u017ee Z\u00e1pad v\u00a0prv\u00e9 \u0159ad\u011b opust\u00ed \u201ebezpe\u010dnostn\u00ed doktr\u00ednu\u201c v\u00a0n\u00ed\u017e deklaruje Rusko jako nep\u0159\u00edtele Evropy, Z\u00e1padu, a jak\u00fdchsi jejich bl\u00ed\u017ee nespecifikovan\u00fdch hodnot.<\/p>\n<p>Takov\u00e1 v\u016fle mus\u00ed b\u00fdt pro Rusko p\u0159esv\u011bd\u010duj\u00edc\u00ed. P\u0159edev\u0161\u00edm po v\u0161ech t\u011bch podvodech a podrazech, kter\u00e9 jen v\u00a0ukrajinsk\u00e9 kauze Z\u00e1pad Rusku provedl. Podle m\u00e9ho zp\u016fsobu my\u0161len\u00ed dokonce nejde o dobrou v\u016fli Z\u00e1padu, le\u010d o povinnost n\u00e1vratu k\u00a0dodr\u017eov\u00e1n\u00ed mezin\u00e1rodn\u00edho pr\u00e1va, kter\u00e9 nikdo p\u0159ece nezru\u0161il.<\/p>\n<p>V\u00a0m\u00fdch o\u010d\u00edch by Z\u00e1pad m\u011bl za prv\u00e9 uvolnit Rusku ukraden\u00e1, pardon, zmrazen\u00e1 aktiva. Mohl by ve sv\u00e9 velkorys\u00e9 rozhazova\u010dnosti k\u00a0nim p\u0159idat i \u00faroky. Za druh\u00e9 by m\u011bl zru\u0161it ve\u0161ker\u00e9 sankce proti Rusku a za t\u0159et\u00ed okam\u017eit\u011b ukon\u010dit dod\u00e1vky ve\u0161ker\u00fdch zbran\u00ed na Ukrajinu. Jen po spln\u011bn\u00ed t\u011bchto podm\u00ednek by mohlo Rusko zastavit SVO a zasednout k\u00a0jednac\u00edmu stolu. Mysl\u00edm si j\u00e1.<\/p>\n<p>Tak by se SVO stala t\u00edm, \u010d\u00edm byla p\u016fvodn\u011b a sice rva\u010dkou a\u017e mo\u017en\u00e1 ob\u010danskou v\u00e1lkou zm\u00edn\u011bn\u00fdch Slovansk\u00fdch p\u0159\u00edbuzn\u00fdch. A z\u00e1le\u017eelo by jen na nich, jak by se z\u00a0konfliktu vyl\u00edzali. Z\u00e1padu, a p\u0159edev\u0161\u00edm Evrop\u011b p\u0159ece do jejich sporu od sam\u00e9ho po\u010d\u00e1tku v\u016fbec nic nebylo, Tak jako mu nen\u00ed kup\u0159\u00edkladu do boj\u016f n\u011bkde v\u00a0S\u00fad\u00e1nu, v\u00a0Etiopii \u010di kdekoliv jinde. Naopak, podle norem, kter\u00e9 on s\u00e1m sv\u011btu kdysi nadirigoval se m\u011bl chovat naprosto opa\u010dn\u011b. Sou\u010dasn\u00fd stav je p\u0159edev\u0161\u00edm \u201esua culpa\u201c. Z\u00a0\u010deho\u017e plyne, \u017ee Z\u00e1pad je doslova povinov\u00e1n konflikt ukon\u010dit bez n\u00e1roku na spln\u011bn\u00ed sv\u00e9ho z\u00e1jmu.<\/p>\n<p><em><strong>Stanislav A. Ho\u0161ek<\/strong><\/em><\/p>\n<p>&nbsp;<\/p>\n","protected":false},"excerpt":{"rendered":"<p>Zvolen\u00ed Trumpa prezidentem Unie otev\u0159elo na Z\u00e1pad\u011b stavidla n\u00e1vrh\u016f \u0159e\u0161\u00edc\u00edch konflikt na Ukrajin\u011b. Ve\u0161ker\u00e9 tyto&#8230;<\/p>\n","protected":false},"author":2,"featured_media":40786,"comment_status":"closed","ping_status":"closed","sticky":false,"template":"","format":"standard","meta":[],"categories":[6],"tags":[1503,26,40],"_links":{"self":[{"href":"https:\/\/www.infokuryr.cz\/n\/wp-json\/wp\/v2\/posts\/66081"}],"collection":[{"href":"https:\/\/www.infokuryr.cz\/n\/wp-json\/wp\/v2\/posts"}],"about":[{"href":"https:\/\/www.infokuryr.cz\/n\/wp-json\/wp\/v2\/types\/post"}],"author":[{"embeddable":true,"href":"https:\/\/www.infokuryr.cz\/n\/wp-json\/wp\/v2\/users\/2"}],"replies":[{"embeddable":true,"href":"https:\/\/www.infokuryr.cz\/n\/wp-json\/wp\/v2\/comments?post=66081"}],"version-history":[{"count":0,"href":"https:\/\/www.infokuryr.cz\/n\/wp-json\/wp\/v2\/posts\/66081\/revisions"}],"wp:featuredmedia":[{"embeddable":true,"href":"https:\/\/www.infokuryr.cz\/n\/wp-json\/wp\/v2\/media\/40786"}],"wp:attachment":[{"href":"https:\/\/www.infokuryr.cz\/n\/wp-json\/wp\/v2\/media?parent=66081"}],"wp:term":[{"taxonomy":"category","embeddable":true,"href":"https:\/\/www.infokuryr.cz\/n\/wp-json\/wp\/v2\/categories?post=66081"},{"taxonomy":"post_tag","embeddable":true,"href":"https:\/\/www.infokuryr.cz\/n\/wp-json\/wp\/v2\/tags?post=66081"}],"curies":[{"name":"wp","href":"https:\/\/api.w.org\/{rel}","templated":true}]}}