{"id":66080,"date":"2024-11-13T00:42:51","date_gmt":"2024-11-12T23:42:51","guid":{"rendered":"https:\/\/www.infokuryr.cz\/n\/?p=66080"},"modified":"2024-11-12T16:46:19","modified_gmt":"2024-11-12T15:46:19","slug":"erik-best-fialu-zacina-dohanet-realita","status":"publish","type":"post","link":"https:\/\/www.infokuryr.cz\/n\/2024\/11\/13\/erik-best-fialu-zacina-dohanet-realita\/","title":{"rendered":"Erik Best: Fialu za\u010d\u00edn\u00e1 doh\u00e1n\u011bt realita"},"content":{"rendered":"<div id=\"fb-root\"><\/div>\n<p>Prezident, premi\u00e9r, gener\u00e1l nebo jin\u00fd v\u016fdce zem\u011b, kter\u00e1 vede v\u00e1lku, m\u016f\u017ee a\u00a0mus\u00ed ve\u0159ejn\u011b pop\u00edrat mo\u017enost por\u00e1\u017eky, co\u017e v\u0161ak neplat\u00ed pro v\u016fdce zem\u011b, kter\u00e1 nen\u00ed sou\u010d\u00e1st\u00ed boj\u016f. Tito v\u016fdci mus\u00ed svou zemi p\u0159ipravit na v\u0161echny mo\u017en\u00e9 z\u00e1v\u011bry, jinak mohou sv\u00e9 ob\u010dany vystavit nebezpe\u010d\u00ed.<\/p>\n<p>\u010cesk\u00e1 republika p\u0159ij\u00edm\u00e1 uprchl\u00edky a\u00a0poskytuje Ukrajin\u011b zbran\u011b a\u00a0gran\u00e1ty, ale na v\u00fdsledek v\u00e1lky nem\u00e1 t\u00e9m\u011b\u0159 \u017e\u00e1dn\u00fd vliv. Je jen o\u00a0n\u011bco m\u00e1lo v\u00edce ne\u017e pozorovatel. P\u0159esto premi\u00e9r Petr Fiala 31. \u0159\u00edjna v\u00a0rozhovoru pro\u00a0<a href=\"https:\/\/www.denik.cz\/z_domova\/petr-fiala-debata-15-minut-kateriny-perknerove-volby-usa-20241030.html\" target=\"_blank\" rel=\"noopener\">Den\u00edk.cz<\/a>\u00a0(od\u00a0<a href=\"https:\/\/v.denik.cz\/hls\/2024\/10\/31\/001\/premier-petr-fiala-platy-fico-rozpocet-debata.mp4\/master.m3u8\" target=\"_blank\" rel=\"noopener\">5:30<\/a>) \u0159ekl, \u017ee nen\u00ed v\u00a0na\u0161em z\u00e1jmu p\u0159ipravovat se na n\u011bjak\u00e9 varianty rusk\u00e9ho \u00fasp\u011bchu.<\/p>\n<p>V\u010dera Fiala\u00a0<a href=\"https:\/\/x.com\/P_Fiala\/status\/1856060996902903849\" target=\"_blank\" rel=\"noopener\">telefonicky hovo\u0159il s\u00a0Donaldem Trumpem<\/a>, kter\u00fd si p\u0159eje rychl\u00e9 ukon\u010den\u00ed v\u00e1lky. \u010ce\u0161t\u00ed bezpe\u010dnostn\u00ed experti u\u017e varuj\u00ed p\u0159ed mo\u017enost\u00ed\u00a0<a href=\"https:\/\/www.idnes.cz\/zpravy\/domaci\/bis-ukrajina-konec-valky-vojak-pasovani-zbrani-rozvedka.A241111_171147_domaci_krd\" target=\"_blank\" rel=\"noopener\">velmi rizikov\u00e9 vlny ukrajinsk\u00fdch voj\u00e1k\u016f<\/a>, kte\u0159\u00ed se budou cht\u00edt spojit s\u00a0rodinami, kter\u00e9 uprchly p\u0159ed v\u00e1lkou. Pl\u00e1ny na to u\u017e mohly b\u00fdt hotov\u00e9, kdyby Fiala posledn\u00ed dva roky jednal v\u00a0z\u00e1jmu sv\u00e9 zem\u011b.<\/p>\n<p><a href=\"https:\/\/www.fsfinalword.cz\/?page=archive&amp;day=2024-11-12&amp;utm_source=utm_source%3Dnewsletter&amp;utm_medium=utm_medum%3De-mail&amp;utm_campaign=utm_campaign%3Dfinal_word_12.11.2024\">Erik Best<\/a><\/p>\n<p><img decoding=\"async\" loading=\"lazy\" class=\"alignnone  wp-image-1179\" src=\"http:\/\/www.infokuryr.cz\/n\/wp-content\/uploads\/2021\/04\/erik-best.jpg\" alt=\"\" width=\"134\" height=\"151\" \/><\/p>\n<p>&nbsp;<\/p>\n","protected":false},"excerpt":{"rendered":"<p>Prezident, premi\u00e9r, gener\u00e1l nebo jin\u00fd v\u016fdce zem\u011b, kter\u00e1 vede v\u00e1lku, m\u016f\u017ee a\u00a0mus\u00ed ve\u0159ejn\u011b pop\u00edrat mo\u017enost&#8230;<\/p>\n","protected":false},"author":2,"featured_media":51638,"comment_status":"closed","ping_status":"closed","sticky":false,"template":"","format":"standard","meta":[],"categories":[6],"tags":[1503,535,1635,40],"_links":{"self":[{"href":"https:\/\/www.infokuryr.cz\/n\/wp-json\/wp\/v2\/posts\/66080"}],"collection":[{"href":"https:\/\/www.infokuryr.cz\/n\/wp-json\/wp\/v2\/posts"}],"about":[{"href":"https:\/\/www.infokuryr.cz\/n\/wp-json\/wp\/v2\/types\/post"}],"author":[{"embeddable":true,"href":"https:\/\/www.infokuryr.cz\/n\/wp-json\/wp\/v2\/users\/2"}],"replies":[{"embeddable":true,"href":"https:\/\/www.infokuryr.cz\/n\/wp-json\/wp\/v2\/comments?post=66080"}],"version-history":[{"count":0,"href":"https:\/\/www.infokuryr.cz\/n\/wp-json\/wp\/v2\/posts\/66080\/revisions"}],"wp:featuredmedia":[{"embeddable":true,"href":"https:\/\/www.infokuryr.cz\/n\/wp-json\/wp\/v2\/media\/51638"}],"wp:attachment":[{"href":"https:\/\/www.infokuryr.cz\/n\/wp-json\/wp\/v2\/media?parent=66080"}],"wp:term":[{"taxonomy":"category","embeddable":true,"href":"https:\/\/www.infokuryr.cz\/n\/wp-json\/wp\/v2\/categories?post=66080"},{"taxonomy":"post_tag","embeddable":true,"href":"https:\/\/www.infokuryr.cz\/n\/wp-json\/wp\/v2\/tags?post=66080"}],"curies":[{"name":"wp","href":"https:\/\/api.w.org\/{rel}","templated":true}]}}