{"id":66001,"date":"2024-11-12T00:36:36","date_gmt":"2024-11-11T23:36:36","guid":{"rendered":"https:\/\/www.infokuryr.cz\/n\/?p=66001"},"modified":"2024-11-11T16:38:02","modified_gmt":"2024-11-11T15:38:02","slug":"izraelsti-fanousci-vyprovokovali-v-amsterodamu-rasove-a-etnicke-rvacky-dostali-od-arabu-na-budku","status":"publish","type":"post","link":"https:\/\/www.infokuryr.cz\/n\/2024\/11\/12\/izraelsti-fanousci-vyprovokovali-v-amsterodamu-rasove-a-etnicke-rvacky-dostali-od-arabu-na-budku\/","title":{"rendered":"Izrael\u0161t\u00ed fanou\u0161ci vyprovokovali v Amsterodamu rasov\u00e9 a etnick\u00e9 rva\u010dky, dostali od Arab\u016f na budku"},"content":{"rendered":"<div id=\"fb-root\"><\/div>\n<h1 class=\"entry-title\"><span style=\"font-size: 18pt;\">Politici a media na\u0159\u00edkaj\u00ed nad \u201epogromy\u201c a u\u017e chyb\u00ed jen holocaust a 6 milion\u016f\u2026<\/span><\/h1>\n<p>Minul\u00fd t\u00fdden prob\u011bhl tady v Amsterodamu mezin\u00e1rodn\u00ed fotbalov\u00fd z\u00e1pas mezi m\u00edstn\u00edm Ajaxem a izraelsk\u00fdm Maccabi Tel Aviv.\u00a0<strong>Tvrd\u00e9 j\u00e1dro izraelsk\u00fdch fanou\u0161k\u016f hned po p\u0159\u00edletu do m\u011bsta za\u010dalo vyvol\u00e1vat incidenty, kdy\u017e strh\u00e1vali palestinsk\u00e9 vlajky a skandovali protiarabsk\u00e1 rasistick\u00e1 hesla (jako v\u0161echny Araby pob\u00edt a IDF v\u00e1m uk\u00e1\u017ee\u2026)<\/strong>. Existuje mnoho d\u016fkaz\u016f o\u00a0<a href=\"https:\/\/www.youtube.com\/watch?v=wE30r9Ox4jQ\">jejich chov\u00e1n<\/a>\u00ed a\u00a0<a href=\"https:\/\/www.youtube.com\/watch?v=1ezSAmdeGD4\">\u0159\u00e1d\u011bn\u00ed\u00a0<\/a>dokonce i v\u00a0<a href=\"https:\/\/www.dailymail.co.uk\/sport\/football\/article-14053391\/amp\/Israeli-football-hooligans-Palestine-flags-Ajax-Maccabi-Tel-Aviv.html\">ofici\u00e1ln\u00edch medi\u00edch<\/a>. V davu se jevili jako velc\u00ed hrdinov\u00e9, nav\u00edc fanou\u0161ci klubu Maccabi jsou zn\u00e1m\u00ed chulig\u00e1ni i doma v Izraeli.<\/p>\n<p>Potom si ale na n\u011b po\u010dkali m\u00edstn\u00ed<strong>\u00a0Arabov\u00e9\/muslimov\u00e9, kter\u00fdch \u017eij\u00ed ve m\u011bst\u011b stovky tis\u00edc a Izraelci od nich dostali na budku<\/strong>. Videa rva\u010dek jste vid\u011bli jist\u011b v ofici\u00e1ln\u00edch medi\u00edch a nen\u00ed t\u0159eba je sem d\u00e1vat. Asi 12 izraelsk\u00fdch fanou\u0161k\u016f bylo zran\u011bno a policie \u010d\u00e1st muslimsk\u00fdch rv\u00e1\u010d\u016f zatkla. \u0161koda, \u017ee stejn\u011b aktivn\u00ed nen\u00ed policie i v p\u0159\u00edpad\u011b, kdy\u017e muslimov\u00e9 terorizuj\u00ed n\u00e1s m\u00edstn\u00ed b\u011blochy.<\/p>\n<p>Potud by to byla<strong>\u00a0obvykl\u00e1 z\u00e1le\u017eitost, holt \u010d\u00e1st fotbalov\u00fdch fanou\u0161k\u016f bere meziklubov\u00e9 rva\u010dky jako obl\u00edbenou z\u00e1bavu. Fanou\u0161ci obou klub\u016f jsou zkr\u00e1tka stejn\u00e1 pak\u00e1\u017e, jak Izraelci, tak m\u00edstn\u00ed Arabov\u00e9.\u00a0<\/strong>Pravda je, \u017ee pro mnoho Arab\u016f \u0161lo hlavn\u011b o mezietnickou rva\u010dku a n\u011bjak\u00fd Ajax maj\u00ed na h\u00e1ku.<\/p>\n<p><strong>Mezin\u00e1rodn\u00ed af\u00e9ru z toho ud\u011blali a\u017e izrael\u0161t\u00ed politici a \u017eidovsk\u00e9 organizace. Pr\u00fd se jedn\u00e1 o pogrom a nen\u00e1vist a rasismus. Izraelsk\u00e1 vl\u00e1da dokonce vyslala do Amsterodamu 2 evakua\u010dn\u00ed letadla.<\/strong><\/p>\n<p>V\u0161ichni m\u00edstn\u00ed politici v\u010detn\u011b \u201eoslavovan\u00e9ho vlastence\u201c G. Wilderse se pon\u00ed\u017een\u011b omlouvaj\u00ed izraelsk\u00fdm fanou\u0161k\u016fm a v\u016fbec necht\u011bj\u00ed vid\u011bt, kdo rva\u010dky a nap\u011bt\u00ed vyvolal.<\/p>\n<p>U\u017e jen \u010dek\u00e1m, k<strong>dy se objev\u00ed n\u00e1\u0159ek nad holocaustem a 6 miliony ob\u011bt\u00ed<\/strong>.<\/p>\n<p><strong>D\u011bl\u00e1 na to na m\u011b trochu dojem c\u00edlen\u00e9 izraelsk\u00e9\/\u017eidovsk\u00e9 provokace. C\u00edlem je ve\u0159ejn\u011b na\u0159\u00edkat nad \u201eantisemitismem\u201c a do\u017eadovat se soucitu \u201eob\u011bti\u201c, kter\u00e9 v\u0161ichni ubli\u017euj\u00ed. Bohu\u017eel mnohokr\u00e1t v minulosti se uk\u00e1zalo, \u017ee podobn\u00e9 incidenty \u017did\u00e9 vyvolali z\u00e1m\u011brn\u011b a n\u011bkdy si je dokonce i zcela vymysleli.<\/strong><\/p>\n<p>T<strong>ak\u00e9 by mo\u017en\u00e1 st\u00e1lo za p\u0159ipomenut\u00ed, kdo vlastn\u011b za touhle masovou imigrac\u00ed skute\u010dn\u011b st\u00e1l a stoj\u00ed.\u00a0<\/strong>Jen Marok\u00e1nc\u016f m\u00e1me v Nizozemsku 1,3 milion\u016f! O Tunisanech. Egyp\u0165anech, Ir\u00e1\u010danech, Palestinc\u00edch atd. ani nemluv\u011b. Z<strong>a jejich teror n\u00e1s b\u011bloch\u016f zakladatel\u016fm neomarxismu a propag\u00e1tor\u016fm masov\u00e9 imigrace p\u011bkn\u011b d\u011bkujeme\u2026.!<\/strong><\/p>\n<p><a href=\"https:\/\/ceskavec.com\/2024\/11\/izraelsti-fanousci-vyprovokovali-v-amsterodamu-rasove-a-etnicke-rvacky-dostali-od-arabu-na-budku-politici-a-media-narikaji-nad-pogromy-a-uz-chybi-jen-holocaust-a-6-milionu\">Maki van Houten<\/a>, Holandsko<\/p>\n<p>&nbsp;<\/p>\n<p>&nbsp;<\/p>\n","protected":false},"excerpt":{"rendered":"<p>Politici a media na\u0159\u00edkaj\u00ed nad \u201epogromy\u201c a u\u017e chyb\u00ed jen holocaust a 6 milion\u016f\u2026 Minul\u00fd&#8230;<\/p>\n","protected":false},"author":2,"featured_media":66002,"comment_status":"closed","ping_status":"closed","sticky":false,"template":"","format":"standard","meta":[],"categories":[6],"tags":[376,6091,1503,313,93],"_links":{"self":[{"href":"https:\/\/www.infokuryr.cz\/n\/wp-json\/wp\/v2\/posts\/66001"}],"collection":[{"href":"https:\/\/www.infokuryr.cz\/n\/wp-json\/wp\/v2\/posts"}],"about":[{"href":"https:\/\/www.infokuryr.cz\/n\/wp-json\/wp\/v2\/types\/post"}],"author":[{"embeddable":true,"href":"https:\/\/www.infokuryr.cz\/n\/wp-json\/wp\/v2\/users\/2"}],"replies":[{"embeddable":true,"href":"https:\/\/www.infokuryr.cz\/n\/wp-json\/wp\/v2\/comments?post=66001"}],"version-history":[{"count":0,"href":"https:\/\/www.infokuryr.cz\/n\/wp-json\/wp\/v2\/posts\/66001\/revisions"}],"wp:featuredmedia":[{"embeddable":true,"href":"https:\/\/www.infokuryr.cz\/n\/wp-json\/wp\/v2\/media\/66002"}],"wp:attachment":[{"href":"https:\/\/www.infokuryr.cz\/n\/wp-json\/wp\/v2\/media?parent=66001"}],"wp:term":[{"taxonomy":"category","embeddable":true,"href":"https:\/\/www.infokuryr.cz\/n\/wp-json\/wp\/v2\/categories?post=66001"},{"taxonomy":"post_tag","embeddable":true,"href":"https:\/\/www.infokuryr.cz\/n\/wp-json\/wp\/v2\/tags?post=66001"}],"curies":[{"name":"wp","href":"https:\/\/api.w.org\/{rel}","templated":true}]}}