{"id":65979,"date":"2024-11-12T00:38:03","date_gmt":"2024-11-11T23:38:03","guid":{"rendered":"https:\/\/www.infokuryr.cz\/n\/?p=65979"},"modified":"2024-11-11T15:25:47","modified_gmt":"2024-11-11T14:25:47","slug":"peter-haisenko-amsterdam-a-obvykle-reflexy","status":"publish","type":"post","link":"https:\/\/www.infokuryr.cz\/n\/2024\/11\/12\/peter-haisenko-amsterdam-a-obvykle-reflexy\/","title":{"rendered":"Peter Haisenko: Amsterdam a obvykl\u00e9 reflexy"},"content":{"rendered":"<div id=\"fb-root\"><\/div>\n<div id=\"c9359\" class=\"csc-frame csc-frame-default\">\n<div class=\"csc-textpic csc-textpic-left csc-textpic-below csc-textpic-border\">\n<div class=\"csc-textpic-text\">\n<p class=\"bodytext\"><strong>Zpr\u00e1vy o \u00fatoc\u00edch na \u017eidovsk\u00e9 fotbalov\u00e9 fanou\u0161ky v Amsterdamu se rychle a \u0161iroce roz\u0161\u00ed\u0159ily v obvykl\u00fdch m\u00e9di\u00edch. Mluvilo se o pogromu. V\u0161echny zpr\u00e1vy o tom zmizely stejn\u011b rychle. pro\u010d tomu tak je?<\/strong><\/p>\n<p class=\"bodytext\"><span>Vzpom\u00edn\u00e1m na Gila Ofarima. Jak velk\u00e9 bylo rozho\u0159\u010den\u00ed nad \u00fadajn\u00fdm antisemitsk\u00fdm zach\u00e1zen\u00edm s t\u00edmto t\u0159eti\u0159ad\u00fdm hudebn\u00edkem v lipsk\u00e9m hotelu. Dokud nebylo pomalu z\u0159ejm\u00e9, \u017ee Ofarim l\u017ee a se sv\u00fdm judaismem sehr\u00e1l fale\u0161nou hru. Teprve pot\u00e9, co byly d\u016fkazy proti Ofarimu zdrcuj\u00edc\u00ed, p\u0159iznal sv\u00e9 l\u017ei. Tento p\u0159\u00edpad se stal nezaj\u00edmav\u00fdm a zmizel z centra pozornosti. Vypad\u00e1 to, \u017ee stejn\u00fd p\u0159\u00edstup vid\u00edme i u toho, co se d\u011bje v Amsterdamu.<\/span><\/p>\n<p class=\"bodytext\"><span>Pokud je proces hl\u00e1\u0161en bez vyhodnocen\u00ed cel\u00e9ho procesu od za\u010d\u00e1tku, pak je to propagandistick\u00e1 le\u017e. Tot\u00e9\u017e lze p\u0159\u00edli\u0161 \u010dasto nal\u00e9zt, pokud jde o Izrael. Pamatuje si n\u011bkdo, \u017ee si Izrael dokonce dovolil zak\u00e1zat gener\u00e1ln\u00edmu tajemn\u00edkovi OSN Guterresovi vstup do Izraele, proto\u017ee \u0159ekl, \u017ee \u00fatok Hamasu 7. \u0159\u00edjna lo\u0148sk\u00e9ho roku nebyl ve vzduchopr\u00e1zdnu, kdy\u017e vezmeme v \u00favahu jeho historii? M\u011bl bys to znovu nechat rozpustit v \u00fastech. Izrael vyhazuje nejvy\u0161\u0161\u00edho p\u0159edstavitele OSN a Z\u00e1pad se dr\u017e\u00ed na nohou. V Amsterdamu je tak\u00e9 historie, kter\u00e1 se odehr\u00e1la p\u0159\u00edmo p\u0159ed \u00fadajn\u00fdmi pogromy.<\/span><\/p>\n<p class=\"bodytext\"><span style=\"font-size: 18pt;\"><strong>Internet m\u016f\u017ee odhalit l\u017ei<\/strong><\/span><\/p>\n<p class=\"bodytext\"><span>N\u011bkdy je internet \u00fa\u017easn\u00e1 v\u011bc. T\u00e9m\u011b\u0159 nic nem\u016f\u017ee z\u016fstat skryto, proto\u017ee n\u011bkdo neust\u00e1le pou\u017e\u00edv\u00e1 sv\u016fj mobiln\u00ed telefon k poskytnut\u00ed jednozna\u010dn\u00e9 dokumentace. To sam\u00e9 v Amsterdamu. Na internetu je spousta fotografi\u00ed a film\u016f, kter\u00e9 ukazuj\u00ed, co se skute\u010dn\u011b stalo. Byli to chulig\u00e1ni Maccabi z Tel Avivu, kte\u0159\u00ed jako prvn\u00ed vtrhli do ulic Amsterdamu. Strh\u00e1vali palestinsk\u00e9 vlajky, \u00fato\u010dili na taxik\u00e1\u0159e i s \u0159et\u011bzem a skandovali nen\u00e1vistn\u00e1 hesla proti Palestinc\u016fm. Teprve potom byli pora\u017eeni. Informuje o tom \u201eMiddle East Observer\u201c na X. Uv\u00e1d\u00ed tak\u00e9, \u017ee se okam\u017eit\u011b za\u010dalo prosl\u00fdchat, \u017ee za t\u00edm stoj\u00ed \u00cdr\u00e1n.<\/span><br \/>\n<a href=\"https:\/\/x.com\/ME_Observer_\/status\/1854777849049170355?ref_src=twsrc%5Etfw%7Ctwcamp%5Etweetembed%7Ctwterm%5E1854777849049170355%7Ctwgr%5Ec760765610f8ccb68d019078230f2145c88c6625%7Ctwcon%5Es1_&amp;ref_url=https%3A%2F%2Fde.rt.com%2Feuropa%2F225239-amsterdam-was-zuvor-geschah%2F\" target=\"_blank\" rel=\"noopener\"><span>https:\/\/x.com\/ME_Observer_\/status\/1854777849049170355?ref_src=twsrc%5Etfw%7Ctwcamp%5Etweetembed%7Ctwterm%5E18547778490491703505%17C6b61705%17C6 90 78230f2145c88c6625%7Ctwcon%5Es1_&amp;ref_url=https%3A%2F%2Fde.rt.com%2Feuropa % 2F225239-amsterdam-co se stalo-p\u0159ed%2F<\/span><\/a><\/p>\n<\/div>\n<div class=\"csc-textpic-imagewrap\" data-csc-images=\"2\" data-csc-cols=\"1\">\n<div class=\"csc-textpic-imagerow\">\n<div class=\"csc-textpic-imagecolumn csc-textpic-firstcol csc-textpic-lastcol\">\n<figure class=\"csc-textpic-image csc-textpic-last\"><img decoding=\"async\" loading=\"lazy\" class=\"aligncenter\" src=\"https:\/\/www.anderweltonline.com\/fileadmin\/_processed_\/e\/2\/csm_Amsterdam01_39859fb51f.png\" alt=\"\" width=\"600\" height=\"731\" \/><\/figure>\n<\/div>\n<\/div>\n<div class=\"csc-textpic-imagerow csc-textpic-imagerow-last\">\n<div class=\"csc-textpic-imagecolumn csc-textpic-firstcol csc-textpic-lastcol\">\n<figure class=\"csc-textpic-image csc-textpic-last\"><img decoding=\"async\" loading=\"lazy\" class=\"aligncenter\" src=\"https:\/\/www.anderweltonline.com\/fileadmin\/_processed_\/1\/4\/csm_Amsterdam02_c656e766d7.png\" alt=\"\" width=\"600\" height=\"761\" \/><\/figure>\n<\/div>\n<\/div>\n<\/div>\n<\/div>\n<\/div>\n<div id=\"c9360\" class=\"csc-frame csc-frame-default\">\n<div class=\"csc-textpic csc-textpic-left csc-textpic-below csc-textpic-border\">\n<div class=\"csc-textpic-text\">\n<p class=\"bodytext\">\n<p class=\"bodytext\"><span>Videa Maccabi Hooligans ukazuj\u00ed je\u0161t\u011b o\u0161kliv\u011bj\u0161\u00ed sc\u00e9ny. Ti na stadionu nedr\u017eeli minutu ticha za ob\u011bti povodn\u00ed ve \u0160pan\u011blsku. Cht\u011bli t\u00edm pr\u00fd d\u00e1t najevo, \u017ee nesouhlas\u00ed s politikou \u0160pan\u011blska v\u016f\u010di Izraeli. Sv\u011bdci tak\u00e9 hl\u00e1s\u00ed dal\u0161\u00ed slogan:\u00a0<\/span><em><span>&#8222;Pro\u010d nejsou v p\u00e1smu Gazy pot\u0159eba \u017e\u00e1dn\u00e9 \u0161koly? Proto\u017ee v p\u00e1smu Gazy u\u017e nejsou \u017e\u00e1dn\u00e9 d\u011bti.&#8220;<\/span><\/em><span>\u00a0U\u0161et\u0159\u00edm v\u00e1s zmi\u0148ov\u00e1n\u00ed dal\u0161\u00edch obludnost\u00ed, proto\u017ee jedno je jist\u00e9: izrael\u0161t\u00ed fanou\u0161ci Maccabi sv\u00fdm chov\u00e1n\u00edm spustili ud\u00e1losti, kter\u00e9 n\u00e1sledovaly. Informuje o tom anglick\u00e1 BBC:<\/span><\/p>\n<p class=\"bodytext\"><em><span>&#8222;Zd\u00e1 se, \u017ee videa objevuj\u00edc\u00ed se na soci\u00e1ln\u00edch s\u00edt\u00edch ukazuj\u00ed fanou\u0161ky Maccabi Tel Aviv, jak skanduj\u00ed rasistick\u00e1 hesla o Arabech a Palestin\u011b a lezou na budovu, aby strhli palestinskou vlajku, kter\u00e1 tam vis\u00ed. (&#8230;) Z\u00e1b\u011bry ze stadionu tak\u00e9 ukazuj\u00ed, jak fanou\u0161ci Maccabi p\u00edskaj\u00ed a fand\u011bn\u00ed b\u011bhem minuty ticha za ob\u011bti povodn\u00ed ve Valencii (&#8230;) N\u011bkte\u0159\u00ed fanou\u0161ci Maccabi Tel Aviv u\u017e tam byli &#8222;U\u017e d\u0159\u00edve jsme byli zapojeni do rasistick\u00fdch incident\u016f v Izraeli (&#8230;) fanou\u0161ci t\u00fdmu tak\u00e9 napadli demonstranty, kte\u0159\u00ed demonstrovali proti premi\u00e9rovi Netanjahuovi.&#8220;<\/span><\/em><em>\u00a0<\/em><span>P\u0159esto\u017ee si BBC netrouf\u00e1 jasn\u011b pojmenovat pachatele n\u011bkolika \u201ezd\u00e1n\u00edmi\u201c, o procesu nen\u00ed pochyb. Nen\u00ed tak\u00e9 pochyb o tom, jak arogantn\u00ed a nelidsk\u00e9 postoje maj\u00ed alespo\u0148 n\u011bkter\u00e9 skupiny v Izraeli v\u016f\u010di Palestinc\u016fm, Ne\u017eid\u016fm, Gojim.<\/span><\/p>\n<p class=\"bodytext\"><span style=\"font-size: 18pt;\"><strong>Pro\u010d Izrael nem\u00e1 z\u00e1kaz mezin\u00e1rodn\u00edch akc\u00ed?<\/strong><\/span><\/p>\n<p class=\"bodytext\"><span>Z\u00e1sadn\u00ed ot\u00e1zkou je, pro\u010d Izrael nen\u00ed vylou\u010den ze v\u0161ech podobn\u00fdch ud\u00e1lost\u00ed jako Rusko. Pokus byl u\u010din\u011bn ve fotbale, ale jak se o\u010dek\u00e1valo, byl odsouzen k ne\u00fasp\u011bchu: za posledn\u00ed rok do\u0161lo k n\u011bkolika pokus\u016fm FIFA a UEFA vylou\u010dit Izraelsk\u00fd fotbalov\u00fd svaz z turnaj\u016f kv\u016fli v\u00e1lce v p\u00e1smu Gazy, ale v\u0161echny zat\u00edm neusp\u011bli. Podle palestinsk\u00fdch zdroj\u016f zem\u0159elo v p\u00e1smu Gazy nejm\u00e9n\u011b 320 fotbalist\u016f, z toho 69 d\u011bt\u00ed a 179 mlad\u00fdch mu\u017e\u016f, v\u010detn\u011b rozhod\u010d\u00edho FIFA Mohammeda Khattaba. Ach ano, v Haagu byl na Putina vyd\u00e1n zatyka\u010d za \u00fadajn\u00e9 \u00fanosy d\u011bt\u00ed, \u00fanos, nikoli vra\u017eda. Dvoj\u00ed metr?<\/span><\/p>\n<p class=\"bodytext\"><span>Je\u0161t\u011b jste o tomto procesu v Amsterdamu nesly\u0161eli? Pak byste si tak\u00e9 museli p\u0159e\u010d\u00edst \u201eJ\u00fcdische Allgemeine\u201c. Jak uv\u00e1d\u00ed t-online, p\u00ed\u0161\u00ed:\u00a0<\/span><em><span>&#8222;V Amsterodamu prob\u011bhly demonstrace s\u00edly p\u0159\u00edznivc\u016f Maccabi, jak je typick\u00e9 pro davy fotbalov\u00fdch p\u0159\u00edznivc\u016f na cest\u00e1ch. Velk\u00e1 skupina Izraelc\u016f v\u0161ak tak\u00e9 skandovala \u201aLet IDF\u2018 na cest\u011b do hra p\u0159ed hlavn\u00edm vlakov\u00fdm n\u00e1dra\u017e\u00edm vyhr\u00e1la na \u0161uk\u00e1n\u00ed Arab\u016f. Fanou\u0161kovsk\u00fd t\u00e1bor Maccabi zahrnuje i politicky pravicov\u00e9 ultra skupiny.&#8220;\u00a0<\/span><\/em><span>\u00a0I t-online se odv\u00e1\u017e\u00ed pod\u00edvat se na pravdu pouze tehdy, pokud poch\u00e1z\u00ed z \u017eidovsk\u00e9ho zdroje. Der Spiegel se na druh\u00e9 stran\u011b okam\u017eit\u011b oh\u00e1n\u011bl antisemitismem, ani\u017e by o tom byl n\u00e1le\u017eit\u011b informov\u00e1n.<\/span><\/p>\n<p class=\"bodytext\"><span style=\"font-size: 18pt;\"><strong>Kritika Izraele nen\u00ed v N\u011bmecku povolena<\/strong><\/span><\/p>\n<p class=\"bodytext\"><span>Ne, v Amsterdamu nebyl \u017e\u00e1dn\u00fd pogrom. Izraelci provokovali nelidsk\u00e9 zp\u016fsoby, pou\u017e\u00edvali n\u00e1sil\u00ed a po\u0161kozovali majetek, a pak si st\u011b\u017eovali, \u017ee se kdokoli odv\u00e1\u017eil pomst\u00edt podobnou minc\u00ed. Ano, to se m\u016f\u017ee st\u00e1t v Holandsku. Tak\u00e9 tam nen\u00ed \u017e\u00e1dn\u00e1 antisemitsk\u00e1 hysterie jako v N\u011bmecku. I v Belgii je to jinak. Jak se op\u011bt do\u010dtete na t-online:\u00a0<\/span><em><span>&#8222;V belgick\u00e9m Bruselu dokonce m\u011bsto Brusel z bezpe\u010dnostn\u00edch d\u016fvod\u016f odm\u00edtlo po\u0159\u00e1dat z\u00e1pas mezi Belgi\u010dany a izraelskou fotbalovou reprezentac\u00ed v Lize n\u00e1rod\u016f. a\u017e do hry Ajax Byly vzneseny po\u017eadavky nepustit fanou\u0161ky Maccabi.\u201c<\/span><\/em><em>\u00a0<\/em><span>P\u0159edstavte si, \u017ee by v N\u011bmecku byla zak\u00e1z\u00e1na hra izraelsk\u00e9ho klubu.<\/span><\/p>\n<p class=\"bodytext\"><span>Standardn\u00ed n\u011bmeck\u00e1 m\u00e9dia se z p\u0159\u00edpadu Gil Ofarim nic nedozv\u011bd\u011bla. Reflexn\u011b se stav\u00ed na jednu stranu, kdy\u017e jsou do toho zapojeni \u017did\u00e9, ani\u017e by p\u0159edem provedli by\u0165 jen mal\u00fd pr\u016fzkum. Jsem si jist, \u017ee stejn\u00e1 m\u00e9dia se nebudou opravovat, nebudou se informovat o tom, co se v Amsterdamu skute\u010dn\u011b d\u011bje. Stejn\u011b jako v p\u0159\u00edpad\u011b Ofarim to zakryj\u00ed pl\u00e1\u0161t\u011bm ml\u010den\u00ed a tentokr\u00e1t nedojde k \u017e\u00e1dn\u00e9mu procesu, kter\u00fd je donut\u00ed k n\u00e1prav\u011b. Ale to je stav \u201eImp\u00e9ria l\u017e\u00ed\u201c. Pochybn\u00e9 \u201ezpr\u00e1vy\u201c jsou prezentov\u00e1ny jako fakta, kdy\u017e mohou po\u0161kodit \u201enep\u0159\u00e1tele\u201c. To je to, co je v m\u00edstnosti, kdo tomu chce v\u011b\u0159it, bude tak \u010dinit, dokud to nebude opraveno, a pak se to nestane. Le\u017e je udr\u017eov\u00e1na. Kdo by se m\u011bl divit, \u017ee byla zak\u00e1z\u00e1na nap\u0159\u00edklad RT, Russia Today? Tam jste mohli rychle zjistit, co se v Amsterdamu skute\u010dn\u011b d\u011bje. Sky News a BBC byly tentokr\u00e1t tak\u00e9 pom\u011brn\u011b slu\u0161n\u00e9 zdroje informac\u00ed, ale kdo tam z\u00edsk\u00e1v\u00e1 informace? Mus\u00edte \u010d\u00edst v angli\u010dtin\u011b, RT-deutsch p\u00ed\u0161e n\u011bmecky.<\/span><\/p>\n<p class=\"bodytext\"><span>Podrobnou a vyv\u00e1\u017eenou report\u00e1\u017e Dagmar Henn o Amsterdamu si m\u016f\u017eete prohl\u00e9dnout zde:<\/span><br \/>\n<a href=\"https:\/\/freedert.online\/meinung\/225268-amsterdam-hooligans-taxifahrer-und-mossad\/\" target=\"_blank\" rel=\"noopener\"><span>https:\/\/freedert.online\/meinung\/225268-amsterdam-hooligans-taxifahrer-und-mossad\/<\/span><\/a><\/p>\n<\/div>\n<div class=\"csc-textpic-imagewrap\" data-csc-images=\"1\" data-csc-cols=\"1\">\n<figure class=\"csc-textpic-image csc-textpic-last\"><img decoding=\"async\" loading=\"lazy\" class=\"aligncenter\" src=\"https:\/\/www.anderweltonline.com\/fileadmin\/_processed_\/e\/1\/csm_Amsterdam03_56a8e4dfb4.png\" alt=\"\" width=\"600\" height=\"881\" \/><\/figure>\n<p><a href=\"https:\/\/www.anderweltonline.com\/klartext\/klartext-20242\/amsterdam-und-die-ueblichen-reflexe\/\">Peter Haisenko<\/a><\/p>\n<p>&nbsp;<\/p>\n<\/div>\n<\/div>\n<\/div>\n","protected":false},"excerpt":{"rendered":"<p>Zpr\u00e1vy o \u00fatoc\u00edch na \u017eidovsk\u00e9 fotbalov\u00e9 fanou\u0161ky v Amsterdamu se rychle a \u0161iroce roz\u0161\u00ed\u0159ily v&#8230;<\/p>\n","protected":false},"author":2,"featured_media":65980,"comment_status":"closed","ping_status":"closed","sticky":false,"template":"","format":"standard","meta":[],"categories":[7],"tags":[3840,107,313,92],"_links":{"self":[{"href":"https:\/\/www.infokuryr.cz\/n\/wp-json\/wp\/v2\/posts\/65979"}],"collection":[{"href":"https:\/\/www.infokuryr.cz\/n\/wp-json\/wp\/v2\/posts"}],"about":[{"href":"https:\/\/www.infokuryr.cz\/n\/wp-json\/wp\/v2\/types\/post"}],"author":[{"embeddable":true,"href":"https:\/\/www.infokuryr.cz\/n\/wp-json\/wp\/v2\/users\/2"}],"replies":[{"embeddable":true,"href":"https:\/\/www.infokuryr.cz\/n\/wp-json\/wp\/v2\/comments?post=65979"}],"version-history":[{"count":0,"href":"https:\/\/www.infokuryr.cz\/n\/wp-json\/wp\/v2\/posts\/65979\/revisions"}],"wp:featuredmedia":[{"embeddable":true,"href":"https:\/\/www.infokuryr.cz\/n\/wp-json\/wp\/v2\/media\/65980"}],"wp:attachment":[{"href":"https:\/\/www.infokuryr.cz\/n\/wp-json\/wp\/v2\/media?parent=65979"}],"wp:term":[{"taxonomy":"category","embeddable":true,"href":"https:\/\/www.infokuryr.cz\/n\/wp-json\/wp\/v2\/categories?post=65979"},{"taxonomy":"post_tag","embeddable":true,"href":"https:\/\/www.infokuryr.cz\/n\/wp-json\/wp\/v2\/tags?post=65979"}],"curies":[{"name":"wp","href":"https:\/\/api.w.org\/{rel}","templated":true}]}}