{"id":6595,"date":"2021-12-03T02:21:14","date_gmt":"2021-12-03T01:21:14","guid":{"rendered":"http:\/\/www.infokuryr.cz\/n\/?p=6595"},"modified":"2021-12-03T02:21:14","modified_gmt":"2021-12-03T01:21:14","slug":"jak-evropsky-system-vysachoval-sebastiana-kurze-z-politiky","status":"publish","type":"post","link":"https:\/\/www.infokuryr.cz\/n\/2021\/12\/03\/jak-evropsky-system-vysachoval-sebastiana-kurze-z-politiky\/","title":{"rendered":"Jak evropsk\u00fd \u201esyst\u00e9m\u201c vy\u0161achoval Sebastiana Kurze z politiky"},"content":{"rendered":"<div id=\"fb-root\"><\/div>\n<section class=\"perex\">B\u00fdval\u00fd rakousk\u00fd kancl\u00e9\u0159 Sebastian Kurz ozn\u00e1mil sv\u016fj odchod z politiky. Tento obrat byl z\u0159ejm\u011b vynucen\u00fd. Kurz zk\u0159\u00ed\u017eil cestu p\u0159\u00edli\u0161 mnoha mocn\u00fdm lidem. Migra\u010dn\u00ed krize, Balk\u00e1n, vztahy s Ruskem &#8211; to je jen ne\u00fapln\u00fd v\u00fd\u010det oblast\u00ed, kter\u00e9 mu EU, N\u011bmecko a vlastn\u011b i rakousk\u00e1 elita nemohly odpustit. Neform\u00e1ln\u00ed politici nejsou v dne\u0161n\u00ed Evrop\u011b obl\u00edben\u00ed, a tak se 35let\u00fd \u201emlad\u00edk\u201c stahuje do \u00fastran\u00ed.<\/p>\n<\/section>\n<section class=\"clanek-obsah\">\u201eBylo mi velkou ct\u00ed slou\u017eit Rakousku po dobu deseti let.\u201c Takov\u00fd titulek bylo mo\u017en\u00e9 si p\u0159e\u010d\u00edst 2. prosince r\u00e1no na Instagramu b\u00fdval\u00e9ho rakousk\u00e9ho kancl\u00e9\u0159e Sebastiana Kurze. N\u00e1sledoval dlouh\u00fd p\u0159\u00edsp\u011bvek, ve kter\u00e9m se mimo jin\u00e9 psalo:<\/p>\n<p><em>\u201ePo deseti letech ve feder\u00e1ln\u00ed vl\u00e1d\u011b jsem se rozhodl skon\u010dit s politikou a odstoupit ze v\u0161ech politick\u00fdch funkc\u00ed.\u201c<\/em>Den p\u0159edt\u00edm 35let\u00fd Kurtz ozn\u00e1mil, \u017ee se mu narodilo prvn\u00ed d\u00edt\u011b. Nyn\u00ed se hodl\u00e1 v\u00edce ne\u017e d\u0159\u00edve v\u011bnovat rodin\u011b.<\/p>\n<p>Instagram v\u0161ak zat\u00edm nen\u00ed ofici\u00e1ln\u00edm ozn\u00e1men\u00edm. Ale nebude to trvat dlouho. Ji\u017e z\u00edtra Kurtz odstoup\u00ed z funkce p\u0159edsedy konzervativn\u00ed Lidov\u00e9 strany, do n\u00ed\u017e vstoupil p\u0159ed 20 lety (ve sv\u00e9m v\u011bku!). Nahrad\u00ed ho ministr vnitra Karl Nehammer. P\u0159estane b\u00fdt tak\u00e9 \u010dlenem N\u00e1rodn\u00ed rady&#8230; T\u00edm vlastn\u011b nastane nov\u00e1 \u00e9ra v Rakousku i v cel\u00e9 Evrop\u011b.<\/p>\n<p>P\u0159ipome\u0148me, \u017ee Kurz odstoupil t\u00e9m\u011b\u0159 p\u0159ed dv\u011bma m\u011bs\u00edci. D\u016fvodem bylo obvin\u011bn\u00ed, \u017ee rakousk\u00e9 ministerstvo financ\u00ed vynalo\u017eilo rozpo\u010det na reklamu samotn\u00e9ho politika a lidov\u00e9 strany v bulv\u00e1rn\u00edm den\u00edku \u00d6sterreich, kter\u00fd p\u0159in\u00e1\u0161el \u201espr\u00e1vn\u00e9\u201c n\u00e1zory a pr\u016fzkumy ve\u0159ejn\u00e9ho m\u00edn\u011bn\u00ed o jeho \u010dinnosti. Kurtz je obvi\u0148ov\u00e1n z napom\u00e1h\u00e1n\u00ed ke korupci &#8211; i kdy\u017e i jeho odp\u016frci p\u0159ipou\u0161t\u011bj\u00ed, \u017ee je velmi obt\u00ed\u017en\u00e9 ho na z\u00e1klad\u011b toho obvinit z \u201etrestn\u00e9ho \u010dinu\u201c. P\u0159\u00edpad se do zna\u010dn\u00e9 m\u00edry vymyk\u00e1 kontrole, ale nakonec je to rozhodnut\u00ed politika.<\/p>\n<p>P\u0159esto\u017ee je Kurtz na pom\u011bry politik\u016f mlad\u00fd, rychle se dostal do pop\u0159ed\u00ed sv\u011btov\u00e9 politiky. Stal se nejmlad\u0161\u00edm p\u0159edsedou vl\u00e1dy na sv\u011bt\u011b a p\u0159edt\u00edm nejmlad\u0161\u00edm ministrem zahrani\u010d\u00ed. U\u017e to samo o sob\u011b sta\u010d\u00ed k tomu, aby se stal zn\u00e1m\u00fdm. Rakousk\u00fd politik v\u0161ak dok\u00e1zal, \u017ee je s\u00e1m o sob\u011b jasnou osobnost\u00ed, a nikoli p\u011b\u0161\u00e1kem v rukou mnohem v\u011bt\u0161\u00edch mu\u017e\u016f. Jeho jm\u00e9no bylo zn\u00e1m\u00e9 daleko za hranicemi Rakouska, co\u017e je pro politika z mal\u00e9 zem\u011b uzn\u00e1n\u00ed samo o sob\u011b.<\/p>\n<p>Sebastian Kurz se narodil 27. srpna 1986 ve V\u00eddni jako syn in\u017een\u00fdra a u\u010ditelky. Jeho p\u0159edkov\u00e9 poch\u00e1zeli z dne\u0161n\u00edho Srbska, etni\u010dt\u00ed N\u011bmci, kte\u0159\u00ed byli v letech 1944-1945 odsunuti z Jugosl\u00e1vie. Takov\u00fd p\u016fvod mohl ovlivnit Kurtz\u016fv postoj k Srb\u016fm, Rus\u016fm a v\u016fbec Slovan\u016fm&#8230; Nikdy v\u0161ak sv\u00fdmi \u010diny nedal na sv\u00e9 ko\u0159eny zapomenout. Rozhodn\u011b nen\u00ed rusofil a srbofil, ale rozhodn\u011b nen\u00ed ani rusofob a srbofob.<\/p>\n<p>V ml\u00e1d\u00ed vstoupil do konzervativn\u00ed Lidov\u00e9 strany a ud\u011blal politickou kari\u00e9ru. A nikoliv \u00fa\u0159ednickou kari\u00e9ru &#8211; t\u00edm se li\u0161\u00ed od v\u011bt\u0161iny \u0161ed\u00fdch evropsk\u00fdch byrokrat\u016f. P\u0159ihl\u00e1sil se do arm\u00e1dy, aby m\u011bl lep\u0161\u00ed p\u0159edstavu o sv\u00fdch budouc\u00edch voli\u010d\u00edch. Pot\u00e9 ji\u017e nastoupil na pr\u00e1vnickou fakultu v\u00edde\u0148sk\u00e9 univerzity, ale studia nedokon\u010dil &#8211; ode\u0161el do politiky. Je docela mo\u017en\u00e9, \u017ee vyslou\u017eil\u00fd kancl\u00e9\u0159 kone\u010dn\u011b z\u00edsk\u00e1 titul&#8230;<\/p>\n<p>Tento bystr\u00fd a charismatick\u00fd mlad\u00edk se ve sv\u00fdch 25 letech stal st\u00e1tn\u00edm tajemn\u00edkem pro integraci. Kurz usiloval o integraci nov\u011b p\u0159\u00edchoz\u00edch z Bl\u00edzk\u00e9ho v\u00fdchodu a Afriky do rakousk\u00e9 spole\u010dnosti. Na rozd\u00edl od jin\u00fdch evropsk\u00fdch politik\u016f s abstraktn\u00edmi p\u0159edstavami o multikulturalismu mohl na vlastn\u00ed k\u016f\u017ei poznat, jak obt\u00ed\u017en\u00e9 je tuto \u00fadajn\u011b kr\u00e1snou my\u0161lenku uskute\u010dnit. A pak, jako ministr zahrani\u010d\u00ed a kancl\u00e9\u0159, mohl b\u00fdt \u201eneform\u00e1ln\u00ed\u201c.<\/p>\n<p>Po Kurtzov\u011b n\u00e1stupu se Rakousko stalo prvn\u00ed evropskou zem\u00ed, kter\u00e1 vy\u017eadovala, aby im\u00e1mov\u00e9 skl\u00e1dali st\u00e1tn\u00ed zkou\u0161ky, a p\u00e1te\u010dn\u00ed k\u00e1z\u00e1n\u00ed musela b\u00fdt pron\u00e1\u0161ena ve st\u00e1tn\u00edm jazyce. Bylo zak\u00e1z\u00e1no financov\u00e1n\u00ed me\u0161it ze zahrani\u010d\u00ed. Zak\u00e1zal v\u0161echny jazyky krom\u011b n\u011bm\u010diny v mate\u0159sk\u00fdch \u0161kol\u00e1ch. To sice V\u00edde\u0148 p\u0159ed teroristick\u00fdm \u00fatokem v listopadu 2020 nezachr\u00e1nilo, ale Kurz je pr\u00e1v\u011b t\u00edm posledn\u00edm \u00fa\u0159edn\u00edkem, kter\u00e9mu by se zde dala vytknout n\u011bjak\u00e1 chyba. Je to sp\u00ed\u0161e ot\u00e1zka jeho partner\u016f ze Strany zelen\u00fdch, kte\u0159\u00ed si mysleli, \u017ee je v tomto ohledu p\u0159\u00edli\u0161 p\u0159\u00edsn\u00fd.<\/p>\n<p>Skute\u010dnou evropskou sl\u00e1vu mu p\u0159inesla migra\u010dn\u00ed krize v letech 2015-2016. U\u017e jako ministr zahrani\u010d\u00ed se pustil do N\u011bmecka a jeho kancl\u00e9\u0159ky Angely Merkelov\u00e9 a po\u017eadoval jasn\u00fd po\u010det uprchl\u00edk\u016f, kter\u00e9 sousedn\u00ed zem\u011b p\u0159ijme. Vzhledem k tomu, \u017ee tento po\u017eadavek do zna\u010dn\u00e9 m\u00edry po\u0161kodil kari\u00e9ru odch\u00e1zej\u00edc\u00ed n\u011bmeck\u00e9 kancl\u00e9\u0159ky, t\u011b\u017eko mu mohla odpustit. V n\u00e1sleduj\u00edc\u00edch letech oba kancl\u00e9\u0159i jen st\u011b\u017e\u00ed skr\u00fdvali vz\u00e1jemnou nevra\u017eivost.<\/p>\n<p>Kurtz si sv\u00fdm chov\u00e1n\u00edm z\u00edskal obrovsk\u00e9 sympatie oby\u010dejn\u00fdch Raku\u0161an\u016f a mlad\u0161\u00edch \u010dlen\u016f lidov\u00e9 strany. S jejich pomoc\u00ed se v roce 2017 stal l\u00eddrem strany a sesadil star\u0161\u00ed a \u201ezaslou\u017eilej\u0161\u00ed\u201c lidovce. Dvakr\u00e1t vyhr\u00e1l volby a stal se kancl\u00e9\u0159em. A nejen to &#8211; uzav\u0159el koalici s krajn\u011b pravicovou protiimigra\u010dn\u00ed Stranou svobody. T\u00edmto zp\u016fsobem si Kurz z\u00edskal nep\u0159\u00e1tele nejen v N\u011bmecku, ale i v samotn\u00e9m Rakousku. Pro starou elitu, kterou zt\u011bles\u0148oval prezident Alexander van der Bellen, to bylo n\u011bco neobvykl\u00e9ho.<\/p>\n<p>V r\u00e1mci EU se Kurtz choval zcela nez\u00e1visle. Ve skute\u010dnosti podpo\u0159il sv\u00e9 sousedy z \u010cesk\u00e9 republiky, Slovenska a Ma\u010farska, kte\u0159\u00ed necht\u011bli p\u0159ij\u00edmat migranty z EU. V roce 2020 se rakousk\u00fd kancl\u00e9\u0159 spolu s kolegy z dal\u0161\u00edch mal\u00fdch a bohat\u00fdch zem\u00ed vzbou\u0159il proti n\u00e1vrhu rozpo\u010dtu EU a prosadil sn\u00ed\u017een\u00ed rakousk\u00fdch p\u0159\u00edsp\u011bvk\u016f do n\u011bj. Francouzsk\u00fd prezident Emmanuel Macron podle sv\u011bdk\u016f Kurtzovi m\u00e1lem vrazil p\u011bst\u00ed&#8230; Mnoh\u00fdm v Bruselu se chov\u00e1n\u00ed rakousk\u00e9ho \u201emlad\u00edka\u201c nel\u00edbilo.<\/p>\n<p>Kurtz m\u011bl \u201ebalk\u00e1nsk\u00e9\u201c ko\u0159eny a o d\u011bn\u00ed v b\u00fdval\u00e9 Jugosl\u00e1vii se \u017eiv\u011b zaj\u00edmal. A op\u011bt se choval \u201eneform\u00e1ln\u011b\u201c. Sice neodm\u00edtl uznat nez\u00e1vislost Kosova, ale s Alb\u00e1nci i Srby hovo\u0159il vyrovnan\u011b, ani\u017e by na n\u011b cht\u011bl vyv\u00edjet n\u00e1tlak. Dokonce dal souhlas s p\u0159ipojen\u00edm severn\u00edch \u010d\u00e1st\u00ed Kosova ob\u00fdvan\u00fdch Srby k Srbsku. Takov\u00e9 prohl\u00e1\u0161en\u00ed bylo op\u011bt v rozporu s celkovou politikou EU, my\u0161len\u00edm Merkelov\u00e9 a van der Bellena&#8230;..<\/p>\n<p>Nejd\u016fle\u017eit\u011bj\u0161\u00edm t\u00e9matem jsou pro n\u00e1s samoz\u0159ejm\u011b vztahy mezi Rakouskem a Ruskem. Pova\u017eovat Kurtze za p\u0159\u00edtele na\u0161\u00ed zem\u011b by bylo p\u0159ehnan\u00e9. Odsoudil na\u0161i zemi za anexi Krymu a vyslovil se pro rozvoj programu V\u00fdchodn\u00edho partnerstv\u00ed EU. Domn\u00edval se v\u0161ak, \u017ee s pln\u011bn\u00edm minsk\u00fdch dohod (i kdy\u017e Rusko nen\u00ed jejich smluvn\u00ed stranou, ale p\u0159ece) by m\u011bly b\u00fdt sankce v\u016f\u010di Rusku zru\u0161eny. Ani jednou se o na\u0161\u00ed zemi ost\u0159e nevyj\u00e1d\u0159il, mnohokr\u00e1t ji nav\u0161t\u00edvil&#8230; V o\u010d\u00edch \u201ebeau monde\u201c vypadal op\u011bt jako \u010dern\u00e1 ovce.<\/p>\n<p>Bylo samoz\u0159ejm\u011b jen ot\u00e1zkou \u010dasu, kdy dojde k pokusu o Kurtzovo sesazen\u00ed. A stalo se tak na podzim roku 2021. Existuje siln\u00e9 podez\u0159en\u00ed, \u017ee politik byl pod tlakem a \u017ee jeho rezignace a odchod z politiky byly vynucen\u00fdmi rozhodnut\u00edmi. Je docela dob\u0159e mo\u017en\u00e9, \u017ee po Merkelov\u00e9 p\u0159\u00ed\u0161t\u00ed rok opust\u00ed svou funkci i Van der Bellen&#8230; Ot\u00e1zka se v\u0161ak net\u00fdk\u00e1 jednotlivc\u016f, ale \u201esyst\u00e9mu\u201c. A rakousk\u00fd kancl\u00e9\u0159, kter\u00fd \u010dasto promlouval k voli\u010d\u016fm p\u0159\u00edmo prost\u0159ednictv\u00edm sv\u00e9ho Instagramu, to jasn\u011b pop\u0159el. Nepot\u0159ebuje ho v \u017e\u00e1dn\u00e9 podob\u011b&#8230;<\/p>\n<p>Kurtzova rezignace samoz\u0159ejm\u011b jist\u011b neprosp\u011bje vztah\u016fm mezi Ruskem a Rakouskem. Jeho n\u00e1stupce ve funkci kancl\u00e9\u0159e Alexander Schallenberg je \u201emu\u017eem syst\u00e9mu\u201c. Zelen\u00ed ve vl\u00e1dn\u00ed koalici maj\u00ed k na\u0161\u00ed zemi ten nejhor\u0161\u00ed vztah. Rusko-rakousk\u00e9 vazby maj\u00ed ur\u010ditou s\u00edlu, ale jejich sn\u00ed\u017een\u00ed na evropsk\u00fd pr\u016fm\u011br je v jejich sil\u00e1ch. Pravd\u011bpodobnost, \u017ee Rakousko na n\u011bjakou dobu ztrat\u00ed status zvl\u00e1\u0161tn\u00edho partnera Ruska, je tedy velmi vysok\u00e1. To v\u0161e proto, \u017ee Kurz ji ji\u017e nedefinuje.<\/p>\n<p>To je role jednotlivce v d\u011bjin\u00e1ch. V tomto p\u0159\u00edpad\u011b se jedn\u00e1 o osobnost mlad\u00e9ho rakousk\u00e9ho politika, kter\u00fd v jist\u00e9m smyslu \u201enaru\u0161il\u201c hladk\u00fd tok d\u011bjin p\u0159edepsan\u00fd evropskou elitou. To se neodpou\u0161t\u00ed.<\/p>\n<p><strong>Vadim Trucha\u010dev<\/strong><\/p>\n<div class=\"podcarou\">\n<p><a href=\"https:\/\/eadaily.com\/ru\/news\/2021\/12\/02\/kak-evropeyskaya-sistema-vydavila-sebastyana-kurca-iz-politiki\" target=\"_blank\" rel=\"external noopener\">\u041a\u0430\u043a \u0435\u0432\u0440\u043e\u043f\u0435\u0439\u0441\u043a\u0430\u044f \u00ab\u0441\u0438\u0441\u0442\u0435\u043c\u0430\u00bb \u0432\u044b\u0434\u0430\u0432\u0438\u043b\u0430 \u0421\u0435\u0431\u0430\u0441\u0442\u044c\u044f\u043d\u0430 \u041a\u0443\u0440\u0446\u0430 \u0438\u0437\u00a0\u043f\u043e\u043b\u0438\u0442\u0438\u043a\u0438<\/a> vy\u0161el 2.12.2021 na edaily.com. P\u0159eklad Zv\u011bdavec.<\/p>\n<\/div>\n<p>P\u0159evzato:\u00a0<a href=\"http:\/\/www.zvedavec.org\/komentare\/2021\/12\/8942-jak-evropsky-system-vysachoval-sebastiana-kurze-z-politiky.htm\">Zvedavec.org<\/a><\/p>\n<p>&nbsp;<\/p>\n<\/section>\n","protected":false},"excerpt":{"rendered":"<p>B\u00fdval\u00fd rakousk\u00fd kancl\u00e9\u0159 Sebastian Kurz ozn\u00e1mil sv\u016fj odchod z politiky. Tento obrat byl z\u0159ejm\u011b vynucen\u00fd&#8230;.<\/p>\n","protected":false},"author":2,"featured_media":3072,"comment_status":"closed","ping_status":"closed","sticky":false,"template":"","format":"standard","meta":[],"categories":[7],"tags":[29,154,120],"_links":{"self":[{"href":"https:\/\/www.infokuryr.cz\/n\/wp-json\/wp\/v2\/posts\/6595"}],"collection":[{"href":"https:\/\/www.infokuryr.cz\/n\/wp-json\/wp\/v2\/posts"}],"about":[{"href":"https:\/\/www.infokuryr.cz\/n\/wp-json\/wp\/v2\/types\/post"}],"author":[{"embeddable":true,"href":"https:\/\/www.infokuryr.cz\/n\/wp-json\/wp\/v2\/users\/2"}],"replies":[{"embeddable":true,"href":"https:\/\/www.infokuryr.cz\/n\/wp-json\/wp\/v2\/comments?post=6595"}],"version-history":[{"count":0,"href":"https:\/\/www.infokuryr.cz\/n\/wp-json\/wp\/v2\/posts\/6595\/revisions"}],"wp:featuredmedia":[{"embeddable":true,"href":"https:\/\/www.infokuryr.cz\/n\/wp-json\/wp\/v2\/media\/3072"}],"wp:attachment":[{"href":"https:\/\/www.infokuryr.cz\/n\/wp-json\/wp\/v2\/media?parent=6595"}],"wp:term":[{"taxonomy":"category","embeddable":true,"href":"https:\/\/www.infokuryr.cz\/n\/wp-json\/wp\/v2\/categories?post=6595"},{"taxonomy":"post_tag","embeddable":true,"href":"https:\/\/www.infokuryr.cz\/n\/wp-json\/wp\/v2\/tags?post=6595"}],"curies":[{"name":"wp","href":"https:\/\/api.w.org\/{rel}","templated":true}]}}