{"id":6591,"date":"2021-12-03T02:10:15","date_gmt":"2021-12-03T01:10:15","guid":{"rendered":"http:\/\/www.infokuryr.cz\/n\/?p=6591"},"modified":"2021-12-03T02:10:15","modified_gmt":"2021-12-03T01:10:15","slug":"kurz-je-pryc","status":"publish","type":"post","link":"https:\/\/www.infokuryr.cz\/n\/2021\/12\/03\/kurz-je-pryc\/","title":{"rendered":"Kurz je pry\u010d!"},"content":{"rendered":"<div id=\"fb-root\"><\/div>\n<p>Dnes dopoledne (\u010dtvrtek 2.12.2021) vystoupil b\u00fdval\u00fd rakousk\u00fd kancl\u00e9\u0159 Kurz se z\u00e1sadn\u00edm prohl\u00e1\u0161en\u00edm \u2013 \u017ee odch\u00e1z\u00ed z politiky a ze v\u0161ech sv\u00fdch funkc\u00ed. Z\u00edtra p\u0159ed\u00e1 veden\u00ed poslaneck\u00e9ho klubu b\u00fdval\u00e9mu p\u0159edsedovi klubu Augustu W\u00f6gingerovi a v nejbli\u017e\u0161\u00ed dob\u011b svol\u00e1 sjezd Lidov\u00e9 strany (\u00d6VP) a odstoup\u00ed z funkce p\u0159edsedy.<\/p>\n<p>V bilan\u010dn\u00edm vystoupen\u00ed, kter\u00e9 je mo\u017en\u00e9 shl\u00e9dnout v koment\u00e1\u0159\u00edch, se vyj\u00e1d\u0159il jasn\u011b v tom smyslu, \u017ee kdy\u017e \u010dlov\u011bka p\u0159estane t\u011b\u0161it to, co d\u011bl\u00e1, m\u011bl by zv\u00e1\u017eit, zda v tom pokra\u010dovat. Vysloven\u011b nezm\u00ednil, \u017ee k odchodu z politiky ho p\u0159im\u011bly zejm\u00e9na posledn\u00ed t\u00fddny \u0161tvanice t\u00e9m\u011b\u0159 ve\u0161ker\u00fdch m\u00e9di\u00ed v\u010detn\u011b tzv. ve\u0159ejnopr\u00e1vn\u00ed televize ORF, \u0159ady n\u011bmeck\u00fdch m\u00e9di\u00ed, ve\u0161ker\u00e9 opozice, podraz koali\u010dn\u00edch Zelen\u00fdch, vt\u011blen\u00fd do ministryn\u011b \u201espravedlnosti\u201c Almy Zadicov\u00e9 a j\u00ed veden\u00e9 speci\u00e1ln\u00ed protikorup\u010dn\u00ed prokuratury WKStA. Ale v\u0161ichni p\u0159ihl\u00ed\u017eej\u00edc\u00ed p\u0159\u00edznivci i odp\u016frci to v\u011bd\u00ed.<\/p>\n<p>Z\u00e1rove\u0148 jasn\u011b \u0159ekl, \u017ee ni\u010d\u00edm z toho, z \u010deho je speci\u00e1ln\u00ed prokuraturou vin\u011bn, tedy zpronev\u011brou, \u00faplatk\u00e1\u0159stv\u00edm a \u00faplatnost\u00ed, vinen nen\u00ed a u soudu to dok\u00e1\u017ee. Pod\u011bkoval v\u0161em, kte\u0159\u00ed mu pom\u00e1hali v kari\u00e9\u0159e, spolustran\u00edk\u016fm, nejbli\u017e\u0161\u00edm spolupracovn\u00edk\u016fm a p\u0159edev\u0161\u00edm voli\u010d\u016fm, kte\u0159\u00ed novou lidovou stranu pod jeho veden\u00edm dvakr\u00e1t poslali do vl\u00e1dy se ziskem nad 35 %. Jeho rozhodnut\u00ed odej\u00edt z politiky je ale pr\u00fd definitivn\u00ed.<\/p>\n<p>V sobotu se Sebastianu Kurzovi narodil syn Konstantin a to ho pr\u00fd definitivn\u011b p\u0159im\u011blo k p\u0159ehodnocen\u00ed jeho \u017eivota. Vid\u011bl tak\u00e9, \u017ee honic\u00ed psi prokuratury a tzv. levicov\u00fdch m\u00e9di\u00ed nep\u0159estanou \u0161tv\u00e1t nejen jeho, ale i v\u0161echny, kte\u0159\u00ed se odv\u00e1\u017e\u00ed postavit na jeho stranu. Jako se to naposledy stalo vysok\u00e9 \u00fa\u0159ednici pro ochranu justice Gabriele Aicherov\u00e9, kter\u00e1 tvrd\u011b kritizovala postup WKStA nejen v jeho p\u0159\u00edpad\u011b, ale i v \u201ep\u0159\u00edpad\u011b Ibiza\u201c a obvin\u011bn\u00ed b\u00fdval\u00e9ho p\u0159edsedy rakousk\u00fdch Svobodn\u00fdch Heinze Christiana Stracheho. T\u00e9 vyhro\u017eovala p\u0159\u00edmo ministryn\u011b Zadicov\u00e1, a\u010dkoli je tato vysok\u00e1 \u00fa\u0159ednice ve sv\u00e9 funkci podle z\u00e1kona naprosto nez\u00e1visl\u00e1. Z\u0159ejm\u011b i Kurzovi samotn\u00e9mu bylo n\u011bjak vyhro\u017eov\u00e1no, proto\u017ee dostal policejn\u00ed ochranu &#8211; a to je to posledn\u00ed, co rodina s d\u00edt\u011btem m\u016f\u017ee pot\u0159ebovat.<br \/>\nJeho odchod nen\u00ed ztr\u00e1ta jen pro Rakousko. Obl\u00edben\u00fd byl v N\u011bmecku, ne u m\u00e9di\u00ed, ale u lid\u00ed, a nakonec i u n\u00e1s a v cel\u00e9 Evrop\u011b.<\/p>\n<p>Ob\u00e1v\u00e1m se, \u017ee teprve bolestn\u011b zjist\u00edme, jak moc zabra\u0148oval nejen pokra\u010dov\u00e1n\u00ed nekontrolovan\u00e9 migrace, ale i dal\u0161\u00edm \u0161\u00edlen\u00fdm pl\u00e1n\u016fm EU, v\u010detn\u011b Zelen\u00e9ho \u00fad\u011blu. Opakovan\u011b tvrdil, \u017ee jeho c\u00edl\u016f nelze dos\u00e1hnout t\u00edm, \u017ee budou lid\u00e9 trp\u011bt, mrznout a hladov\u011bt. Sna\u017eil se spolupracovat se st\u00e1ty z\u00e1padn\u00edho Balk\u00e1nu ohledn\u011b zabr\u00e1n\u011bn\u00ed neleg\u00e1ln\u00ed migrace a st\u00e1le hledal i cestu spolupr\u00e1ce s V4. Poda\u0159ilo se mu dos\u00e1hnout i men\u0161\u00edho zadlu\u017een\u00ed EU, ne\u017e cht\u011bla Evropsk\u00e1 komise, kter\u00e1 do Fondu obnovy po\u017eadoval p\u016fj\u010dku 1.000 miliard eur. Premi\u00e9\u0159e v Evropsk\u00e9 rada j\u00ed pod tlakem pr\u00e1v\u011b rakousk\u00e9ho kancl\u00e9\u0159e Kurze a jeho holandsk\u00e9ho kolegy Rutteho povolili \u201ejen\u201c 750 miliard eur.<\/p>\n<p>Samoz\u0159ejm\u011b se dopustil i chyb. Podle m\u00e9ho soudu jeho p\u00e1d za\u010dal v dob\u011b \u201eskand\u00e1lu Ibiza\u201c, kdy nechal pod siln\u00fdm tlakem m\u00e9di\u00ed padnout Stracheho i celou vl\u00e1du a n\u00e1sledn\u011b po dal\u0161\u00edch v\u00edt\u011bzn\u00fdch volb\u00e1ch sestavil vl\u00e1du se stranou Zelen\u00fdch, kte\u0159\u00ed od po\u010d\u00e1tku pracovali na jeho odstran\u011bn\u00ed. Nevyb\u00edrav\u00e9 metody opozice, kter\u00e1 vid\u011bla, \u017ee ve volb\u00e1ch ho neporaz\u00ed, a kter\u00e9 zjevn\u011b podcenil, nato\u017e aby kontroval podobnou taktikou, nakonec vedly k tomu, \u017ee ne\u017e aby vyho\u0159el, odstoupil. Kurz byl politik, ne politik\u00e1\u0159, zab\u00fdval se t\u00edm, co chce prosadit, ne t\u00edm, koho odstranit.<\/p>\n<p>Opozice j\u00e1s\u00e1. Ob\u00e1v\u00e1m se ale, \u017ee jej\u00ed j\u00e1s\u00e1n\u00ed nebude trvat dlouho, proto\u017ee krom\u011b programu \u201eKurz muss weg\u201c \u017e\u00e1dn\u00fd program nem\u011bla. Po p\u0159ed\u010dasn\u00fdch volb\u00e1ch, kter\u00e9 mo\u017en\u00e1 budou brzy a po kter\u00fdch bude n\u00e1sledovat vl\u00e1da podobn\u00e9ho slepence jako u n\u00e1s, budou tedy kop\u00edrovat n\u011bmeckou politiku, jak tomu b\u00fdvalo v\u017edy, a jak se to od poddan\u00fdch \u010dek\u00e1. To p\u0159ece zn\u00e1me. A Svobodn\u00ed? Budou opozici podporovat, a ta jim bude lichotit, dokud je bude pot\u0159ebovat. Zat\u00edm si p\u0159edseda Svobodn\u00fdch Herbert Kickl, kter\u00fd Kurze nen\u00e1vid\u00ed tak, \u017ee je ochoten spolupracovat i se socany a Zelen\u00fdmi, m\u016f\u017ee d\u00e1l propagovat sv\u016fj od\u010dervovac\u00ed prost\u0159edek proti covidu. To je asi tak v\u0161e, na co se tato kdysi slibn\u00e1 strana v sou\u010dasnosti zm\u016f\u017ee.<\/p>\n<p>Podle nejen m\u00e9ho n\u00e1zoru odch\u00e1z\u00ed moment\u00e1ln\u011b nejtalentovan\u011bj\u0161\u00ed politik Evropy, \u201eudol\u00e1n\u201c spiknut\u00edm podpr\u016fm\u011brn\u00fdch. Do dal\u0161\u00edho \u017eivota p\u0159eji tomuto mlad\u00e9mu mu\u017ei hodn\u011b \u00fasp\u011bch\u016f. Za sebou zanech\u00e1v\u00e1 obrovsk\u00fd kus dob\u0159e vykonan\u00e9 pr\u00e1ce, co\u017e se o v\u011bt\u0161in\u011b \u0161pi\u010dkov\u00fdch evropsk\u00fdch politik\u016f rozhodn\u011b \u0159\u00edct ned\u00e1. Zastaven\u00edm neleg\u00e1ln\u00ed migrace do EU a zabr\u00e1n\u011bn\u00edm pokus\u016f o jej\u00ed legalizaci se vedle Viktora Orb\u00e1na nesmazateln\u011b zapsal do d\u011bjin evropsk\u00e9 integrace.<\/p>\n<p>MUDr. Ivan David. CSc.<\/p>\n<p><img decoding=\"async\" loading=\"lazy\" class=\"alignnone  wp-image-922\" src=\"http:\/\/www.infokuryr.cz\/n\/wp-content\/uploads\/2021\/04\/Ivan-David-1-222x300.jpg\" alt=\"\" width=\"172\" height=\"232\" srcset=\"https:\/\/www.infokuryr.cz\/n\/wp-content\/uploads\/2021\/04\/Ivan-David-1-222x300.jpg 222w, https:\/\/www.infokuryr.cz\/n\/wp-content\/uploads\/2021\/04\/Ivan-David-1.jpg 466w\" sizes=\"(max-width: 172px) 100vw, 172px\" \/><\/p>\n<p>&nbsp;<\/p>\n<p>&nbsp;<\/p>\n<p>&nbsp;<\/p>\n","protected":false},"excerpt":{"rendered":"<p>Dnes dopoledne (\u010dtvrtek 2.12.2021) vystoupil b\u00fdval\u00fd rakousk\u00fd kancl\u00e9\u0159 Kurz se z\u00e1sadn\u00edm prohl\u00e1\u0161en\u00edm \u2013 \u017ee odch\u00e1z\u00ed&#8230;<\/p>\n","protected":false},"author":2,"featured_media":462,"comment_status":"closed","ping_status":"closed","sticky":false,"template":"","format":"standard","meta":[],"categories":[6],"tags":[29,154,120],"_links":{"self":[{"href":"https:\/\/www.infokuryr.cz\/n\/wp-json\/wp\/v2\/posts\/6591"}],"collection":[{"href":"https:\/\/www.infokuryr.cz\/n\/wp-json\/wp\/v2\/posts"}],"about":[{"href":"https:\/\/www.infokuryr.cz\/n\/wp-json\/wp\/v2\/types\/post"}],"author":[{"embeddable":true,"href":"https:\/\/www.infokuryr.cz\/n\/wp-json\/wp\/v2\/users\/2"}],"replies":[{"embeddable":true,"href":"https:\/\/www.infokuryr.cz\/n\/wp-json\/wp\/v2\/comments?post=6591"}],"version-history":[{"count":0,"href":"https:\/\/www.infokuryr.cz\/n\/wp-json\/wp\/v2\/posts\/6591\/revisions"}],"wp:featuredmedia":[{"embeddable":true,"href":"https:\/\/www.infokuryr.cz\/n\/wp-json\/wp\/v2\/media\/462"}],"wp:attachment":[{"href":"https:\/\/www.infokuryr.cz\/n\/wp-json\/wp\/v2\/media?parent=6591"}],"wp:term":[{"taxonomy":"category","embeddable":true,"href":"https:\/\/www.infokuryr.cz\/n\/wp-json\/wp\/v2\/categories?post=6591"},{"taxonomy":"post_tag","embeddable":true,"href":"https:\/\/www.infokuryr.cz\/n\/wp-json\/wp\/v2\/tags?post=6591"}],"curies":[{"name":"wp","href":"https:\/\/api.w.org\/{rel}","templated":true}]}}