{"id":65909,"date":"2024-11-10T06:53:38","date_gmt":"2024-11-10T05:53:38","guid":{"rendered":"https:\/\/www.infokuryr.cz\/n\/?p=65909"},"modified":"2024-11-10T06:53:38","modified_gmt":"2024-11-10T05:53:38","slug":"nova-totalita-2024-jednoho-uhnali-k-smrti-druheho-politicky-popravili-tretiho-umlceli","status":"publish","type":"post","link":"https:\/\/www.infokuryr.cz\/n\/2024\/11\/10\/nova-totalita-2024-jednoho-uhnali-k-smrti-druheho-politicky-popravili-tretiho-umlceli\/","title":{"rendered":"Nov\u00e1 totalita 2024: jednoho uhnali k smrti, druh\u00e9ho politicky popravili, t\u0159et\u00edho uml\u010deli&#8230;"},"content":{"rendered":"<div id=\"fb-root\"><\/div>\n<div class=\"introtext\">\n<p>Nekrolog za politick\u00e9 v\u011bzn\u011b 2024: vrac\u00ed se doba bol\u0161evick\u00e9ho teroru zp\u011bt? Vladim\u00edr Kapal po rozsudku dostal mrtvici a zem\u0159el, Sl\u00e1vka Popelku zav\u0159eli\u00a0 za odm\u00edt\u00e1n\u00ed provokac\u00ed up\u0159ednost\u0148ov\u00e1n\u00ed ukrajinsk\u00e9 vlajky na \u010desk\u00e9m N\u00e1rodn\u00edm muzeu, a Tom\u00e1\u0161 \u010cerm\u00e1k uml\u010den na p\u011bt a p\u016fl roku.<\/p>\n<\/div>\n<div class=\"fulltext\">\n<h2><strong>Vladim\u00edr Kapal<\/strong><\/h2>\n<p>Zikmundov\u00e1, kter\u00e1 na v\u00e1\u017en\u00fd stav sv\u00e9ho partnera b\u011bhem jeho boje o \u017eivot n\u011bkolikr\u00e1t\u00a0<strong>upozor\u0148ovala skrze otev\u0159en\u00e9 dopisy Soudcovsk\u00e9 unii \u010cR, ministru spravedlnosti Pavlu Bla\u017ekovi (ODS),<\/strong>\u00a0ombudsmanovi Stanislavu K\u0159e\u010dkovi \u010di \u010desk\u00e9mu prezidentovi Petru Pavlovi, tvrd\u00ed, \u017ee Kapal\u016fv v\u00e1\u017en\u00fd zdravotn\u00ed stav byl d\u016fsledkem \u201eneodpov\u011bdn\u00e9ho jedn\u00e1n\u00ed na\u0161\u00ed justice a dal\u0161\u00edch st\u00e1tn\u00edch org\u00e1n\u016f\u201c v r\u00e1mci soudn\u00edho procesu, jemu\u017e Kapal \u010delil kv\u016fli projev\u016fm, je\u017e zazn\u011bly v j\u00edm moderovan\u00e9m diskusn\u00edm po\u0159adu o masakru v Katyni v \u010dervenci roku 2020.<\/p>\n<table>\n<tbody>\n<tr>\n<td><strong><em>Vidl\u00e1k<\/em><\/strong><\/p>\n<div class=\"xdj266r x11i5rnm xat24cr x1mh8g0r x1vvkbs x126k92a\">\n<div dir=\"auto\"><em>Zem\u0159el Vladim\u00edr Kapal, zakladatel Svobodn\u00e9ho r\u00e1dia.<\/em><\/div>\n<\/div>\n<div class=\"x11i5rnm xat24cr x1mh8g0r x1vvkbs xtlvy1s x126k92a\">\n<div dir=\"auto\"><em>Jeden z prvn\u00edch, kdo se u n\u00e1s pustil do boje s velk\u00fdmi m\u00e9dii a \u0161el na to spr\u00e1vn\u011b &#8211; ud\u011blal si vlastn\u00ed m\u00e9dium s velk\u00fdm dosahem, kde se \u0159\u00edkalo to, co se v \u010cesk\u00e9 televizi u\u017e \u0159\u00edkat nesm\u011blo.<\/em><\/div>\n<div dir=\"auto\"><em>Nakonec tomu ob\u011btoval i sv\u016fj \u017eivot &#8211;\u00a0<strong>do hrobu mu pomohl soudn\u00ed proces<\/strong>\u00a0kv\u016fli rozhovoru s Josefem Sk\u00e1lou o Katyni.<\/em><\/div>\n<\/div>\n<div class=\"x11i5rnm xat24cr x1mh8g0r x1vvkbs xtlvy1s x126k92a\">\n<div dir=\"auto\"><em>Boj za svobodu slova nen\u00ed bez ob\u011bt\u00ed a v na\u0161\u00ed liber\u00e1ln\u00ed demokracii se na to d\u00e1 um\u0159\u00edt. Nepos\u00edlaj\u00ed na v\u00e1s Gestapo, ale byrokracii. Ned\u011bje se to po hitlerovsku, ale po kafkovsku.\u00a0<strong>Nest\u0159\u00edlej\u00ed v\u00e1s do t\u00fdla, ale prost\u011b v\u00e1s u\u0161tvou.<\/strong><\/em><\/div>\n<\/div>\n<div class=\"x11i5rnm xat24cr x1mh8g0r x1vvkbs xtlvy1s x126k92a\">\n<div dir=\"auto\"><em>Vladim\u00edre, dej B\u016fh, abychom m\u011bli stejnou odvahu, jako ty, a\u017e p\u016fjde do tuh\u00e9ho.<\/em><\/div>\n<\/div>\n<div class=\"x11i5rnm xat24cr x1mh8g0r x1vvkbs xtlvy1s x126k92a\">\n<div dir=\"auto\"><em>\u010cest Tv\u00e9 pam\u00e1tce<\/em><\/div>\n<\/div>\n<\/td>\n<\/tr>\n<\/tbody>\n<\/table>\n<p><span style=\"font-size: 14pt;\"><strong>Petr \u017dantovsk\u00fd<\/strong><\/span><\/p>\n<p>Vladim\u00edr Kapal hlavn\u011b v posledn\u00edch letech (od srpna 2020) tak\u00e9 vedl sv\u016fj boj s re\u017eimem. Byl tehdy odsouzen za po\u0159ad v\u011bnovan\u00fd katy\u0148sk\u00e9mu masakru. P\u0159esn\u011bji \u0159e\u010deno za n\u00e1zory, kter\u00e9 v tom po\u0159adu zazn\u011bly. P\u0159i\u0161la odvol\u00e1n\u00ed, i k Nejvy\u0161\u0161\u00edmu i \u00dastavn\u00edmu soudu. V\u0161echna marn\u011b. Jak napsala \u010cTK, \u201ePodle Nejvy\u0161\u0161\u00edho soudu dan\u00fd \u010din (rozum\u011bj: vysloven\u00fd n\u00e1zor, pozn. p\u017e.) vybo\u010dil z r\u00e1mce b\u011b\u017en\u00fdch projev\u016f, jejich\u017e c\u00edlem je nalezen\u00ed pravdy o historick\u00fdch ud\u00e1lostech\u201c. Podle m\u00edn\u011bn\u00ed Nejvy\u0161\u0161\u00edho soudu \u201espole\u010densk\u00e1 \u0161kodlivost jedn\u00e1n\u00ed obvin\u011bn\u00fdch je o to vy\u0161\u0161\u00ed v dne\u0161n\u00ed dob\u011b, kdy\u017e za posledn\u00ed roky se v\u00fdrazn\u011b zvy\u0161uje m\u00edra roz\u0161i\u0159ov\u00e1n\u00ed dezinformac\u00ed, jimi\u017e se podporuje a prohlubuje ned\u016fv\u011bra v demokratick\u00fd pr\u00e1vn\u00ed st\u00e1t.\u201c To doslova zazn\u011blo v rozhodnut\u00ed Nejvy\u0161\u0161\u00edho soudu.<\/p>\n<h4><span style=\"font-size: 18pt;\"><strong>Folt\u00fdne,\u00a0okupant\u016fm z roku 1968 d\u011bkoval agent P\u00e1vek, dne\u0161n\u00ed dosazen\u00fd vojensk\u00fd prezident a tv\u016fj nad\u0159\u00edzen\u00fd! Ne my!<\/strong><\/span><br \/>\n<img decoding=\"async\" class=\"aligncenter\" src=\"https:\/\/www.skrytapravda.cz\/images\/blogy\/805\/2024\/11listopad\/Folt%C3%BDn_0b204.webp\" alt=\"Folt\u00fdn 0b204\" \/><\/h4>\n<p>\u010cTK podotkla, \u017ee se podle m\u00edn\u011bn\u00ed Nejvy\u0161\u0161\u00edho soudu trojice ob\u017ealovan\u00fdch sna\u017eila \u201erehabilitovat komunistick\u00fd re\u017eim a jeho zlo\u010diny v dob\u011b stalinismu\u201c. \u201eSpole\u010densk\u00e1 \u0161kodlivost jedn\u00e1n\u00ed obvin\u011bn\u00fdch je o to vy\u0161\u0161\u00ed v dne\u0161n\u00ed dob\u011b, kdy\u017e za posledn\u00ed roky se v\u00fdrazn\u011b zvy\u0161uje m\u00edra roz\u0161i\u0159ov\u00e1n\u00ed dezinformac\u00ed, jimi\u017e se podporuje a prohlubuje ned\u016fv\u011bra v demokratick\u00fd pr\u00e1vn\u00ed st\u00e1t,\u201c zazn\u011blo v rozhodnut\u00ed Nejvy\u0161\u0161\u00edho soudu.<\/p>\n<p>To pros\u00edm tvrd\u00ed &#8222;Nejvy\u0161\u0161\u00ed soud&#8220; v dob\u011b, kdy na prezidentsk\u00e9 k\u0159eslo usedl b\u00fdval\u00fd komunista, komunistick\u00fd agent, rozv\u011bd\u010d\u00edk, komunistick\u00fd bojovn\u00edk proti z\u00e1padn\u00edmu imperialismu Petr Pavel a jeho man\u017eelka, politru\u010dka komunistick\u00e9ho re\u017eimu, oba nejv\u00edce zn\u00e1m\u00ed pod spole\u010densk\u00fdm konsensem n\u00e1zvu &#8222;rodina bol\u0161evika agenta P\u00e1vka&#8220;.<\/p>\n<p>Tak\u017ee v dob\u011b, kdy b\u00fdval\u00fd komunista a nav\u00edc v\u011bdom\u00fd komunistick\u00fd agent usedne do prezidentk\u00e9ho k\u0159esla, je odsouzen Kapal za DISKUZE o &#8222;Katynsk\u00e9m masakru. T\u011b\u017eko uv\u011b\u0159it,\u00a0bylo by to k sm\u00edchu, kdyby&#8230; Kdyby se nedostavila smrt.<\/p>\n<h2><strong>Sl\u00e1vek Popelka<\/strong><\/h2>\n<p>je kapitola sama o sob\u011b. Politick\u00fd v\u011bze\u0148, naprosto srovnateln\u00fd s obdob\u00edm V\u00e1clava Havla v opa\u010dn\u00e9m gardu. I kdy\u017e, vr\u00e1t\u00edme li se k bol\u0161evick\u00e9 rodince na Pra\u017esk\u00e9m hrad\u011b, \u010dert v\u00ed, zda to nen\u00ed pr\u00e1v\u011b proto, \u017ee bol\u0161evicko &#8211; komunistick\u00e1 minulost Ukrajiny v roce 1968 hr\u00e1la obrovskou roli a\u00a0v\u011bt\u0161ina star\u0161\u00edch v\u00ed, kdo s\u00eddlil v rusky mluv\u00edc\u00edm m\u011bst\u011b &#8222;Milovice&#8220;.<\/p>\n<p><img decoding=\"async\" loading=\"lazy\" class=\"aligncenter\" src=\"https:\/\/www.skrytapravda.cz\/images\/blogy\/805\/2024\/11listopad\/klickoweb_400d4_9f222.webp\" alt=\"klickoweb 400d4 9f222\" width=\"798\" height=\"450\" \/><\/p>\n<p>A nyn\u00ed op\u011bt jejich vlajka vlaje na N\u00e1rodn\u00edm muzeu \u010desk\u00e9m a op\u011bt jsou za to trest\u00e1ni ti, kte\u0159\u00ed tam cht\u011bj\u00ed vr\u00e1tit \u010deskou n\u00e1rodn\u00ed vlajku. Dokonce komunistick\u00fd prezident na Pra\u017esk\u00e9m hrad\u011b salutuje tomu, kter\u00fd se proti nim up\u00e1lil:<strong>\u00a0Jan Palach<\/strong>.<\/p>\n<p><span style=\"font-size: 18pt;\"><strong>Z dopisu:<\/strong><\/span><\/p>\n<p class=\"-wm-msonormal\">Nikoho nezabil, nikomu nezk\u0159ivil ani vlas na hlav\u011b, jen v\u00a0prap\u016fvodu napsal \u0159editeli N\u00e1rodn\u00edho muzea n\u011bjak\u00e9mu Luke\u0161ovi jeden dopis, ve kter\u00e9m uvedl, \u017ee pokud on, jako ten \u0159editel N\u00e1rodn\u00edho muzea, nesund\u00e1 tu ukrajinskou vlajku z\u00a0budovy, tak \u017ee Sl\u00e1vek zn\u00e1 n\u011bkter\u00e9 extr\u00e9mistick\u00e9 skupiny, kter\u00e9 tu ukrajinskou vlajku sundaj\u00ed s\u00edlou sami.<\/p>\n<p class=\"-wm-msonormal\">\u00a0\u00a0\u00a0\u00a0 Tomu, \u010demu by se na m\u00edst\u011b \u0159editele N\u00e1rodn\u00edho muzea Luke\u0161e n\u011bkdo zasm\u00e1l a dopis hodil do ko\u0161e, tak Luke\u0161 ve snaze plnit svoji ob\u010danskou povinnost, to je pr\u00e1skat a pr\u00e1skat a\u017e se k\u00a0smrti upr\u00e1sk\u00e1m, tak s t\u00edm dopisem b\u011b\u017eel na Odbor extr\u00e9mismu a terorismu p\u0159i Krajsk\u00e9 policii Praha a tam policie vyhodnotila tento dopis jako \u0161\u00ed\u0159en\u00ed popla\u0161n\u00e9 zpr\u00e1vy a mil\u00fd Sl\u00e1vek dostal za tento sv\u016fj dopis podm\u00edne\u010dn\u00fd trest na 4 m\u011bs\u00edce.\u00a0Nesouhlasil s justic\u00ed, odporoval, a nyn\u00ed si to mus\u00ed odsed\u011bt jako zlo\u010dinec!<\/p>\n<h2><strong>Tom\u00e1\u0161 \u010cerm\u00e1k<\/strong><\/h2>\n<p>A porovnejte s t\u00edm, jak\u00e9 v\u00fdhr\u016f\u017eky ob\u010dan\u016fm pos\u00edl\u00e1 plukovn\u00edk Folt\u00fdn. Ten by musel sed\u011bt deset let!<\/p>\n<p>Dokonce pr\u00fd drze vyd\u00edral Kubka t\u00edm, \u017ee ho konfrontoval s minul\u00fdm n\u00e1zorem a Kubek to nahl\u00e1sil jako omezov\u00e1n\u00ed osobn\u00ed svobody: foto d\u016fkaz, jak omezil n\u00e1siln\u011b svobodu Kubka. Byl bez rou\u0161ky!<\/p>\n<p><img decoding=\"async\" class=\"aligncenter\" src=\"https:\/\/www.skrytapravda.cz\/images\/blogy\/805\/2024\/11listopad\/Kubek_05f70.webp\" alt=\"Kubek 05f70\" \/><\/p>\n<p><span style=\"font-size: 18pt;\"><strong>\u201eNah\u00e1z\u00edme je do \u0159eky a zbav\u00edme se jich,\u201c zazn\u011blo ve videu<\/strong><\/span><\/p>\n<p>\u201eNem\u016f\u017eeme chodit ka\u017ed\u00fd t\u00fdden n\u011bkam protestovat a mrznout tam\u2026 Ud\u011bl\u00e1me pl\u00e1n, mus\u00edme se spojit v\u0161ichni a ud\u011blat po\u0159\u00e1dn\u00fd urag\u00e1n\u2026 Mus\u00edme t\u011bm dobytk\u016fm zarazit tipec\u2026 Vyneseme je za ryp\u00e1ky a nah\u00e1z\u00edme je do \u0159eky a zbav\u00edme se jich jednou prov\u017edy. N\u011bjak\u00e1 m\u00edrov\u00e1 cesta, n\u011bjak\u00e9 pr\u00e1vo, neud\u011bl\u00e1 nic,\u201c byly jedny z nejm\u00edrn\u011bj\u0161\u00edch \u010cerm\u00e1kov\u00fdch v\u00fdraz\u016f z vys\u00edl\u00e1n\u00ed, kter\u00e9 st\u00e1tn\u00ed z\u00e1stupce Martin B\u00edl\u00fd \u010detl v ob\u017ealob\u011b.<\/p>\n<p><strong>Pak si poslechneme sprost\u00e9 ur\u00e1\u017eky plukovn\u00edka Folt\u00fdna, kter\u00fdmi \u0161pin\u00ed cel\u00fd n\u00e1rod, pokud m\u00e1 jin\u00fd n\u00e1zor a je to v pohod\u011b. Jak tento zelen\u00fd mozek mohl ud\u011blat zkou\u0161ky na zelen\u00e9ho pr\u00e1vn\u00edka je \u010dirou z\u00e1hadou. Mo\u017en\u00e1 jako Ruml, \u010di student \u0158eporyjec.<\/strong><\/p>\n<div class=\"clr\"><a href=\"https:\/\/www.skrytapravda.cz\/z-domova\/2195-nova-totalita-2024-jednoho-uhnali-k-smrti-druheho-politicky-popravili-tretiho-umlceli\">Petr Pokorn\u00fd<\/a><\/div>\n<\/div>\n<div class=\"clauthor\">\n<\/div>\n","protected":false},"excerpt":{"rendered":"<p>Nekrolog za politick\u00e9 v\u011bzn\u011b 2024: vrac\u00ed se doba bol\u0161evick\u00e9ho teroru zp\u011bt? Vladim\u00edr Kapal po rozsudku&#8230;<\/p>\n","protected":false},"author":2,"featured_media":65910,"comment_status":"closed","ping_status":"closed","sticky":false,"template":"","format":"standard","meta":[],"categories":[6],"tags":[506,5205,122,48,99],"_links":{"self":[{"href":"https:\/\/www.infokuryr.cz\/n\/wp-json\/wp\/v2\/posts\/65909"}],"collection":[{"href":"https:\/\/www.infokuryr.cz\/n\/wp-json\/wp\/v2\/posts"}],"about":[{"href":"https:\/\/www.infokuryr.cz\/n\/wp-json\/wp\/v2\/types\/post"}],"author":[{"embeddable":true,"href":"https:\/\/www.infokuryr.cz\/n\/wp-json\/wp\/v2\/users\/2"}],"replies":[{"embeddable":true,"href":"https:\/\/www.infokuryr.cz\/n\/wp-json\/wp\/v2\/comments?post=65909"}],"version-history":[{"count":0,"href":"https:\/\/www.infokuryr.cz\/n\/wp-json\/wp\/v2\/posts\/65909\/revisions"}],"wp:featuredmedia":[{"embeddable":true,"href":"https:\/\/www.infokuryr.cz\/n\/wp-json\/wp\/v2\/media\/65910"}],"wp:attachment":[{"href":"https:\/\/www.infokuryr.cz\/n\/wp-json\/wp\/v2\/media?parent=65909"}],"wp:term":[{"taxonomy":"category","embeddable":true,"href":"https:\/\/www.infokuryr.cz\/n\/wp-json\/wp\/v2\/categories?post=65909"},{"taxonomy":"post_tag","embeddable":true,"href":"https:\/\/www.infokuryr.cz\/n\/wp-json\/wp\/v2\/tags?post=65909"}],"curies":[{"name":"wp","href":"https:\/\/api.w.org\/{rel}","templated":true}]}}