{"id":65906,"date":"2024-11-10T06:44:39","date_gmt":"2024-11-10T05:44:39","guid":{"rendered":"https:\/\/www.infokuryr.cz\/n\/?p=65906"},"modified":"2024-11-10T06:44:39","modified_gmt":"2024-11-10T05:44:39","slug":"trumpuv-spojenec-zelenskyj-musi-prijmout-ze-krym-je-pryc","status":"publish","type":"post","link":"https:\/\/www.infokuryr.cz\/n\/2024\/11\/10\/trumpuv-spojenec-zelenskyj-musi-prijmout-ze-krym-je-pryc\/","title":{"rendered":"Trump\u016fv spojenec: Zelenskyj mus\u00ed p\u0159ijmout, \u017ee \u201eKrym je pry\u010d\u201c"},"content":{"rendered":"<div id=\"fb-root\"><\/div>\n<p><span style=\"font-size: 18pt;\"><strong>Kyjev mus\u00ed p\u0159ijmout \u201erealistickou vizi m\u00edru\u201c, aby ukon\u010dil konflikt s Ruskem, \u0159ekl vysoce postaven\u00fd \u010dlen kampan\u011b nov\u011b zvolen\u00e9ho prezidenta USA<\/strong><\/span><\/p>\n<p><span>Druh\u00e1 administrativa nov\u011b zvolen\u00e9ho americk\u00e9ho prezidenta Donalda Trumpa se sp\u00ed\u0161e zam\u011b\u0159\u00ed na dosa\u017een\u00ed m\u00edru na Ukrajin\u011b, ne\u017e aby j\u00ed umo\u017enila z\u00edskat zp\u011bt v\u0161echna \u00fazem\u00ed, kter\u00e1 ztratila ve prosp\u011bch Ruska, \u0159ekl Bryan Lanza, hlavn\u00ed poradce nov\u011b zvolen\u00e9ho americk\u00e9ho prezidenta pro kampa\u0148.<\/span><\/p>\n<p><span>Lanza, zku\u0161en\u00fd republik\u00e1nsk\u00fd stranick\u00fd strat\u00e9g, kter\u00fd s Trumpem spolupracoval na kampan\u00edch od roku 2016, to v sobotu \u0159ekl BBC. Zat\u00edmco Lanza vyj\u00e1d\u0159il \u00factu ukrajinsk\u00e9mu lidu, \u0159ekl, \u017ee prioritou USA bude dosa\u017een\u00ed\u00a0<\/span><em><span>\u201em\u00edru a zastaven\u00ed zab\u00edjen\u00ed\u201c.<\/span><\/em><\/p>\n<p><span>Strat\u00e9g odm\u00edtl jako nere\u00e1ln\u00fd proklamovan\u00fd c\u00edl Kyjeva vyhnat rusk\u00e9 s\u00edly z cel\u00e9ho \u00fazem\u00ed, kter\u00e9 si n\u00e1rokuje. Lanza konkr\u00e9tn\u011b zm\u00ednil Krymsk\u00fd poloostrov, kter\u00fd se odtrhl od Ukrajiny v d\u016fsledku pu\u010de na Majdanu v roce 2014 a p\u0159ipojil se k Rusku prost\u0159ednictv\u00edm referenda. O \u010dty\u0159ech dal\u0161\u00edch d\u0159\u00edve ukrajinsk\u00fdch \u00fazem\u00edch za\u010dlen\u011bn\u00fdch do zem\u011b v roce 2022 nic ne\u0159ekl.<\/span><\/p>\n<p><strong><em><span>Kdy\u017e [Vladimir] Zelenskyj \u0159\u00edk\u00e1, \u017ee zastav\u00edme pouze tyto boje, m\u00edr bude a\u017e po n\u00e1vratu Krymu, m\u00e1me zpr\u00e1vu pro prezidenta Zelensk\u00e9ho: Krym je pry\u010d.<\/span><\/em><\/strong><\/p>\n<p><span>USA nebudou bojovat za Ukrajinu, aby tyto oblasti z\u00edskaly zp\u011bt z Ruska, zd\u016fraznil Lanza.\u00a0<\/span><em><span>&#8222;A pokud je va\u0161\u00ed prioritou z\u00edskat Krym zp\u011bt a nechat ameri\u010dt\u00ed voj\u00e1ci bojovat za z\u00edsk\u00e1n\u00ed Krymu zp\u011bt, jste na to sami,&#8220;<\/span><\/em><span>\u00a0\u0159ekl.<\/span><\/p>\n<p><span>M\u00edsto toho by ukrajinsk\u00e9 veden\u00ed m\u011blo p\u0159ed p\u0159\u00edpadn\u00fdmi jedn\u00e1n\u00edmi\u00a0p\u0159ij\u00edt s\u00a0<\/span><em><span>\u201erealistickou viz\u00ed m\u00edru\u201c<\/span><\/em><span>\u00a0. Zelensk\u00e9ho nal\u00e9h\u00e1n\u00ed, \u017ee\u00a0<\/span><em><span>\u201em\u016f\u017eeme m\u00edt m\u00edr, pouze pokud budeme m\u00edt Krym\u201c,<\/span><\/em><span>\u00a0jen ukazuje, \u017ee to\u00a0<\/span><em><span>\u201enemysl\u00ed v\u00e1\u017en\u011b,\u201c<\/span><\/em><span>\u00a0\u0159ekl Lanza.<\/span><\/p>\n<p><em><span>\u201eUkrajin\u011b \u0159ekneme: \u201aV\u00edte, co vid\u00edte? Co pova\u017eujete za re\u00e1lnou vizi m\u00edru? Nen\u00ed to vize v\u00edt\u011bzstv\u00ed, ale je to vize m\u00edru. A za\u010dn\u011bme s up\u0159\u00edmnou konverzac\u00ed,\u201c<\/span><\/em><span>\u00a0dodal.<\/span><\/p>\n<p><span>Trump b\u011bhem sv\u00e9 p\u0159edvolebn\u00ed kampan\u011b opakovan\u011b sliboval ukon\u010den\u00ed konfliktu mezi Ruskem a Ukrajinou do 24 hodin. Uvedl v\u0161ak m\u00e1lo podrobnost\u00ed o tom, jak to hodl\u00e1 ud\u011blat. Mezit\u00edm nov\u011b zvolen\u00fd viceprezident JD Vance navrhl, \u017ee by konflikt mohl b\u00fdt zmrazen pod\u00e9l sou\u010dasn\u00e9 frontov\u00e9 linie a Kyjev by byl nucen vzd\u00e1t se sv\u00fdch n\u00e1rok\u016f na \u00fazem\u00ed v dr\u017een\u00ed Ruska, stejn\u011b jako sv\u00e9 aspirace na vstup do NATO.<\/span><\/p>\n<p><span>Lanzova vyj\u00e1d\u0159en\u00ed k ukrajinsk\u00e9 ot\u00e1zce neodr\u00e1\u017eej\u00ed Trump\u016fv postoj, uvedla v sobotu ve\u010der agentura Reuters.<\/span><\/p>\n<p><em><span>&#8222;Brian byl najat, aby pracoval na kampani,&#8220;<\/span><\/em><span>\u00a0\u00a0citovala agentura z\u00e1stupce Trumpovy kampan\u011b.\u00a0<\/span><em><span>&#8222;Nepracuje pro prezidenta [nyn\u00ed] a nemluv\u00ed za n\u011bj.&#8220;<\/span><\/em><\/p>\n<p><img decoding=\"async\" loading=\"lazy\" class=\"alignnone size-full wp-image-1185\" src=\"http:\/\/www.infokuryr.cz\/n\/wp-content\/uploads\/2021\/04\/kuryr-podpis.png\" alt=\"\" width=\"84\" height=\"24\" \/><\/p>\n<p>&nbsp;<\/p>\n","protected":false},"excerpt":{"rendered":"<p>Kyjev mus\u00ed p\u0159ijmout \u201erealistickou vizi m\u00edru\u201c, aby ukon\u010dil konflikt s Ruskem, \u0159ekl vysoce postaven\u00fd \u010dlen&#8230;<\/p>\n","protected":false},"author":2,"featured_media":3240,"comment_status":"closed","ping_status":"closed","sticky":false,"template":"","format":"standard","meta":[],"categories":[7],"tags":[751,26,1000],"_links":{"self":[{"href":"https:\/\/www.infokuryr.cz\/n\/wp-json\/wp\/v2\/posts\/65906"}],"collection":[{"href":"https:\/\/www.infokuryr.cz\/n\/wp-json\/wp\/v2\/posts"}],"about":[{"href":"https:\/\/www.infokuryr.cz\/n\/wp-json\/wp\/v2\/types\/post"}],"author":[{"embeddable":true,"href":"https:\/\/www.infokuryr.cz\/n\/wp-json\/wp\/v2\/users\/2"}],"replies":[{"embeddable":true,"href":"https:\/\/www.infokuryr.cz\/n\/wp-json\/wp\/v2\/comments?post=65906"}],"version-history":[{"count":0,"href":"https:\/\/www.infokuryr.cz\/n\/wp-json\/wp\/v2\/posts\/65906\/revisions"}],"wp:featuredmedia":[{"embeddable":true,"href":"https:\/\/www.infokuryr.cz\/n\/wp-json\/wp\/v2\/media\/3240"}],"wp:attachment":[{"href":"https:\/\/www.infokuryr.cz\/n\/wp-json\/wp\/v2\/media?parent=65906"}],"wp:term":[{"taxonomy":"category","embeddable":true,"href":"https:\/\/www.infokuryr.cz\/n\/wp-json\/wp\/v2\/categories?post=65906"},{"taxonomy":"post_tag","embeddable":true,"href":"https:\/\/www.infokuryr.cz\/n\/wp-json\/wp\/v2\/tags?post=65906"}],"curies":[{"name":"wp","href":"https:\/\/api.w.org\/{rel}","templated":true}]}}