{"id":65896,"date":"2024-11-10T00:38:35","date_gmt":"2024-11-09T23:38:35","guid":{"rendered":"https:\/\/www.infokuryr.cz\/n\/?p=65896"},"modified":"2024-11-10T06:29:02","modified_gmt":"2024-11-10T05:29:02","slug":"polsko-stale-aktualni-pritom-historicka-pravda-sokujici-pravda","status":"publish","type":"post","link":"https:\/\/www.infokuryr.cz\/n\/2024\/11\/10\/polsko-stale-aktualni-pritom-historicka-pravda-sokujici-pravda\/","title":{"rendered":"POLSKO &#8211; st\u00e1le aktu\u00e1ln\u00ed, p\u0159itom historick\u00e1, pravda &#8211; \u0160OKUJ\u00cdC\u00cd PRAVDA!"},"content":{"rendered":"<div id=\"fb-root\"><\/div>\n<p>Nap\u00ed\u0161i V\u00e1m, jak to v\u0161echno ve skute\u010dnosti bylo a p\u0159edlo\u017e\u00edm n\u00e1zorn\u00e9 mapky, kter\u00e9 si pozorn\u011b prohl\u00e9dn\u011bte. <u>Pocho<\/u>p<u>\u00edte v\u0161e<\/u>. O \u010dem bude \u010dl\u00e1nek? \u2013 <strong>O tom \u00fadajn\u00e9m d\u011blen\u00ed si Polska <\/strong>mezi pr\u00fd dobr\u00e9 p\u0159\u00e1tele, spojence a kamar\u00e1dy \u2013 to je mezi <strong>Hitlera<\/strong> a <strong>Stalina<\/strong>, tedy mezi n\u011bmeckou nacistickou T\u0159et\u00ed \u0159\u00ed\u0161i a Sov\u011btsk\u00fd svaz, co\u017e pr\u00fd bylo spou\u0161t\u011b\u010dem a za\u010d\u00e1tkem druh\u00e9 sv\u011btov\u00e9 v\u00e1lky <em>(za\u010d. 1. z\u00e1\u0159\u00ed 1939 \u2013 9. kv\u011bten 1945; datum se vztahuje k Evrop\u011b).<\/em><\/p>\n<p><strong>Z\u00e1pad<\/strong>, <strong>USA<\/strong>, <strong>NATO<\/strong>, <strong>fa\u0161istick\u00fd Brusel<\/strong> s\u00a0celou svou uni\u00ed, cel\u00fd ten prolhan\u00fd a z\u00e1m\u011brn\u011b <strong><em>dezinforma\u010dn\u00ed<\/em><\/strong> <em>(co\u017e je jen v\u00fdraz pro neust\u00e1l\u00e9 LHAN\u00cd)<\/em> tak zvan\u00fd mainstream a v\u0161ichni jeho <strong>poskoci v\u00a0roli u\u017eite\u010dn\u00fdch idiot\u016f<\/strong> <em>(za ty sou\u010dasn\u00e9 \u010desk\u00e9 nap\u0159. &#8211; P. Pavel, P. Fiala, J, \u010cernochov\u00e1, V. Raku\u0161an, J. Lipavsk\u00fd, Pekarov\u00e1-Adamov\u00e1, Jourov\u00e1, Nerudov\u00e1, Richterov\u00e1, Koudelka, Folt\u00fdn, N\u011bmcov\u00e1, Vetch\u00fd a tis\u00edce dal\u0161\u00edch)<\/em> v\u00e1m neust\u00e1le podsouvaj\u00ed, vnucuj\u00ed, p\u0159ipom\u00ednaj\u00ed a napom\u00ednaj\u00ed a nedaj\u00ed zapomenout,<\/p>\n<p>\u017ee si Hitler a Stalin <em>(dva kamar\u00e1di a spojenci) <\/em>rovn\u00fdm d\u00edlem rozd\u011blili Polsko, kter\u00e9 agresivn\u011b napadli, a t\u00edm vlastn\u011b za\u010dala druh\u00e1 sv\u011btov\u00e1 v\u00e1lka. Nu budi\u017e, v\u0161e vysv\u011btl\u00edm\u2026<\/p>\n<p><strong><u>Ne\u017e ale za\u010dnu s<\/u><\/strong><strong> <em>\u201e<u>d\u011blen\u00edm Polska<\/u>\u201c<\/em>, zept\u00e1m se<\/strong>, pro\u010d n\u00e1m v\u0161ichni tito <em>(viz v\u00fd\u0161e uveden\u00ed v\u00a0p\u0159edchoz\u00edm odstavci)<\/em> tak\u00e9 ne\u0159eknou a nep\u0159ipom\u00ednaj\u00ed zrovna tak d\u016frazn\u011b jako <strong><em>\u201ed\u011blen\u00ed Polska\u201c<\/em><\/strong> jinou stejn\u011b z\u00e1va\u017enou, dokonce daleko z\u00e1va\u017en\u011bj\u0161\u00ed, historickou skute\u010dnost? \u2013 Jakou skute\u010dnost, jakou ud\u00e1lost?<\/p>\n<p><img decoding=\"async\" loading=\"lazy\" class=\"wp-image-65898 aligncenter\" src=\"http:\/\/www.infokuryr.cz\/n\/wp-content\/uploads\/2024\/11\/polsko-map-300x171.jpg\" alt=\"\" width=\"688\" height=\"392\" srcset=\"https:\/\/www.infokuryr.cz\/n\/wp-content\/uploads\/2024\/11\/polsko-map-300x171.jpg 300w, https:\/\/www.infokuryr.cz\/n\/wp-content\/uploads\/2024\/11\/polsko-map-1024x582.jpg 1024w, https:\/\/www.infokuryr.cz\/n\/wp-content\/uploads\/2024\/11\/polsko-map-768x437.jpg 768w, https:\/\/www.infokuryr.cz\/n\/wp-content\/uploads\/2024\/11\/polsko-map.jpg 1097w\" sizes=\"(max-width: 688px) 100vw, 688px\" \/><\/p>\n<p>To, co nyn\u00ed nap\u00ed\u0161i, je pro mnoh\u00e9 <em>(i star\u0161\u00ed generace)<\/em> absolutn\u011b nezn\u00e1m\u00e9, nov\u00e9 generace, nov\u00e1 pokolen\u00ed, sou\u010dasn\u00ed mlad\u00ed lid\u00e9 a tom absolutn\u011b v\u016fbec nic neznaj\u00ed, netu\u0161\u00ed, proto\u017ee je to z\u00e1m\u011brn\u011b nikdo ve \u0161kol\u00e1ch nenau\u010dil, nebo\u0165 ve \u0161kol\u00e1ch se u\u010d\u00ed podle zfal\u0161ovan\u00fdch, upraven\u00fdch, p\u0159epsan\u00fdch u\u010debnic. To, co p\u0159ipomenu, je pro sou\u010dasn\u00e9 politiky, pro cel\u00fd ten mainstream, ale i pro v\u0161echny Pol\u00e1ky a hlavn\u011b jejich politiky, ne\u017e\u00e1douc\u00ed pravda, ne\u017e\u00e1douc\u00ed historick\u00e1 pravdiv\u00e1 ud\u00e1lost, kterou odm\u00edtaj\u00ed a necht\u011bj\u00ed zn\u00e1t. To, \u017ee necht\u011bj\u00ed, ale neznamen\u00e1, \u017ee tomu tak nebylo! <strong>\u010ct\u011bte\u2026<\/strong><\/p>\n<h3>Tak toto je pravda!! A zn\u00e1te ji, v\u00edte to? Pro\u010d se to nep\u0159ipom\u00edn\u00e1?! \u00a0&#8211; Josif Vissarionovi\u010d STALIN <u>DAROVAL POLSKU na konci v\u00e1lk<\/u>y <u>v\u00edce<\/u> j<u>ak 100.000 km \u010dtvere\u010dn\u00edch \u00fazem\u00ed <\/u>p<u>ora\u017een\u00e9ho N\u011bmecka<\/u> a trvale p\u0159ipojil toto \u00fazem\u00ed k Polsku!! <em>(to je to dne\u0161n\u00ed Polsko!)<\/em><\/h3>\n<p><strong>Stalin toti\u017e na Jaltsk\u00e9 konferenci v\u00a0\u00fanoru 1945 <\/strong><em>(4. \u2013 11. \u00fanora 1945)<\/em> osobn\u011b p\u0159edlo\u017eil, navrhl, a i prosadil <strong>dokonce<\/strong> <strong>p\u0159es odpor Churchilla<\/strong>, p\u0159edat Polsku velkou \u010d\u00e1st n\u011bmeck\u00e9ho \u00fazem\u00ed!!<\/p>\n<p><strong>A tak se i stalo!<\/strong> <strong>P\u0159esn\u011b v\u00a0souladu s\u00a0podepsanou smlouvou<\/strong> dne 21. dubna 1945\u00a0 mezi Sov\u011btsk\u00fdm svazem a Polskou republikou <em>(Smlouva se naz\u00fdvala \u201eO p\u0159\u00e1telstv\u00ed, vz\u00e1jemn\u00e9 pomoci a pov\u00e1le\u010dn\u00e9 spolupr\u00e1ci mezi Sov\u011btsk\u00fdm svazem a Polskou republikou\u201c\/<\/em> <em>&#8222;\u041e \u0434\u0440\u0443\u0436\u0431\u0435, \u0432\u0437\u0430\u0438\u043c\u043e\u043f\u043e\u043c\u043e\u0449\u0438 \u0438 \u043f\u043e\u0441\u043b\u0435\u0432\u043e\u0435\u043d\u043d\u043e\u043c \u0441\u043e\u0442\u0440\u0443\u0434\u043d\u0438\u0447\u0435\u0441\u0442\u0432\u0435 \u043c\u0435\u0436\u0434\u0443 \u0421\u043e\u0432\u0435\u0442\u0441\u043a\u0438\u043c \u0421\u043e\u044e\u0437\u043e\u043c \u0438 \u041f\u043e\u043b\u044c\u0441\u043a\u043e\u0439 \u0420\u0435\u0441\u043f\u0443\u0431\u043b\u0438\u043a\u043e\u0439&#8220;)<\/em><\/p>\n<p><strong>k\u00a0polsk\u00e9mu \u00fazem\u00ed bylo p\u0159ipojeno v\u00edce jak 100.000 km \u010dtvere\u010dn\u00edch p\u016fvodn\u011b n\u011bmeck\u00e9ho \u00fazem\u00ed <\/strong><em>(\u010d\u00e1st z\u00e1padn\u00edho Pruska, \u010d\u00e1st Slezska, v\u00fdchodn\u00ed Pomo\u0159ansko, v\u00fdchodn\u00ed Braniborsko, b\u00fdval\u00e9 svobodn\u00e9 m\u011bsto Gda\u0148sk, d\u00e1le okres \u0160t\u011bt\u00edn a jin\u00e9)<\/em>!! To p\u0159edstavuje v\u00edce, ne\u017e je rozloha cel\u00e9ho Holandska a Belgie dohromady!! <em>(Pro porovn\u00e1n\u00ed sou\u010dasn\u00e1 \u010dr m\u00e1 78.866 km \u010dtvere\u010dn\u00edch; Slovensko 49.035 km \u010dtvere\u010dn\u00edch)<\/em><\/p>\n<p><strong>\u00dazem\u00ed Polska se d\u00edky \u201ed\u00e1rku\u201c Stalina<\/strong><strong> <em>(ze dne 21. dubna 1945)<\/em> <\/strong>tak najednou <strong>zv\u011bt\u0161ilo o celou jednu t\u0159etinu sv\u00e9ho p\u016fvodn\u00edho \u00fazem\u00ed! Z\u00a0p\u016fvodn\u00edch 212.000 km \u010dtvere\u010dn\u00edch na 313.000 km \u010dtvere\u010dn\u00edch, d\u00e1le mo\u0159sk\u00e1 hranice, to znamen\u00e1, p\u0159\u00edstup k\u00a0Baltick\u00e9mu mo\u0159i, se zv\u011bt\u0161ila z\u00a0p\u016fvodn\u00edch 71 km na 526 km!! Naproti tomu N\u011bmecku se zmen\u0161ilo t\u00edmto \u00fazem\u00ed p\u0159ibli\u017en\u011b o jednu \u010dtvrtinu. Hezk\u00fd d\u00e1rek od Stalina Polsku, \u017ee? Co \u0159\u00edk\u00e1te? \u2013 <\/strong>Nev\u011b\u0159\u00edte? \u2013 Pod\u00edvejte se pozorn\u011b do mapy!<\/p>\n<p>Sov\u011btsk\u00fd svaz nejen \u017ee osvobodil Polsko, Pol\u00e1ky od n\u011bmeck\u00fdch nacistick\u00fdch okupant\u016f, <strong>ALE<\/strong> je\u0161t\u011b nav\u00edc daroval takov\u00e9 obrovsk\u00e9 \u00fazem\u00ed pora\u017een\u00e9ho N\u011bmecka Polsku! SSSR si zaslou\u017eil a dodnes i jeho n\u00e1sledovn\u00edk \u2013 Rusko si zasluhuje vd\u011bk polsk\u00e9ho n\u00e1roda, \u010di snad ne?<\/p>\n<p><strong><u>Pol\u00e1ci<\/u><\/strong>,<u> co v<\/u>y<u> na to<\/u>? \u2013 Po\u0159\u00e1d k\u0159i\u010d\u00edte, prahnete po ciz\u00edch \u00fazem\u00edch &#8211; te\u010f naposledy aspo\u0148 po kusu \u00fazem\u00ed z\u00e1padn\u00ed Ukrajiny, po kusu \u00fazem\u00ed z\u00e1padn\u00edho B\u011bloruska atp., k\u0159i\u010d\u00edte a dovol\u00e1v\u00e1te se na N\u011bmecku v\u00e1le\u010dn\u00fdch reparac\u00ed apod. A co kdybyste tedy tak\u00e9 navr\u00e1tili <strong>N\u011bmecku \u201ed\u00e1rek od Stalina\u201c \u2013 tj. v\u00edce jak 100.000 km \u010dtvere\u010dn\u00edch p\u016fvodn\u00edho n\u011bmeck\u00e9ho \u00fazem\u00ed,<\/strong> kdy\u017e to Rusko st\u00e1le tak nen\u00e1vid\u00edte?!! Co budete d\u011blat &#8211; vy Pol\u00e1ci, a\u017e si N\u011bmecko vzpomene <strong><em>(a po\u0159\u00e1dn\u011b se nasere!)<\/em><\/strong>, \u017ee by po v\u00e1s cht\u011blo navr\u00e1tit sv\u00e1 historick\u00e1 \u00fazem\u00ed?!! Uv\u011bdomujete si, vy Pol\u00e1ci, \u017ee garantem va\u0161ich sou\u010dasn\u00fdch pov\u00e1le\u010dn\u00fdch hranic byl SSSR, nyn\u00ed tedy jeho n\u00e1stupce Rusko?!! Ke komu se budete dovol\u00e1vat o pomoc a garance hranic, a\u017e N\u011bmecko budu opravdu po\u017eadovat vr\u00e1tit sv\u00e1 \u00fazem\u00ed?!<\/p>\n<p><img decoding=\"async\" loading=\"lazy\" class=\"wp-image-65899 aligncenter\" src=\"http:\/\/www.infokuryr.cz\/n\/wp-content\/uploads\/2024\/11\/poslko-str-300x219.jpg\" alt=\"\" width=\"681\" height=\"497\" srcset=\"https:\/\/www.infokuryr.cz\/n\/wp-content\/uploads\/2024\/11\/poslko-str-300x219.jpg 300w, https:\/\/www.infokuryr.cz\/n\/wp-content\/uploads\/2024\/11\/poslko-str-1024x748.jpg 1024w, https:\/\/www.infokuryr.cz\/n\/wp-content\/uploads\/2024\/11\/poslko-str-768x561.jpg 768w, https:\/\/www.infokuryr.cz\/n\/wp-content\/uploads\/2024\/11\/poslko-str.jpg 1114w\" sizes=\"(max-width: 681px) 100vw, 681px\" \/><\/p>\n<p><strong>Tak\u017ee POLSKO, p\u0159esta\u0148 st\u00e1le okol\u00ed vyhro\u017eovat a \u0159in\u010det zbran\u011bmi, sra\u017e k sob\u011b ty sv\u00e9 okovan\u00e9 paty vojensk\u00fdch bot, sklapni, nebo prost\u011b \u2013 u\u017e kone\u010dn\u011b dr\u017e hubu a chovej se slu\u0161n\u011b!!<\/strong><\/p>\n<p><em>(Okupaci \u010ceskoslovenska jsme ti tak\u00e9 nezapomn\u011bli. A na rozpout\u00e1n\u00ed druh\u00e9 sv\u011btov\u00e9 v\u00e1lky, m\u00e1\u0161 ty \u2013 POLSKO velice v\u00fdrazn\u00fd pod\u00edl! Tak\u00e9 by se ti mohlo st\u00e1t, \u017ee N\u011aMECKO si opravdu navr\u00e1t\u00ed sv\u00e1 historick\u00e1 \u00fazem\u00ed a zbytek obsad\u00ed RUSKO!)<\/em><\/p>\n<p><span style=\"font-size: 18pt;\"><strong>Nyn\u00ed, s\u00a0\u010dist\u00fdm sv\u011bdom\u00edm, se vr\u00e1t\u00edm k \u201ed\u011blen\u00ed Polska\u201c mezi Hitlera a Stalina.<\/strong><\/span><\/p>\n<p><strong>Dne 17. z\u00e1\u0159\u00ed 1939<\/strong> Sov\u011btsk\u00fd svaz sv\u00fdmi vojsky vstoupil NE na polsk\u00e9, ale na sv\u00e9 vlastn\u00ed \u00fazem\u00ed, kter\u00e9 ale bylo pr\u00e1v\u011b a\u017e dosud (tzn. do dne 17. z\u00e1\u0159\u00ed 1939) obsazen\u00e9 a OKUPOVAN\u00c9 fa\u0161istick\u00fdm Polskem, kter\u00e9 si toto \u00fazem\u00ed, \u00fazem\u00ed carsk\u00e9ho Ruska\/pozd\u011bji Sov\u011btsk\u00e9ho svazu (jedn\u00e1 se o \u00fazem\u00ed z\u00e1padn\u00edho B\u011bloruska a z\u00e1padn\u00ed Ukrajiny), n\u00e1siln\u011b p\u0159ipojilo v\u00a0polsko \u2013 sov\u011btsk\u00e9 (nebo t\u00e9\u017e polsko \u2013 rusk\u00e9) v\u00e1lce (\u00fanor\u00a0<a href=\"https:\/\/cs.wikipedia.org\/wiki\/1919\">1919<\/a>\u00a0\u2013 b\u0159ezen\u00a0<a href=\"https:\/\/cs.wikipedia.org\/wiki\/1921\">1921<\/a>) a okupovalo ho pr\u00e1v\u011b a\u017e do 17. z\u00e1\u0159\u00ed 1939. Nav\u00edc Sov\u011btsk\u00fd svaz vojensky vstoupil na toto sv\u00e9 p\u016fvodn\u00ed \u00fazem\u00ed Pol\u00e1ky okupovan\u00e9 a\u017e v\u00a0dob\u011b, kdy vlastn\u00ed polsk\u00fd st\u00e1t byl zni\u010den, p\u0159estal existovat v\u00a0d\u016fsledku okupace nacistick\u00fdm N\u011bmeckem (za\u010d. n\u011bmeck\u00e9 okupace Polska \u2013 1. z\u00e1\u0159\u00ed 1939; toto datum se pova\u017euje za za\u010d\u00e1tek druh\u00e9 sv\u011btov\u00e9 v\u00e1lky), a kdy ji\u017e byla cel\u00e1 polsk\u00e1 vl\u00e1da na \u00fat\u011bku z\u00a0Polska do emigrace v\u00a0Rumunsku.<\/p>\n<p><strong>Kdy\u017e Hitler napadl Polsko (1. 9. 1939),<\/strong> sov\u011bt\u016fm tak sta\u010dilo po\u010dkat 16 dn\u00ed, ne\u017e se st\u00e1hli pol\u0161t\u00ed voj\u00e1ci z\u00a0jimi okupovan\u00e9ho \u00fazem\u00ed carsk\u00e9ho Ruska\/pot\u00e9 SSSR \u2013 tedy ze z\u00e1padn\u00ed \u010d\u00e1sti B\u011bloruska a z\u00e1padn\u00ed \u010d\u00e1sti Ukrajiny, aby \u0161li br\u00e1nit vlastn\u00ed \u00fazem\u00ed Polska proti n\u011bmeck\u00fdm hitlerovc\u016fm. Teprve pot\u00e9 si sov\u011bti mohli <strong>(17. 9. 1939)<\/strong>, vcelku bez boje a bez v\u011bt\u0161\u00edho polsk\u00e9ho odporu navr\u00e1tit sv\u00e9 \u00fazem\u00ed do t\u00e9 doby Pol\u00e1ky okupovan\u00e9! <strong>(a pr\u00e1v\u011b a jedin\u011b tato ud\u00e1lost je n\u00e1m z\u00e1padem a USA podsouv\u00e1na a vnucov\u00e1na jako \u201ed\u011blen\u00ed si Polska mezi Hitlerem a Stalinem\u201c!)<\/strong><\/p>\n<p>Byl to od Stalina naprosto spr\u00e1vn\u00fd a nezbytn\u00fd, celkovou situac\u00ed i vynucen\u00fd, strategick\u00fd krok. Jednak si <strong>SSSR vr\u00e1til<\/strong> sv\u00e9 historick\u00e9 \u00fazem\u00ed, <strong>osvobodil<\/strong> na n\u011bm \u017eij\u00edc\u00ed ruskojazy\u010dn\u00e9, pravoslavn\u00e9 b\u011blorusk\u00e9 a ukrajinsk\u00e9 obyvatelstvo od genocidy prov\u00e1d\u011bn\u00e9 na n\u011bm okupanty \u2013 Pol\u00e1ky. <strong>ZABR\u00c1NIL<\/strong> tak na dva roky dal\u0161\u00ed, tentokr\u00e1te n\u011bmeck\u00e9 nacistick\u00e9 okupaci (a\u017e do napaden\u00ed SSSR N\u011bmeckem dne 22. \u010dervna 1941). Z\u00e1rove\u0148 navr\u00e1cen\u00edm si tohoto strategick\u00e9ho \u00fazem\u00ed POSUNUL hranice d\u00e1le na z\u00e1pad a odd\u00e1lil tak, posunul v\u00fdchoz\u00ed linii (startovac\u00ed \u010d\u00e1ru) pro p\u0159edpokl\u00e1dan\u00fd \u00fatok N\u011bmecka na SSSR d\u00e1le na z\u00e1pad, d\u00e1le od Moskvy, a pravd\u011bpodobn\u011b i t\u00edmto geni\u00e1ln\u00edm vojensk\u00fdm strategick\u00fdm tahem zabezpe\u010dil a uchr\u00e1nil Moskvu p\u0159ed n\u011bmeck\u00fdm nacistick\u00fdm dobyt\u00edm \u201eBlitzkriegem Drang nach Osten\u201c. <strong><em>(i proto Stalina z\u00e1pad tak nen\u00e1vid\u00ed, nesn\u00e1\u0161\u00ed \u2013 nenechal t\u00edmto geni\u00e1ln\u00edm tahem \u2013 navr\u00e1cen\u00edm si vlastn\u00edho \u00fazem\u00ed do t\u00e9 doby Pol\u00e1ky okupovan\u00e9m &#8211;\u00a0 padnout Moskvu, zachr\u00e1nil ji tak p\u0159ed jist\u00fdm obsazen\u00edm, a i proto n\u00e1m z\u00e1pad bude donekone\u010dna podsouvat m\u00fdtus o sov\u011btsk\u00e9m napaden\u00ed Polska a d\u011blen\u00ed jeho \u00fazem\u00ed mezi Hitlera a Stalina!)<\/em><\/strong><\/p>\n<p><img decoding=\"async\" loading=\"lazy\" class=\"wp-image-65900 aligncenter\" src=\"http:\/\/www.infokuryr.cz\/n\/wp-content\/uploads\/2024\/11\/poslko-nemecko-296x300.jpg\" alt=\"\" width=\"590\" height=\"598\" srcset=\"https:\/\/www.infokuryr.cz\/n\/wp-content\/uploads\/2024\/11\/poslko-nemecko-296x300.jpg 296w, https:\/\/www.infokuryr.cz\/n\/wp-content\/uploads\/2024\/11\/poslko-nemecko.jpg 622w\" sizes=\"(max-width: 590px) 100vw, 590px\" \/><\/p>\n<p><strong>Potvrzuj\u00edc\u00ed moje slova<\/strong> (a tedy to, \u017ee m\u00e1m pravdu) a zaj\u00edmav\u00e9 k\u00a0t\u011bmto ud\u00e1lostem, tedy k\u00a0dat\u016fm <strong>1. 9. 1939<\/strong> <em>(za\u010d\u00e1tek n\u011bmeck\u00e9 okupace Polska)<\/em> a k\u00a0<strong>17. 9. 1939 <\/strong><em>(vstup sov\u011btsk\u00fdch vojsk na \u00fadajn\u011b pr\u00fd polsk\u00e9 \u00fazem\u00ed \u2013 ale ve skute\u010dnosti sv\u00e9 vlastn\u00ed \u00fazem\u00ed do t\u00e9 doby Pol\u00e1ky okupovan\u00e9)<\/em> je to, \u017ee po vtr\u017een\u00ed n\u011bmeck\u00fdch nacistick\u00fdch vojsk do Polska (1. 9. 1939, tedy po za\u010d\u00e1tku skute\u010dn\u00e9 okupace polsk\u00e9ho \u00fazem\u00ed) vyhl\u00e1sily Francie a Velk\u00e1 Brit\u00e1nie dne 3. 9. 1939 N\u011bmecku v\u00e1lku, p\u0159i\u010dem\u017e ale po vstupu sov\u011btsk\u00fdch vojsk dne 17. 9. 1939 na v\u00fdchod\u011b na z\u00e1padem n\u00e1m podsouvan\u00e9 \u00fazem\u00ed Polska (ale ve skute\u010dnosti ji\u017e v\u00edme, \u017ee to bylo p\u016fvodn\u011b \u00fazem\u00ed carsk\u00e9ho Ruska\/pot\u00e9 SSSR \u2013 \u00fazem\u00ed z\u00e1padn\u00ed Ukrajiny a \u00fazem\u00ed z\u00e1padn\u00edho B\u011bloruska v\u00a0t\u00e9 dob\u011b OKUPOVAN\u00c9 POLSKEM) Francie a Velk\u00e1 Brit\u00e1nie \u017e\u00e1dnou v\u00e1lku Sov\u011btsk\u00e9mu svazu nevyhl\u00e1sily. Co\u017e sv\u011bd\u010d\u00ed jen o tom, \u017ee jak Francie, tak Velk\u00e1 Brit\u00e1nie si byly velice dob\u0159e v\u011bdomy, \u017ee SSSR si t\u00edmto krokem jen navrac\u00ed sv\u00e9 vlastn\u00ed p\u016fvodn\u00ed \u00fazem\u00ed okupovan\u00e9 Polskem od polsko \u2013 rusk\u00e9 v\u00e1lky (\u00fanor\u00a0<a href=\"https:\/\/cs.wikipedia.org\/wiki\/1919\">1919<\/a>\u00a0\u2013 b\u0159ezen\u00a0<a href=\"https:\/\/cs.wikipedia.org\/wiki\/1921\">1921<\/a>) do pr\u00e1v\u011b dne 17. 9. 1939!<\/p>\n<p>Polsk\u00e1 arm\u00e1da zah\u00e1jila ta\u017een\u00ed na v\u00fdchod v dubnu\u00a0<a href=\"https:\/\/cs.wikipedia.org\/wiki\/1919\">1919<\/a>\u00a0vp\u00e1dem do Litvy a B\u011bloruska\u00a0a koncem t\u00e9ho\u017e m\u011bs\u00edce napadla tak\u00e9\u00a0<a href=\"https:\/\/cs.wikipedia.org\/wiki\/Z%C3%A1padoukrajinsk%C3%A1_republika\">Ukrajinu<\/a>.\u00a0Po ZABR\u00c1N\u00cd (OKUPACI) v\u00fdchodn\u00edch etnicky nepolsk\u00fdch \u00fazem\u00ed nav\u00edc\u00a0<a href=\"https:\/\/cs.wikipedia.org\/wiki\/Pol%C3%A1ci\">Pol\u00e1ci<\/a>\u00a0tvo\u0159ili v Polsku pouze cca 69\u00a0% obyvatelstva. \u00a0Polsk\u00e1 <a href=\"https:\/\/cs.wikipedia.org\/wiki\/%C5%98%C3%ADmskokatolick%C3%A1_c%C3%ADrkev\">katolick\u00e1 c\u00edrkev<\/a> byla up\u0159ednost\u0148ov\u00e1na a B\u011blorusov\u00e9 a Ukrajinci byli diskriminov\u00e1ni a jejich pravoslav\u00ed potla\u010dov\u00e1no, na v\u00fdchod\u011b Polska (toho Polska roz\u0161\u00ed\u0159en\u00e9ho okupac\u00ed na v\u00fdchod) proto propukala ozbrojen\u00e1 povst\u00e1n\u00ed.<\/p>\n<p>Pol\u00e1ci na okupovan\u00e9m rusk\u00e9m (b\u011blorusk\u00e9m a ukrajinsk\u00e9m) \u00fazem\u00ed v\u00a0letech 1921 \u2013 1939 z\u0159\u00eddili koncentra\u010dn\u00ed t\u00e1bory, ve kter\u00fdch brut\u00e1ln\u011b mu\u010dili zajat\u00e9 rusk\u00e9 voj\u00e1ky, zab\u00edjeli obyvatelstvo b\u011blorusk\u00e9, ukrajinsk\u00e9, \u017eidovsk\u00e9 a cik\u00e1ny. T\u00edmto zp\u016fsobem Pol\u00e1ci povra\u017edili v\u00edce ne\u017e 200.000 lid\u00ed. Vstup sov\u011btsk\u00fdch vojsk dne 17. z\u00e1\u0159\u00ed 1939 na tato \u00fazem\u00ed a vyhn\u00e1n\u00ed polsk\u00fdch okupant\u016f proto obyvatelstvo v\u00edtalo a sov\u011btsk\u00e9 voj\u00e1ky pr\u00e1vem pova\u017eovalo za sv\u00e9 osvoboditele.<\/p>\n<p>(Pol\u00e1ci toti\u017e v\u017edycky byli takov\u00ed, \u017ee tu ukradli a okupovali kus Litvy, tu kus B\u011bloruska, kus Ruska, kus Ukrajiny, t\u00e9\u017e okupovali i \u010deskoslovensk\u00e9 \u00fazem\u00ed ihned po Mnichovu 1938! Ji\u017e v roce 1612 Pol\u00e1ci okupovali Rusko a\u017e po Moskvu, dokonce v\u010detn\u011b t\u00e9 Moskvy!! A p\u0159esn\u011b 4. listopadu 1612 Rusov\u00e9 &#8211; tzv. opol\u010denci, dobrovoln\u00edci kone\u010dn\u011b nad okupanty Pol\u00e1ky zv\u00edt\u011bzili a tu Moskvu osvobodili!! Ten den se tak\u00e9 v Rusku ka\u017edoro\u010dn\u011b slav\u00ed jako st\u00e1tn\u00ed sv\u00e1tek &#8211; jako Den n\u00e1rodn\u00ed jednoty!)<\/p>\n<p><img decoding=\"async\" loading=\"lazy\" class=\"wp-image-65901 aligncenter\" src=\"http:\/\/www.infokuryr.cz\/n\/wp-content\/uploads\/2024\/11\/poslkaoncetrank-300x189.jpg\" alt=\"\" width=\"767\" height=\"483\" srcset=\"https:\/\/www.infokuryr.cz\/n\/wp-content\/uploads\/2024\/11\/poslkaoncetrank-300x189.jpg 300w, https:\/\/www.infokuryr.cz\/n\/wp-content\/uploads\/2024\/11\/poslkaoncetrank-768x483.jpg 768w, https:\/\/www.infokuryr.cz\/n\/wp-content\/uploads\/2024\/11\/poslkaoncetrank.jpg 1024w\" sizes=\"(max-width: 767px) 100vw, 767px\" \/><\/p>\n<p><span style=\"font-size: 18pt;\"><strong><u>Z\u00e1v\u011br<\/u><\/strong><\/span><\/p>\n<p><strong>Cel\u00e9 Polsko bylo okupov\u00e1no pouze N\u011bmeckem!<\/strong> Nen\u00ed pravda, \u017ee polovinu Polska okupovalo N\u011bmecko a polovinu Polska okupoval Sov\u011btsk\u00fd svaz! Nen\u00ed v\u016fbec pravda, \u017ee Hitler a Stalin, jako dva dob\u0159\u00ed kamar\u00e1di, se najednou spolu domluvili a rozd\u011blili si mezi sebe to nevinn\u00e9 Polsko. A jak\u00e9 to Polsko si tedy mezi sebe rozd\u011blili?! Pe\u010dliv\u011b se pod\u00edvejte na mapku, prozkoumejte ji a kone\u010dn\u011b se zamyslete.<\/p>\n<p>Cel\u00e1 desetilet\u00ed n\u00e1m v\u011b\u010dn\u011b ulhan\u00fd, prolhan\u00fd Z\u00e1pad a jeho mainstreamov\u00e1 m\u00e9dia podsouvali a podsouvaj\u00ed, vnucovali a vnucuj\u00ed, \u017ee druh\u00e1 sv\u011btov\u00e1 v\u00e1lka za\u010dala t\u00edm, \u017ee si pr\u00fd Hitler spole\u010dn\u011b se Stalinem napadli Polsko, kter\u00e9 si mezi sebe rozd\u011blili rovn\u00fdm d\u00edlem \u2013 tedy, \u017ee polovinu Polska z\u00edskalo a okupovalo N\u011bmecko a polovinu Polska z\u00edskal a okupoval Sov\u011btsk\u00fd svaz. NEN\u00cd TO PRAVDA!<\/p>\n<p><span style=\"font-size: 18pt;\"><strong><u>A \u00fa<\/u>p<u>ln\u011b na z\u00e1v\u011br<\/u>:<\/strong><\/span><\/p>\n<p>Proti manipulativn\u00edm agresivn\u00edm l\u017e\u00edm a v\u0161ude vlezl\u00fdm vnucovan\u00fdm n\u00e1m dezinformac\u00edm je nutn\u00e9 se \u00fa\u010dinn\u011b br\u00e1nit. Mysl\u00edm, <strong>\u017ee jedin\u00e1 takov\u00e1 \u00fa\u010dinn\u00e1 obrana je \u0160OKUJ\u00cdC\u00cd PRAVDA!!<\/strong><\/p>\n<p><strong>\u0160okuj\u00edc\u00ed pravda<\/strong> je sebeobrann\u00fd n\u00e1stroj, prost\u0159edek, jak \u00fa\u010dinn\u011b \u010delit val\u00edc\u00edm se na n\u00e1s tsunami z\u00e1padn\u00edch\/americk\u00fdch\/proamerick\u00fdch\/anglosask\u00fdch l\u017e\u00ed, dezinformac\u00ed, nepravd, v\u00fdmysl\u016f, fal\u0161ov\u00e1n\u00ed, manipulac\u00ed a maten\u00ed lid\u00ed. Abyste byli schopn\u00ed a um\u011bli se nejen adekv\u00e1tn\u011b, n\u00fdbr\u017e v\u00edt\u011bzn\u011b, br\u00e1nit <strong><em>\u0161okuj\u00edc\u00ed pravdou<\/em><\/strong>, je nezbytn\u00e9 <strong>neb\u00e1t se p\u0159em\u00fd\u0161let vlastn\u00ed hlavou<\/strong>, hodn\u011b zn\u00e1t, v\u011bd\u011bt, mnoho \u010d\u00edst, um\u011bt si d\u00e1t do souvislost\u00ed ud\u00e1losti t\u0159eba i jen z ned\u00e1vn\u00e9 historie, orientovat se v cel\u00e9m tom informa\u010dn\u00edm z\u00e1m\u011brn\u011b chaotick\u00e9m d\u011bn\u00ed. Pak do sebe p\u0159esn\u011b v\u0161e zapad\u00e1 jako kam\u00ednky mozaiky a uvid\u00edte po slo\u017een\u00ed cel\u00fd obraz<\/p>\n<p><strong>Mgr. Petr Michal\u016f<\/strong><\/p>\n<p><img decoding=\"async\" loading=\"lazy\" class=\"alignnone size-medium wp-image-35494\" src=\"http:\/\/www.infokuryr.cz\/n\/wp-content\/uploads\/2023\/09\/petr-michalu-300x251.jpg\" alt=\"\" width=\"300\" height=\"251\" srcset=\"https:\/\/www.infokuryr.cz\/n\/wp-content\/uploads\/2023\/09\/petr-michalu-300x251.jpg 300w, https:\/\/www.infokuryr.cz\/n\/wp-content\/uploads\/2023\/09\/petr-michalu-768x641.jpg 768w, https:\/\/www.infokuryr.cz\/n\/wp-content\/uploads\/2023\/09\/petr-michalu.jpg 801w\" sizes=\"(max-width: 300px) 100vw, 300px\" \/><\/p>\n<p>&nbsp;<\/p>\n","protected":false},"excerpt":{"rendered":"<p>Nap\u00ed\u0161i V\u00e1m, jak to v\u0161echno ve skute\u010dnosti bylo a p\u0159edlo\u017e\u00edm n\u00e1zorn\u00e9 mapky, kter\u00e9 si pozorn\u011b&#8230;<\/p>\n","protected":false},"author":2,"featured_media":65897,"comment_status":"closed","ping_status":"closed","sticky":false,"template":"","format":"standard","meta":[],"categories":[6],"tags":[1061,398,31],"_links":{"self":[{"href":"https:\/\/www.infokuryr.cz\/n\/wp-json\/wp\/v2\/posts\/65896"}],"collection":[{"href":"https:\/\/www.infokuryr.cz\/n\/wp-json\/wp\/v2\/posts"}],"about":[{"href":"https:\/\/www.infokuryr.cz\/n\/wp-json\/wp\/v2\/types\/post"}],"author":[{"embeddable":true,"href":"https:\/\/www.infokuryr.cz\/n\/wp-json\/wp\/v2\/users\/2"}],"replies":[{"embeddable":true,"href":"https:\/\/www.infokuryr.cz\/n\/wp-json\/wp\/v2\/comments?post=65896"}],"version-history":[{"count":0,"href":"https:\/\/www.infokuryr.cz\/n\/wp-json\/wp\/v2\/posts\/65896\/revisions"}],"wp:featuredmedia":[{"embeddable":true,"href":"https:\/\/www.infokuryr.cz\/n\/wp-json\/wp\/v2\/media\/65897"}],"wp:attachment":[{"href":"https:\/\/www.infokuryr.cz\/n\/wp-json\/wp\/v2\/media?parent=65896"}],"wp:term":[{"taxonomy":"category","embeddable":true,"href":"https:\/\/www.infokuryr.cz\/n\/wp-json\/wp\/v2\/categories?post=65896"},{"taxonomy":"post_tag","embeddable":true,"href":"https:\/\/www.infokuryr.cz\/n\/wp-json\/wp\/v2\/tags?post=65896"}],"curies":[{"name":"wp","href":"https:\/\/api.w.org\/{rel}","templated":true}]}}