{"id":65893,"date":"2024-11-10T00:34:51","date_gmt":"2024-11-09T23:34:51","guid":{"rendered":"https:\/\/www.infokuryr.cz\/n\/?p=65893"},"modified":"2024-11-10T06:21:25","modified_gmt":"2024-11-10T05:21:25","slug":"prohlaseni-dsz-za-prava-zvirat-k-navrhu-na-zavedeni-kamer-na-jatkach","status":"publish","type":"post","link":"https:\/\/www.infokuryr.cz\/n\/2024\/11\/10\/prohlaseni-dsz-za-prava-zvirat-k-navrhu-na-zavedeni-kamer-na-jatkach\/","title":{"rendered":"Prohl\u00e1\u0161en\u00ed DSZ &#8211; ZA PR\u00c1VA ZV\u00cd\u0158AT k n\u00e1vrhu  na zaveden\u00ed kamer na jatk\u00e1ch"},"content":{"rendered":"<div id=\"fb-root\"><\/div>\n<p><em>\u201eNeomyln\u00fdm m\u011b\u0159\u00edtkem vzd\u011blanosti srdce n\u00e1roda a \u010dlov\u011bka je, jak pohl\u00ed\u017e\u00ed a zach\u00e1z\u00ed se zv\u00ed\u0159aty.\u201c \u2014 Berthold Auerbach<br \/>\n\u201eKdyby jatka m\u011bla st\u011bny ze skla, ka\u017ed\u00fd by byl vegetari\u00e1n.\u201c \u2014 Paul McCartney<\/em><em><br \/>\n\u201eV sou\u010dasn\u00e9 dob\u011b by se m\u011blo usilovat o to, aby zab\u00edjen\u00ed zv\u00ed\u0159at bylo bezbolestn\u00e9, u\u0161et\u0159ila se zv\u00ed\u0159eti bolest.\u201c \u2014 Kinga Wi\u015bniewska Roszkowska<br \/>\n<\/em><br \/>\nDemokratick\u00e1 strana zelen\u00fdch &#8211; ZA PR\u00c1VA ZV\u00cd\u0158AT dlouhodob\u011b podporuje iniciativy vedouc\u00ed k zaveden\u00ed kamerov\u00fdch syst\u00e9m\u016f na v\u0161ech jatk\u00e1ch v \u010cR.<\/p>\n<p>DSZ &#8211; ZA PR\u00c1VA ZV\u00cd\u0158AT se ztoto\u017e\u0148uje s n\u00e1zory ochr\u00e1nc\u016f zv\u00ed\u0159at a po\u017eaduje zaveden\u00ed kamerov\u00fdch syst\u00e9m\u016f na v\u0161ech jatk\u00e1ch v \u010cesk\u00e9 republice bez v\u00fdjimky.<\/p>\n<p>DSZ &#8211; ZA PR\u00c1VA ZV\u00cd\u0158AT se ofici\u00e1ln\u011b p\u0159ipojila k peti\u010dn\u00ed akci s n\u00e1zvem Za zaveden\u00ed kamerov\u00fdch syst\u00e9m\u016f na v\u0161ech jatk\u00e1ch v \u010cR ji\u017e 19. 5. 2019.<\/p>\n<p>DSZ &#8211; ZA PR\u00c1VA ZV\u00cd\u0158AT souhlas\u00ed s po\u017eadavky na zm\u011bnu legislativy, kter\u00e9 se op\u00edraj\u00ed zejm\u00e9na o n\u00e1sleduj\u00edc\u00ed skute\u010dnosti obsa\u017een\u00e9 v petici:<\/p>\n<p>Kamerov\u00e9 syst\u00e9my by mohly odradit od \u0161patn\u00e9ho a n\u00e1siln\u00e9ho zach\u00e1zen\u00ed se zv\u00ed\u0159aty, podporovaly snahu dodr\u017eovat spr\u00e1vn\u00e9 postupy a p\u0159ede\u0161ly situac\u00edm, kdy se ke konzument\u016fm dostane maso z nemocn\u00e9ho zv\u00ed\u0159ete (viz. situace v Polsku). Domn\u00edv\u00e1me se, \u017ee spot\u0159ebitel by m\u011bl v\u011bd\u011bt, co j\u00ed a jak\u00fdm procesem si zv\u00ed\u0159e p\u0159ed smrt\u00ed pro\u0161lo.<\/p>\n<p>Kamery po\u017eadujeme na m\u00edstech vykl\u00e1d\u00e1n\u00ed \u010di vyh\u00e1n\u011bn\u00ed zv\u00ed\u0159at z transportn\u00edho vozu, p\u0159edpor\u00e1\u017ekov\u00e9ho ust\u00e1jen\u00ed zv\u00ed\u0159at a na m\u00edstech usmrcov\u00e1n\u00ed, vykrven\u00ed a n\u00e1sledn\u00e9ho stahov\u00e1n\u00ed z k\u016f\u017ee, vyvrhov\u00e1n\u00ed a zbavov\u00e1n\u00ed se jednotliv\u00fdch \u010d\u00e1st\u00ed t\u011bla.<\/p>\n<p><img decoding=\"async\" loading=\"lazy\" class=\"wp-image-65894 alignleft\" src=\"http:\/\/www.infokuryr.cz\/n\/wp-content\/uploads\/2024\/11\/jatka-300x245.jpg\" alt=\"\" width=\"506\" height=\"413\" srcset=\"https:\/\/www.infokuryr.cz\/n\/wp-content\/uploads\/2024\/11\/jatka-300x245.jpg 300w, https:\/\/www.infokuryr.cz\/n\/wp-content\/uploads\/2024\/11\/jatka-1024x837.jpg 1024w, https:\/\/www.infokuryr.cz\/n\/wp-content\/uploads\/2024\/11\/jatka-768x628.jpg 768w, https:\/\/www.infokuryr.cz\/n\/wp-content\/uploads\/2024\/11\/jatka.jpg 1056w\" sizes=\"(max-width: 506px) 100vw, 506px\" \/> Sou\u010dasn\u011b po\u017eadujeme, aby byl cel\u00fd tento proces \u017eiv\u011b vys\u00edl\u00e1n na webov\u00fdch str\u00e1nk\u00e1ch jednotliv\u00fdch jatek tak, aby se na n\u011bj kdokoliv mohl kdykoliv pod\u00edvat. Vzorem m\u016f\u017ee b\u00fdt nap\u0159. spole\u010dnost Hollandia, kter\u00e1 pod heslem \u201eJsme pr\u016fhledn\u00ed\u201d vys\u00edl\u00e1 online ka\u017edou z \u010d\u00e1st\u00ed sv\u00fdch \u010dinnost\u00ed.<br \/>\nKamerov\u00e9 syst\u00e9my sice neukon\u010d\u00ed utrpen\u00ed na jatk\u00e1ch, ale budou cenn\u00fdm n\u00e1strojem b\u011b\u017en\u00fdm spot\u0159ebitel\u016fm k tomu, aby v\u011bd\u011bli, jak je nakl\u00e1d\u00e1no se zv\u00ed\u0159aty, kter\u00e9 konzumuj\u00ed. Jatka nedovoluj\u00ed exkurze a jejich budovy jsou uzp\u016fsobeny tak, \u017ee se nikdo nem\u00e1 \u0161anci o jejich \u010dinnosti nic dozv\u011bd\u011bt. Zv\u00ed\u0159ata jsou odk\u00e1z\u00e1na na v\u016fli zam\u011bstnanc\u016f. Z po\u0159\u00edzen\u00fdch z\u00e1b\u011br\u016f a v\u00fdpov\u011bd\u00ed zam\u011bstnanc\u016f vypl\u00fdv\u00e1, \u017ee jsou v n\u011bkter\u00fdch p\u0159\u00edpadech zv\u00ed\u0159at\u016fm chv\u00edle p\u0159ed smrt\u00ed znep\u0159\u00edjem\u0148ov\u00e1ny. Inspirac\u00ed m\u016f\u017ee b\u00fdt Francie a Velk\u00e1 Brit\u00e1nie, kde jsou kamerov\u00e9 syst\u00e9my na jatk\u00e1ch ji\u017e zavedeny.<\/p>\n<p>DSZ &#8211; ZA PR\u00c1VA ZV\u00cd\u0158AT si klade za c\u00edl prosadit d\u016fsledn\u011bj\u0161\u00ed ochranu zv\u00ed\u0159at, lid\u00ed, p\u0159\u00edrody, vody, ovzdu\u0161\u00ed, podneb\u00ed, \u017eivotn\u00edho prost\u0159ed\u00ed, ale t\u00e9\u017e v\u011bt\u0161\u00ed pr\u00e1va pro zv\u00ed\u0159ata, resp. jejich v\u011bt\u0161\u00ed pr\u00e1vn\u00ed ochranu.<\/p>\n<p>DSZ &#8211; ZA PR\u00c1VA ZV\u00cd\u0158AT vystupuje proti v\u0161em druh\u016fm t\u00fdr\u00e1n\u00ed zv\u00ed\u0159at \u010di krut\u00e9mu zach\u00e1zen\u00ed s nimi. Odsuzuje ka\u017edou \u010dinnost, kter\u00e1 zp\u016fsobuje utrpen\u00ed zv\u00ed\u0159at.<\/p>\n<p>DSZ &#8211; ZA PR\u00c1VA ZV\u00cd\u0158AT se zasazuje o d\u016fsledn\u011bj\u0161\u00ed ochranu zv\u00ed\u0159at, p\u0159\u00edsn\u011bj\u0161\u00ed tresty za t\u00fdr\u00e1n\u00ed a zlep\u0161en\u00ed podm\u00ednek chovu.<\/p>\n<p>DSZ &#8211; ZA PR\u00c1VA ZV\u00cd\u0158AT je dvac\u00e1tou registrovanou politickou stranou za pr\u00e1va zv\u00ed\u0159at ve sv\u011bt\u011b, resp. \u010cesk\u00e1 republika je dvac\u00e1tou zem\u00ed, ve kter\u00e9 existuje strana zam\u011b\u0159en\u00e1 prim\u00e1rn\u011b na obranu pr\u00e1v zv\u00ed\u0159at. NEP\u0158IHL\u00cd\u017dEJME UTRPEN\u00cd, ZV\u00cd\u0158E NEN\u00cd V\u011aC!<br \/>\nMLUV\u00cdME ZA TY, KTE\u0158\u00cd SAMI NEMOHOU.<br \/>\nBR\u00c1N\u00cdME TY, KTE\u0158\u00cd SE BR\u00c1NIT SAMI NEDOK\u00c1\u017d\u00cd<br \/>\nCHR\u00c1N\u00cdME ZV\u00cd\u0158ATA A JEJICH PR\u00c1VA.<\/p>\n<p>\u0158V DSZ &#8211; ZA PR\u00c1VA ZV\u00cd\u0158AT<\/p>\n<p>V Doma\u017elic\u00edch 9. 11. 2024<\/p>\n<p><img decoding=\"async\" loading=\"lazy\" class=\"alignnone size-medium wp-image-750\" src=\"http:\/\/www.infokuryr.cz\/n\/wp-content\/uploads\/2021\/04\/domokraticka-strana-zelenych-300x171.jpg\" alt=\"\" width=\"300\" height=\"171\" srcset=\"https:\/\/www.infokuryr.cz\/n\/wp-content\/uploads\/2021\/04\/domokraticka-strana-zelenych-300x171.jpg 300w, https:\/\/www.infokuryr.cz\/n\/wp-content\/uploads\/2021\/04\/domokraticka-strana-zelenych-768x438.jpg 768w, https:\/\/www.infokuryr.cz\/n\/wp-content\/uploads\/2021\/04\/domokraticka-strana-zelenych.jpg 849w\" sizes=\"(max-width: 300px) 100vw, 300px\" \/><\/p>\n<p>&nbsp;<\/p>\n<p>&nbsp;<\/p>\n","protected":false},"excerpt":{"rendered":"<p>\u201eNeomyln\u00fdm m\u011b\u0159\u00edtkem vzd\u011blanosti srdce n\u00e1roda a \u010dlov\u011bka je, jak pohl\u00ed\u017e\u00ed a zach\u00e1z\u00ed se zv\u00ed\u0159aty.\u201c \u2014&#8230;<\/p>\n","protected":false},"author":2,"featured_media":65895,"comment_status":"closed","ping_status":"closed","sticky":false,"template":"","format":"standard","meta":[],"categories":[6],"tags":[8187,8188,811,331],"_links":{"self":[{"href":"https:\/\/www.infokuryr.cz\/n\/wp-json\/wp\/v2\/posts\/65893"}],"collection":[{"href":"https:\/\/www.infokuryr.cz\/n\/wp-json\/wp\/v2\/posts"}],"about":[{"href":"https:\/\/www.infokuryr.cz\/n\/wp-json\/wp\/v2\/types\/post"}],"author":[{"embeddable":true,"href":"https:\/\/www.infokuryr.cz\/n\/wp-json\/wp\/v2\/users\/2"}],"replies":[{"embeddable":true,"href":"https:\/\/www.infokuryr.cz\/n\/wp-json\/wp\/v2\/comments?post=65893"}],"version-history":[{"count":0,"href":"https:\/\/www.infokuryr.cz\/n\/wp-json\/wp\/v2\/posts\/65893\/revisions"}],"wp:featuredmedia":[{"embeddable":true,"href":"https:\/\/www.infokuryr.cz\/n\/wp-json\/wp\/v2\/media\/65895"}],"wp:attachment":[{"href":"https:\/\/www.infokuryr.cz\/n\/wp-json\/wp\/v2\/media?parent=65893"}],"wp:term":[{"taxonomy":"category","embeddable":true,"href":"https:\/\/www.infokuryr.cz\/n\/wp-json\/wp\/v2\/categories?post=65893"},{"taxonomy":"post_tag","embeddable":true,"href":"https:\/\/www.infokuryr.cz\/n\/wp-json\/wp\/v2\/tags?post=65893"}],"curies":[{"name":"wp","href":"https:\/\/api.w.org\/{rel}","templated":true}]}}