{"id":65866,"date":"2024-11-09T04:28:10","date_gmt":"2024-11-09T03:28:10","guid":{"rendered":"https:\/\/www.infokuryr.cz\/n\/?p=65866"},"modified":"2024-11-09T04:28:10","modified_gmt":"2024-11-09T03:28:10","slug":"musk-predpovida-vyvoj-konfliktu-na-ukrajine","status":"publish","type":"post","link":"https:\/\/www.infokuryr.cz\/n\/2024\/11\/09\/musk-predpovida-vyvoj-konfliktu-na-ukrajine\/","title":{"rendered":"Musk p\u0159edpov\u00edd\u00e1 v\u00fdvoj konfliktu na Ukrajin\u011b"},"content":{"rendered":"<div id=\"fb-root\"><\/div>\n<p><span style=\"font-size: 18pt;\"><strong>Technologick\u00fd magn\u00e1t \u00fadajn\u011b telefonoval mezi Vladimirem Zelensk\u00fdm a Donaldem Trumpem<\/strong><\/span><\/p>\n<p><span>Elon Musk nazna\u010dil, \u017ee rusko-ukrajinsk\u00fd konflikt brzy skon\u010d\u00ed a \u017ee hodiny b\u011b\u017e\u00ed t\u011bm, kte\u0159\u00ed se na n\u011bm sna\u017eili vyd\u011blat.<\/span><\/p>\n<p><span>Majitel X byl hlavn\u00edm spojencem nov\u011b zvolen\u00e9ho americk\u00e9ho prezidenta Donalda Trumpa b\u011bhem jeho kampan\u011b. V p\u00e1tek se podle n\u011bkolika americk\u00fdch m\u00e9di\u00ed \u00fadajn\u011b z\u00fa\u010dastnil telefon\u00e1tu mezi Trumpem a Ukrajincem Vladimirem Zelensk\u00fdm.<\/span><\/p>\n<p><em><span>&#8222;Nesmysln\u00e9 zab\u00edjen\u00ed brzy skon\u010d\u00ed.&#8220; Nastal \u010das pro v\u00e1le\u010dn\u00e9 \u0161tv\u00e1\u010de,\u201c<\/span><\/em><span>\u00a0napsal Musk na X pozd\u011bji b\u011bhem dne. Nepotvrdil ani nevyvr\u00e1til zpr\u00e1vy o sv\u00e9 roli v hovoru.<\/span><\/p>\n<p><span>Jeho p\u0159\u00edsp\u011bvek byl reakc\u00ed na tvrzen\u00ed plodn\u00e9ho koment\u00e1tora X Maria Nawfala o\u00a0<\/span><em><span>\u201eTrumpov\u011b pl\u00e1nu pro Ukrajinu\u201c.<\/span><\/em><\/p>\n<p><span>Podle Nawfala Trump\u00a0<\/span><em><span>\u201e\u00fadajn\u011b pl\u00e1nuje 800 mil demilitarizovanou z\u00f3nu mezi Ruskem a Ukrajinou, p\u0159i\u010dem\u017e v oblasti budou hl\u00eddkovat britsk\u00e9 a evropsk\u00e9 jednotky. Podle n\u00e1vrhu by si Rusko ponechalo sv\u00e9 \u00fazemn\u00ed zisky a Ukrajina by souhlasila s t\u00edm, \u017ee nevstoup\u00ed do NATO po dobu 20 let.<\/span><\/em><span>\u00a0Jako zdroj uvedl Newsweek.<\/span><\/p>\n<p><span>Newsweek v\u0161ak pouze opakoval anonymn\u00ed spekulace, o kter\u00fdch po\u010d\u00e1tkem t\u00fddne informoval Wall Street Journal \u2013 stejn\u00fd list, kter\u00fd obvinil Muska z\u00a0<\/span><em><span>\u201etajn\u00e9 komunikace\u201c<\/span><\/em><span>\u00a0s Kremlem, co\u017e on i Rusko pop\u0159eli jako fale\u0161n\u00e9 zpr\u00e1vy.<\/span><\/p>\n<p><span>The Journal uvedl, \u017ee jedna z mnoha my\u0161lenek navr\u017een\u00fdch v r\u00e1mci Trumpova p\u0159echodov\u00e9ho t\u00fdmu zahrnovala Kyjev slibuj\u00edc\u00ed nevstoupit do NATO po dobu 20 let v\u00fdm\u011bnou za to, \u017ee USA budou nad\u00e1le\u00a0<\/span><em><span>\u201epumpovat Ukrajinu plnou zbran\u00ed\u201c.<\/span><\/em><\/p>\n<p><span>Podle tohoto p\u0159edpokl\u00e1dan\u00e9ho pl\u00e1nu by frontov\u00e1 linie zamrzla na m\u00edst\u011b a ob\u011b strany by souhlasily s 800 mil (1 290 km) demilitarizovanou z\u00f3nou. Do t\u00e9to DMZ by byly nasazeny m\u00edrov\u00e9 s\u00edly, ale nezahrnovaly by Ameri\u010dany ani modr\u00e9 p\u0159ilby OSN, podle\u00a0<\/span><em><span>\u201et\u0159\u00ed lid\u00ed bl\u00edzk\u00fdch zvolen\u00e9mu prezidentovi\u201c.<\/span><\/em><\/p>\n<p><em><span>&#8222;M\u016f\u017eeme d\u011blat v\u00fdcvik a dal\u0161\u00ed podporu, ale hlave\u0148 zbran\u011b bude evropsk\u00e1,&#8220;<\/span><\/em><span>\u00a0\u0159ekl \u00fadajn\u011b \u010dlen Trumpova t\u00fdmu WSJ.\u00a0<\/span><em><span>\u201eNepos\u00edl\u00e1me Ameri\u010dany, aby udr\u017eovali m\u00edr na Ukrajin\u011b. A my za to neplat\u00edme. P\u0159im\u011bjte Pol\u00e1ky, N\u011bmce, Brity a Francouze, aby to ud\u011blali.&#8220;<\/span><\/em><\/p>\n<p><span>\u010c\u00e1sti zv\u011bstovan\u00e9ho n\u00e1vrhu zn\u011bj\u00ed v\u00e1gn\u011b podobn\u011b jako to, co Trump\u016fv kolega z kandid\u00e1tky, nov\u011b zvolen\u00fd viceprezident JD Vance, navrhl b\u011bhem podcastu v polovin\u011b z\u00e1\u0159\u00ed.<\/span><\/p>\n<p><span>Den\u00edk v\u0161ak citoval b\u00fdval\u00e9ho poradce Rady n\u00e1rodn\u00ed bezpe\u010dnosti z Trumpova prvn\u00edho funk\u010dn\u00edho obdob\u00ed, kter\u00fd \u0159ekl, \u017ee kdokoli tvrd\u00ed, \u017ee m\u00e1\u00a0<\/span><em><span>\u201epodrobn\u011bj\u0161\u00ed okno do sv\u00fdch pl\u00e1n\u016f na Ukrajinu, jednodu\u0161e nev\u00ed, o \u010dem mluv\u00ed\u201c.<\/span><\/em><\/p>\n<p><img decoding=\"async\" loading=\"lazy\" class=\"alignnone size-full wp-image-1185\" src=\"http:\/\/www.infokuryr.cz\/n\/wp-content\/uploads\/2021\/04\/kuryr-podpis.png\" alt=\"\" width=\"84\" height=\"24\" \/><\/p>\n<p>&nbsp;<\/p>\n","protected":false},"excerpt":{"rendered":"<p>Technologick\u00fd magn\u00e1t \u00fadajn\u011b telefonoval mezi Vladimirem Zelensk\u00fdm a Donaldem Trumpem Elon Musk nazna\u010dil, \u017ee rusko-ukrajinsk\u00fd&#8230;<\/p>\n","protected":false},"author":2,"featured_media":65867,"comment_status":"closed","ping_status":"closed","sticky":false,"template":"","format":"standard","meta":[],"categories":[7],"tags":[3209,3430,26],"_links":{"self":[{"href":"https:\/\/www.infokuryr.cz\/n\/wp-json\/wp\/v2\/posts\/65866"}],"collection":[{"href":"https:\/\/www.infokuryr.cz\/n\/wp-json\/wp\/v2\/posts"}],"about":[{"href":"https:\/\/www.infokuryr.cz\/n\/wp-json\/wp\/v2\/types\/post"}],"author":[{"embeddable":true,"href":"https:\/\/www.infokuryr.cz\/n\/wp-json\/wp\/v2\/users\/2"}],"replies":[{"embeddable":true,"href":"https:\/\/www.infokuryr.cz\/n\/wp-json\/wp\/v2\/comments?post=65866"}],"version-history":[{"count":0,"href":"https:\/\/www.infokuryr.cz\/n\/wp-json\/wp\/v2\/posts\/65866\/revisions"}],"wp:featuredmedia":[{"embeddable":true,"href":"https:\/\/www.infokuryr.cz\/n\/wp-json\/wp\/v2\/media\/65867"}],"wp:attachment":[{"href":"https:\/\/www.infokuryr.cz\/n\/wp-json\/wp\/v2\/media?parent=65866"}],"wp:term":[{"taxonomy":"category","embeddable":true,"href":"https:\/\/www.infokuryr.cz\/n\/wp-json\/wp\/v2\/categories?post=65866"},{"taxonomy":"post_tag","embeddable":true,"href":"https:\/\/www.infokuryr.cz\/n\/wp-json\/wp\/v2\/tags?post=65866"}],"curies":[{"name":"wp","href":"https:\/\/api.w.org\/{rel}","templated":true}]}}