{"id":65857,"date":"2024-11-09T00:42:13","date_gmt":"2024-11-08T23:42:13","guid":{"rendered":"https:\/\/www.infokuryr.cz\/n\/?p=65857"},"modified":"2024-11-08T16:43:43","modified_gmt":"2024-11-08T15:43:43","slug":"premysl-votava-nasi-prezidenti","status":"publish","type":"post","link":"https:\/\/www.infokuryr.cz\/n\/2024\/11\/09\/premysl-votava-nasi-prezidenti\/","title":{"rendered":"P\u0159emysl Votava: Na\u0161i prezidenti"},"content":{"rendered":"<div id=\"fb-root\"><\/div>\n<p><strong>Ka\u017ed\u00fd rok vid\u00edme stejn\u00e9 z\u00e1b\u011bry, fanf\u00e1ry, husitsk\u00e9 chor\u00e1ly, prapory hrdin\u016f, vyzdoben\u00fd Vladislavsk\u00fd s\u00e1l. Od vzniku \u010ceskoslovenska v roce 1918 na Pra\u017esk\u00e9m hrad\u011b se jich vyst\u0159\u00eddalo ji\u017e dvan\u00e1ct. Od Tom\u00e1\u0161e Garrigue Masaryka, a\u017e po toho sou\u010dasn\u00e9ho Petra Pavla. Tak, jak to u n\u00e1s b\u00fdv\u00e1, s mnoh\u00fdmi se d\u011bjiny p\u0159\u00edli\u0161 nemazlily. Jejich odkazy i pomn\u00edky byly hanobeny, jejich \u010diny k\u00e1drov\u00e1ny, p\u0159esto jsme se za v\u011bt\u0161inu z nich nemuseli ani po letech styd\u011bt. V d\u011bjin\u00e1ch obst\u00e1li. Z\u016fstali v\u011brni sv\u00fdm z\u00e1sad\u00e1m.<\/strong><\/p>\n<p>Dnes, kr\u00e1tce po leto\u0161n\u00edm 28.\u0159\u00edjnu postr\u00e1d\u00e1m pohledy mor\u00e1ln\u00ed, vystoupen\u00ed prezidenta Petra Pavla jsem pozorn\u011b sledoval\u2026 Ale \u201enetleskal\u201c jsem. Mluvil hezky, jeho pan\u00ed to tak\u00e9 slu\u0161elo. Nejsp\u00ed\u0161e by jim to slu\u0161elo i v jejich p\u0159edlistopadov\u00e9 d\u016fstojnick\u00e9 uniform\u011b. Ale to je m\u00e1lo co \u010dek\u00e1me od prezidenta&#8230; V jeho projevu jsem postr\u00e1dal pokoru a omluvu. Tak\u00e9 v\u00fdb\u011br vyznamenan\u00fdch byl u n\u011bkter\u00fdch sp\u00ed\u0161e v\u00e1no\u010dn\u00edm d\u00e1rkem ne\u017e z\u00e1sluhou. Nenach\u00e1z\u00edm u n\u011bj pevn\u00e9 mor\u00e1ln\u00ed z\u00e1sady, jak\u00e9 byly u TGM, Dr. E. Bene\u0161e, nebo u v\u00e1le\u010dn\u00e9ho hrdiny Ludv\u00edka Svobody. Dokonce jeho \u017eivotn\u00ed postoje jsou v z\u00e1sadn\u00edm rozporu s mor\u00e1lkou. Prezident by m\u011bl b\u00fdt pro n\u00e1s ob\u010dany vzorem. A vzory m\u00e1me, nemus\u00edme jen pokukovat do zahrani\u010d\u00ed &#8230;.<\/p>\n<p>Ur\u010dit\u011b se shodneme v tom, \u017ee tou nejv\u011bt\u0161\u00ed mor\u00e1ln\u00ed autoritou byl prvn\u00ed prezident Tom\u00e1\u0161 Garrigue Masaryk. V\u00fdznamn\u00fd politik, ale zejm\u00e9na osobnost ve\u0159ejn\u011b zn\u00e1m\u00e1. Jeho pevn\u00e9 mor\u00e1ln\u00ed postoje k mnoh\u00fdm ot\u00e1zk\u00e1m, kter\u00e9 rozd\u011blovaly v jeho dob\u011b \u010deskou spole\u010dnost, jsou dostate\u010dn\u011b zn\u00e1m\u00e9. Ve sv\u00fdch 64letech ode\u0161el do exilu a zde sehr\u00e1l z\u00e1sadn\u00ed \u00falohu p\u0159i vzniku samostatn\u00e9ho \u010ceskoslovenska. Nebyl v mor\u00e1ln\u00edch z\u00e1sad\u00e1ch osamocen i dal\u0161\u00ed jeho n\u00e1slednici stav\u011bli mor\u00e1lku na p\u0159edn\u00ed m\u00edsto. Pravda, m\u011bli to mnohdy v \u010desk\u00fdch d\u011bjin\u00e1ch slo\u017eit\u00e9. Jako p\u0159\u00edklad lze uv\u00e9st Dr. Edvarda Bene\u0161e. Kolik toho v \u017eivot\u011b vytrp\u011bl. Spoluzakladatel \u010ceskoslovenska, tak\u00e9 on odch\u00e1zel do exilu podobn\u011b jako TGM. Po Mnichovu 1938 odch\u00e1zel op\u011bt do zahrani\u010d\u00ed, nezlomil se, budoval st\u00e1t podruh\u00e9. Vr\u00e1til se jako v\u00edt\u011bz, jako mor\u00e1ln\u00ed autorita. Stal jedin\u00fdm prezidentem v Evrop\u011b, kter\u00fd se po v\u00e1lce vr\u00e1til do sv\u00e9ho \u00fa\u0159adu. V d\u011bjinn\u00e9m \u010dase obst\u00e1l i prezident Ludv\u00edk Svoboda. Legion\u00e1\u0159, velitel \u010deskoslovensk\u00e9 arm\u00e1dy na v\u00fdchodn\u00ed front\u011b. V okupovan\u00e9m Protektor\u00e1tu z\u016fstala v ilegalit\u011b jeho rodina. Jeho syn Miroslav byl za okupace popraven. I on si sv\u00e9 vytrp\u011bl. P\u0159es politickou perzekuci obst\u00e1l i v dob\u00e1ch \u201epo\u00fanorov\u00fdch\u201c. V dob\u011b Pra\u017esk\u00e9ho jara, jako uzn\u00e1van\u00e1 autorita byl zvolen prezidentem. V\u00fdraznou osobnost\u00ed na Pra\u017esk\u00e9m hrad\u011b byl i Slov\u00e1k Dr. Gustav Hus\u00e1k. V\u00fdrazn\u011b ovlivnil zejm\u00e9na pov\u00e1le\u010dn\u00fd a posrpnov\u00fd v\u00fdvoj \u010ceskoslovenska. M\u011bl sv\u00e9 pevn\u00e9 z\u00e1sady, za kter\u00e9 byl ve vykonstruovan\u00e9m procesu v pades\u00e1t\u00fdch letech odsouzen k mnohalet\u00e9mu v\u011bzen\u00ed\u2026 Nelze dnes soudit. Slovensk\u00fd pohled na tuto osobnost na rozd\u00edl od n\u00e1s, je daleko objektivn\u011bj\u0161\u00ed. Historick\u00e1 hodnocen\u00ed b\u00fdvaj\u00ed velice \u010dasto zakalena ideologick\u00fdm pohledem.<\/p>\n<p>\u00da\u0159ad prezidenta to je i Pra\u017esk\u00fd hrad, nen\u00ed d\u016fstojn\u011bj\u0161\u00edho m\u00edsta pro nejvy\u0161\u0161\u00edho p\u0159edstavitele na\u0161\u00ed st\u00e1tnosti. Vy, co jezd\u00edte po sv\u011bt\u011b m\u00e1te srovn\u00e1n\u00ed. V\u00edde\u0148 rovina, Pa\u0159\u00ed\u017e rovina, Berl\u00edn rovina\u2026 Pra\u017esk\u00fd hrad z\u00e1\u0159\u00ed p\u011bkn\u011b do d\u00e1lky, jeho budovatel\u00e9 nejsp\u00ed\u0161e mysleli i na \u010dasy budouc\u00ed. Je stavebn\u00edm skvostem, v\u00e1le\u010dn\u00e9 hr\u016fzy ho nepoznamenaly. Prezidentsk\u00fd \u00fa\u0159ad m\u00e1 svou tradic\u00ed i v\u00e1\u017enost, vzhl\u00ed\u017e\u00edme s \u00factou. Ale i prezident m\u011bl by b\u00fdt t\u00edm nejlep\u0161\u00edm z n\u00e1s, je tomu ale opravdu tak ? Nen\u00ed jen figurkou ? D\u011bjiny pamatuj\u00ed, \u017ee tomu mnohdy tak bylo. Nemusel to b\u00fdt jen st\u00e1tn\u00ed prezident Emil H\u00e1cha v dob\u011b Protektor\u00e1tu. Prezident by m\u011bl b\u00fdt p\u0159edev\u0161\u00edm nezpochybnitelnou mravn\u00ed autoritou. A to jsem 28.\u0159\u00edjna postr\u00e1dal.<\/p>\n<p><a href=\"https:\/\/vasevec.info\/blogy\/nasi-prezidenti\">P\u0159emysl Votava<\/a><\/p>\n<p><img decoding=\"async\" loading=\"lazy\" class=\"alignnone size-medium wp-image-15746\" src=\"http:\/\/www.infokuryr.cz\/n\/wp-content\/uploads\/2022\/09\/votava-premysl-300x208.jpg\" alt=\"\" width=\"300\" height=\"208\" srcset=\"https:\/\/www.infokuryr.cz\/n\/wp-content\/uploads\/2022\/09\/votava-premysl-300x208.jpg 300w, https:\/\/www.infokuryr.cz\/n\/wp-content\/uploads\/2022\/09\/votava-premysl.jpg 318w\" sizes=\"(max-width: 300px) 100vw, 300px\" \/><\/p>\n<p>&nbsp;<\/p>\n","protected":false},"excerpt":{"rendered":"<p>Ka\u017ed\u00fd rok vid\u00edme stejn\u00e9 z\u00e1b\u011bry, fanf\u00e1ry, husitsk\u00e9 chor\u00e1ly, prapory hrdin\u016f, vyzdoben\u00fd Vladislavsk\u00fd s\u00e1l. Od vzniku&#8230;<\/p>\n","protected":false},"author":2,"featured_media":27500,"comment_status":"closed","ping_status":"closed","sticky":false,"template":"","format":"standard","meta":[],"categories":[6],"tags":[1503,122,2091],"_links":{"self":[{"href":"https:\/\/www.infokuryr.cz\/n\/wp-json\/wp\/v2\/posts\/65857"}],"collection":[{"href":"https:\/\/www.infokuryr.cz\/n\/wp-json\/wp\/v2\/posts"}],"about":[{"href":"https:\/\/www.infokuryr.cz\/n\/wp-json\/wp\/v2\/types\/post"}],"author":[{"embeddable":true,"href":"https:\/\/www.infokuryr.cz\/n\/wp-json\/wp\/v2\/users\/2"}],"replies":[{"embeddable":true,"href":"https:\/\/www.infokuryr.cz\/n\/wp-json\/wp\/v2\/comments?post=65857"}],"version-history":[{"count":0,"href":"https:\/\/www.infokuryr.cz\/n\/wp-json\/wp\/v2\/posts\/65857\/revisions"}],"wp:featuredmedia":[{"embeddable":true,"href":"https:\/\/www.infokuryr.cz\/n\/wp-json\/wp\/v2\/media\/27500"}],"wp:attachment":[{"href":"https:\/\/www.infokuryr.cz\/n\/wp-json\/wp\/v2\/media?parent=65857"}],"wp:term":[{"taxonomy":"category","embeddable":true,"href":"https:\/\/www.infokuryr.cz\/n\/wp-json\/wp\/v2\/categories?post=65857"},{"taxonomy":"post_tag","embeddable":true,"href":"https:\/\/www.infokuryr.cz\/n\/wp-json\/wp\/v2\/tags?post=65857"}],"curies":[{"name":"wp","href":"https:\/\/api.w.org\/{rel}","templated":true}]}}