{"id":65847,"date":"2024-11-09T00:45:47","date_gmt":"2024-11-08T23:45:47","guid":{"rendered":"https:\/\/www.infokuryr.cz\/n\/?p=65847"},"modified":"2024-11-08T15:35:18","modified_gmt":"2024-11-08T14:35:18","slug":"na-blizky-vychod-dorazila-nova-letka-americkych-stihacek-f-15","status":"publish","type":"post","link":"https:\/\/www.infokuryr.cz\/n\/2024\/11\/09\/na-blizky-vychod-dorazila-nova-letka-americkych-stihacek-f-15\/","title":{"rendered":"Na Bl\u00edzk\u00fd v\u00fdchod dorazila nov\u00e1 letka americk\u00fdch st\u00edha\u010dek F-15"},"content":{"rendered":"<div id=\"fb-root\"><\/div>\n<p><strong><span>Arm\u00e1da Spojen\u00fdch st\u00e1t\u016f zjevn\u011b pos\u00edlila sv\u00e9 s\u00edly na Bl\u00edzk\u00e9m v\u00fdchod\u011b o dal\u0161\u00ed letku st\u00edha\u010dek F-15.<\/span><\/strong><\/p>\n<p><em>\u201eDnes do oblasti odpov\u011bdnosti americk\u00e9ho \u00dast\u0159edn\u00edho velitelstv\u00ed dorazily F-15E Strike Eagles americk\u00e9ho letectva ze 492. st\u00edhac\u00ed perut\u011b, RAF Lakenheath, Anglie,\u201c uvedlo 7. listopadu \u00dast\u0159edn\u00ed velitelstv\u00ed USA (CENTCOM) na soci\u00e1ln\u00ed s\u00edti X.<\/em><\/p>\n<p><span>P\u0159\u00edkaz neposkytl \u017e\u00e1dn\u00e9 dal\u0161\u00ed podrobnosti. Hebrejsk\u00e1 m\u00e9dia v\u0161ak uvedla, \u017ee na leteck\u00e9 z\u00e1kladn\u011b v Jord\u00e1nsku bylo nasazeno nejm\u00e9n\u011b 12 F-15. Doty\u010dn\u00e1 leteck\u00e1 z\u00e1kladna je s nejv\u011bt\u0161\u00ed pravd\u011bpodobnost\u00ed Muwaffaq Salti, kde se ji\u017e l\u00e9ta nach\u00e1zej\u00ed jednotky CENTCOM.<\/span><\/p>\n<p><span>St\u00edhac\u00ed letouny se p\u0159ipojily k bombard\u00e9r\u016fm B-52 Stratofortress, tanker\u016fm a torp\u00e9doborc\u016fm n\u00e1mo\u0159nictva, kter\u00e9 americk\u00fd ministr obrany Lloyd Austin na\u0159\u00eddil rozm\u00edstit na Bl\u00edzk\u00e9m v\u00fdchod\u011b za\u010d\u00e1tkem tohoto m\u011bs\u00edce, a tak\u00e9 pokro\u010dil\u00fd protiraketov\u00fd syst\u00e9m THAAD, kter\u00fd Pentagon rozm\u00edstil. do Izraele minul\u00fd m\u011bs\u00edc.<\/span><\/p>\n<p><span>Rozm\u00edst\u011bn\u00ed p\u0159i\u0161lo v dob\u011b zv\u00fd\u0161en\u00e9ho nap\u011bt\u00ed s \u00cdr\u00e1nem, kter\u00fd se \u00fadajn\u011b p\u0159ipravuje reagovat na izraelsk\u00fd \u00fatok na sv\u00e9 \u00fazem\u00ed z 26. \u0159\u00edjna.<\/span><\/p>\n<p><span>B\u011bhem \u00fatoku, kter\u00fd si vy\u017e\u00e1dal \u017eivoty \u010dty\u0159 d\u016fstojn\u00edk\u016f, bylo zasa\u017eeno n\u011bkolik \u00edr\u00e1nsk\u00fdch vojensk\u00fdch c\u00edl\u016f, v\u010detn\u011b protivzdu\u0161n\u00e9 obrany a raketov\u00fdch stanovi\u0161\u0165. \u00datok byl s\u00e1m o sob\u011b reakc\u00ed na rozs\u00e1hl\u00fd \u00fader balistick\u00fdch raket zah\u00e1jen\u00fd Teher\u00e1nem proti Izraeli 1. \u0159\u00edjna.<\/span><\/p>\n<p><span>S odvol\u00e1n\u00edm na dva izraelsk\u00e9 zdroje Axios 6. listopadu ozn\u00e1mil, \u017ee izraelsk\u00e1 rozv\u011bdka nazna\u010dila, \u017ee \u00cdr\u00e1n zah\u00e1j\u00ed sv\u016fj \u00fatok ji\u017e tento t\u00fdden z Ir\u00e1ku, kde m\u00e1 Isl\u00e1msk\u00e1 republika mnoho spojenc\u016f, kte\u0159\u00ed jsou sou\u010d\u00e1st\u00ed jej\u00ed \u201eOsy odporu\u201c proti Izraeli.<\/span><\/p>\n<p><span>Washington varoval Bagd\u00e1d p\u0159ed izraelskou odvetou, pokud by \u00edr\u00e1nsk\u00fd \u00fatok p\u0159i\u0161el z Ir\u00e1ku, uvedl zpravodajsk\u00fd server s odvol\u00e1n\u00edm na dva americk\u00e9 p\u0159edstavitele.<\/span><\/p>\n<p><span>Ir\u00e1ck\u00e1 vojensk\u00e1 arm\u00e1da ve stejn\u00fd den zpr\u00e1vu odm\u00edtla s t\u00edm, \u017ee jde o \u201efale\u0161n\u00e9 z\u00e1minky\u201c zam\u011b\u0159en\u00e9 na ospravedln\u011bn\u00ed agrese proti Ir\u00e1ku.<\/span><\/p>\n<p><img decoding=\"async\" loading=\"lazy\" class=\"alignnone size-full wp-image-1185\" src=\"http:\/\/www.infokuryr.cz\/n\/wp-content\/uploads\/2021\/04\/kuryr-podpis.png\" alt=\"\" width=\"84\" height=\"24\" \/><\/p>\n<p>&nbsp;<\/p>\n","protected":false},"excerpt":{"rendered":"<p>Arm\u00e1da Spojen\u00fdch st\u00e1t\u016f zjevn\u011b pos\u00edlila sv\u00e9 s\u00edly na Bl\u00edzk\u00e9m v\u00fdchod\u011b o dal\u0161\u00ed letku st\u00edha\u010dek F-15&#8230;.<\/p>\n","protected":false},"author":2,"featured_media":65848,"comment_status":"closed","ping_status":"closed","sticky":false,"template":"","format":"standard","meta":[],"categories":[7],"tags":[1854,8182,107,457,37],"_links":{"self":[{"href":"https:\/\/www.infokuryr.cz\/n\/wp-json\/wp\/v2\/posts\/65847"}],"collection":[{"href":"https:\/\/www.infokuryr.cz\/n\/wp-json\/wp\/v2\/posts"}],"about":[{"href":"https:\/\/www.infokuryr.cz\/n\/wp-json\/wp\/v2\/types\/post"}],"author":[{"embeddable":true,"href":"https:\/\/www.infokuryr.cz\/n\/wp-json\/wp\/v2\/users\/2"}],"replies":[{"embeddable":true,"href":"https:\/\/www.infokuryr.cz\/n\/wp-json\/wp\/v2\/comments?post=65847"}],"version-history":[{"count":0,"href":"https:\/\/www.infokuryr.cz\/n\/wp-json\/wp\/v2\/posts\/65847\/revisions"}],"wp:featuredmedia":[{"embeddable":true,"href":"https:\/\/www.infokuryr.cz\/n\/wp-json\/wp\/v2\/media\/65848"}],"wp:attachment":[{"href":"https:\/\/www.infokuryr.cz\/n\/wp-json\/wp\/v2\/media?parent=65847"}],"wp:term":[{"taxonomy":"category","embeddable":true,"href":"https:\/\/www.infokuryr.cz\/n\/wp-json\/wp\/v2\/categories?post=65847"},{"taxonomy":"post_tag","embeddable":true,"href":"https:\/\/www.infokuryr.cz\/n\/wp-json\/wp\/v2\/tags?post=65847"}],"curies":[{"name":"wp","href":"https:\/\/api.w.org\/{rel}","templated":true}]}}