{"id":65844,"date":"2024-11-09T00:44:18","date_gmt":"2024-11-08T23:44:18","guid":{"rendered":"https:\/\/www.infokuryr.cz\/n\/?p=65844"},"modified":"2024-11-08T15:30:46","modified_gmt":"2024-11-08T14:30:46","slug":"vudce-levicovych-extremistu-hammer-gang-johann-guntermann-zatcen-po-letech-na-uteku","status":"publish","type":"post","link":"https:\/\/www.infokuryr.cz\/n\/2024\/11\/09\/vudce-levicovych-extremistu-hammer-gang-johann-guntermann-zatcen-po-letech-na-uteku\/","title":{"rendered":"V\u016fdce levicov\u00fdch extremist\u016f \u201eHammer Gang\u201c Johann Guntermann zat\u010den po letech na \u00fat\u011bku"},"content":{"rendered":"<div id=\"fb-root\"><\/div>\n<h3 class=\"s-tagline fw-tagline\"><span>N\u011bmeck\u00e1 policie kone\u010dn\u011b dopadla 31let\u00e9ho Johanna Guntermanna, kter\u00fd je podez\u0159el\u00fd z veden\u00ed nechvaln\u011b zn\u00e1m\u00e9 krajn\u011b levicov\u00e9 \u201eHammer Gang\u201c zodpov\u011bdn\u00e9 za n\u00e1siln\u00e9 \u00fatoky v N\u011bmecku a \u0161ir\u0161\u00ed Evrop\u011b, v\u010detn\u011b Budape\u0161ti<\/span><\/h3>\n<p><span>Johann Guntermann, 31let\u00fd \u0161\u00e9f levicov\u011b extremistick\u00e9 skupiny zn\u00e1m\u00e9 jako \u201eGang Hammer\u201c, byl zat\u010den n\u011bmeckou polici\u00ed pot\u00e9, co byl zadr\u017een pobl\u00ed\u017e Jeny, jihoz\u00e1padn\u011b od Lipska.<\/span><\/p>\n<p><span>Podle bulv\u00e1rn\u00edho den\u00edku\u00a0<\/span><a href=\"https:\/\/www.bild.de\/news\/johann-guntermann-31-polizei-fasst-kopf-von-hammerbande-672debff64cfaf6093caefd0\"><span>Bild<\/span><\/a><span>\u00a0byl Guntermann, jeden z nejhledan\u011bj\u0161\u00edch n\u011bmeck\u00fdch levicov\u00fdch extremist\u016f, zadr\u017een speci\u00e1ln\u00ed mobiln\u00ed pracovn\u00ed skupinou Sask\u00e9ho st\u00e1tn\u00edho \u00fa\u0159adu krimin\u00e1ln\u00ed policie (LKA) po m\u011bs\u00edc\u00edch intenzivn\u00edho sledov\u00e1n\u00ed ze strany vy\u0161et\u0159ovatel\u016f, st\u00e1tn\u00ed bezpe\u010dnosti a Zvl\u00e1\u0161tn\u00ed komise LKA pro levicov\u00fd extremismus, zn\u00e1m\u00e1 jako Soko Linx.<\/span><\/p>\n<p><span>Sask\u00fd ministr vnitra Armin Schuster ocenil zat\u010den\u00ed jako \u201emimo\u0159\u00e1dn\u00fd \u00fasp\u011bch\u201c a poznamenal, \u017ee Guntermann, kter\u00fd m\u011bl n\u011bkolik nevy\u0159\u00edzen\u00fdch zatyka\u010d\u016f, byl \u201e\u00fast\u0159edn\u00ed postavou\u201c ve vy\u0161et\u0159ov\u00e1n\u00ed n\u00e1siln\u00e9ho levicov\u00e9ho extremismu v N\u011bmecku a \u0161ir\u0161\u00ed Evrop\u011b.<\/span><\/p>\n<p><span>Feder\u00e1ln\u00ed gener\u00e1ln\u00ed prokur\u00e1tor ji\u017e d\u0159\u00edve vypsal odm\u011bnu 10 000 eur za informace vedouc\u00ed k dopaden\u00ed Guntermanna, kter\u00fd je obvin\u011bn z organizov\u00e1n\u00ed \u00fatok\u016f zam\u011b\u0159en\u00fdch na politick\u00e9 oponenty a org\u00e1ny \u010dinn\u00e9 v trestn\u00edm \u0159\u00edzen\u00ed. Nejv\u00fdznamn\u011bj\u0161\u00ed \u010dlenkou skupiny je Lina E., b\u00fdval\u00e1 Guntermannova snoubenka, kter\u00e1 byla v kv\u011btnu 2023 odsouzena dr\u00e1\u017e\u010fansk\u00fdm vrchn\u00edm zemsk\u00fdm soudem k dlouh\u00e9mu v\u011bzen\u00ed spolu se t\u0159emi komplici.<\/span><\/p>\n<p><span>Guntermannova krimin\u00e1ln\u00ed minulost zahrnuje n\u00e1siln\u00e9 incidenty z roku 2018, kdy byl po \u00fatoku na okresn\u00ed soud v Lipsku odsouzen k 19 m\u011bs\u00edc\u016fm v\u011bzen\u00ed za poru\u0161en\u00ed m\u00edru. Guntermann, zn\u00e1m\u00fd pro sv\u00e9 v\u00fdrazn\u00e9 tetov\u00e1n\u00ed \u201eHATE\u201c a \u201eCOPS\u201c na prstech, z\u016fstal aktivn\u00ed v extremistick\u00fdch kruz\u00edch a od t\u00e9 doby, co se v roce 2020 dostal do ilegality, se vyh\u00fdbal policejn\u00edm org\u00e1n\u016fm.<\/span><\/p>\n<p><span>Jeho posledn\u00ed \u00fadajn\u00e9 zapojen\u00ed bylo do \u00fatoku v \u00fanoru 2023 v Budape\u0161ti v Ma\u010farsku b\u011bhem shrom\u00e1\u017ed\u011bn\u00ed pravicov\u00fdch aktivist\u016f, kde Guntermann a dal\u0161\u00ed \u00fadajn\u011b napadli n\u011bkolik lid\u00ed, o kter\u00fdch se myln\u011b domn\u00edvali, \u017ee jsou \u00fa\u010dastn\u00edky, a zp\u016fsobili v\u00e1\u017en\u00e1 zran\u011bn\u00ed.<\/span><\/p>\n<p><span>Sa\u0161t\u00ed vy\u0161et\u0159ovatel\u00e9 \u00fadajn\u011b identifikovali Guntermanna z videoz\u00e1znamu incidentu v Budape\u0161ti, co\u017e vyvolalo intenzivn\u011bj\u0161\u00ed \u00fasil\u00ed o jeho lokalizaci a zadr\u017een\u00ed.<\/span><\/p>\n<p><a href=\"https:\/\/rmx.news\/hungary\/budapest-antifa-hammer-attacks-were-carried-out-by-violent-german-antifa-leader-known-for-torturing-his-victims-according-to-hungarian-and-german-police\/\"><span>Remix News d\u0159\u00edve informovalo<\/span><\/a><span>\u00a0, \u017ee je krom\u011b jin\u00fdch zlo\u010din\u016f hledan\u00fd za to, \u017ee se v roce 2021 vyd\u00e1val za maskovan\u00e9ho antifa\u0161istick\u00e9ho policistu v Eilengurgu a pot\u00e9 v Erfurtu a mu\u010dil sv\u00e9 ob\u011bti, v\u010detn\u011b t\u011bhotn\u00e9 \u017eeny, v jejich vlastn\u00edch domech.<\/span><\/p>\n<p><span>\u00da\u0159ady rovn\u011b\u017e pron\u00e1sleduj\u00ed Guntermannovu sou\u010dasnou p\u0159\u00edtelkyni Emilii Dieckmannovou, 21letou levicovou extremistku, kter\u00e1 je podez\u0159el\u00e1 z \u00fa\u010dasti na \u00fatoc\u00edch v Budape\u0161ti po jeho boku a z\u016fst\u00e1v\u00e1 na svobod\u011b.<\/span><\/p>\n<p><span>V dubnu\u00a0<\/span><a href=\"https:\/\/rmx.news\/article\/mass-police-raid-in-leipzig-targets-suspected-left-wing-extremists-as-fears-grow-of-notorious-hammer-gang-revival\/\"><span>n\u011bme\u010dt\u00ed policist\u00e9 sestoupili na n\u011bkolik nemovitost\u00ed spojen\u00fdch s gangem<\/span><\/a><span>\u00a0ve m\u011bst\u011b Lipsko, v\u010detn\u011b kancel\u00e1\u0159e m\u00edstn\u00edho m\u011bstsk\u00e9ho radn\u00edho Strany zelen\u00fdch J\u00fcrgena Kaska, kter\u00fd byl ji\u017e d\u0159\u00edve obvin\u011bn ze sympati\u00ed s extremistickou skupinou.<\/span><\/p>\n<p><span>Za\u010d\u00e1tkem tohoto roku\u00a0<\/span><a href=\"https:\/\/rmx.news\/crime\/hammer-gang-german-antifa-extremist-sentenced-to-3-years-in-prison-in-hungary-for-brutal-budapest-beatings\/\"><span>byl jeden ze skupiny odsouzen na t\u0159i roky do ma\u010farsk\u00e9ho v\u011bzen\u00ed<\/span><\/a><span>\u00a0za \u00fa\u010dast na brut\u00e1ln\u00edm bit\u00ed v Budape\u0161ti,\u00a0<\/span><a href=\"https:\/\/rmx.news\/germany\/violent-hammer-gang-antifa-group-leader-receives-5-year-prison-sentence-supporters-riot-in-numerous-german-cities-and-promise-day-x-as-revenge\/\"><span>zat\u00edmco loni v \u010dervnu dr\u00e1\u017e\u010fansk\u00fd soud odsoudil jednu z v\u016fdc\u016f, Linu Engel, na p\u011bt let a t\u0159i m\u011bs\u00edce v\u011bzen\u00ed.<\/span><\/a><span>\u00a0se t\u0159emi jej\u00edmi spole\u010dn\u00edky, kte\u0159\u00ed dostali ni\u017e\u0161\u00ed tresty.<\/span><\/p>\n<p><img decoding=\"async\" loading=\"lazy\" class=\"alignnone size-full wp-image-1185\" src=\"http:\/\/www.infokuryr.cz\/n\/wp-content\/uploads\/2021\/04\/kuryr-podpis.png\" alt=\"\" width=\"84\" height=\"24\" \/><\/p>\n<p>&nbsp;<\/p>\n","protected":false},"excerpt":{"rendered":"<p>N\u011bmeck\u00e1 policie kone\u010dn\u011b dopadla 31let\u00e9ho Johanna Guntermanna, kter\u00fd je podez\u0159el\u00fd z veden\u00ed nechvaln\u011b zn\u00e1m\u00e9 krajn\u011b&#8230;<\/p>\n","protected":false},"author":2,"featured_media":65845,"comment_status":"closed","ping_status":"closed","sticky":false,"template":"","format":"standard","meta":[],"categories":[7],"tags":[3090,8181,2407],"_links":{"self":[{"href":"https:\/\/www.infokuryr.cz\/n\/wp-json\/wp\/v2\/posts\/65844"}],"collection":[{"href":"https:\/\/www.infokuryr.cz\/n\/wp-json\/wp\/v2\/posts"}],"about":[{"href":"https:\/\/www.infokuryr.cz\/n\/wp-json\/wp\/v2\/types\/post"}],"author":[{"embeddable":true,"href":"https:\/\/www.infokuryr.cz\/n\/wp-json\/wp\/v2\/users\/2"}],"replies":[{"embeddable":true,"href":"https:\/\/www.infokuryr.cz\/n\/wp-json\/wp\/v2\/comments?post=65844"}],"version-history":[{"count":1,"href":"https:\/\/www.infokuryr.cz\/n\/wp-json\/wp\/v2\/posts\/65844\/revisions"}],"predecessor-version":[{"id":65846,"href":"https:\/\/www.infokuryr.cz\/n\/wp-json\/wp\/v2\/posts\/65844\/revisions\/65846"}],"wp:featuredmedia":[{"embeddable":true,"href":"https:\/\/www.infokuryr.cz\/n\/wp-json\/wp\/v2\/media\/65845"}],"wp:attachment":[{"href":"https:\/\/www.infokuryr.cz\/n\/wp-json\/wp\/v2\/media?parent=65844"}],"wp:term":[{"taxonomy":"category","embeddable":true,"href":"https:\/\/www.infokuryr.cz\/n\/wp-json\/wp\/v2\/categories?post=65844"},{"taxonomy":"post_tag","embeddable":true,"href":"https:\/\/www.infokuryr.cz\/n\/wp-json\/wp\/v2\/tags?post=65844"}],"curies":[{"name":"wp","href":"https:\/\/api.w.org\/{rel}","templated":true}]}}