{"id":65842,"date":"2024-11-09T00:43:04","date_gmt":"2024-11-08T23:43:04","guid":{"rendered":"https:\/\/www.infokuryr.cz\/n\/?p=65842"},"modified":"2024-11-08T15:24:19","modified_gmt":"2024-11-08T14:24:19","slug":"spanelsko-organizovany-gang-migrantu-drzel-18-kolumbijskych-zen-ve-vezeni-a-nutil-je-k-prostituci-24-hodin-denne-7-dni-v-tydnu","status":"publish","type":"post","link":"https:\/\/www.infokuryr.cz\/n\/2024\/11\/09\/spanelsko-organizovany-gang-migrantu-drzel-18-kolumbijskych-zen-ve-vezeni-a-nutil-je-k-prostituci-24-hodin-denne-7-dni-v-tydnu\/","title":{"rendered":"\u0160pan\u011blsko: Organizovan\u00fd gang migrant\u016f dr\u017eel 18 kolumbijsk\u00fdch \u017een ve v\u011bzen\u00ed a nutil je k prostituci 24 hodin denn\u011b, 7 dn\u00ed v t\u00fddnu"},"content":{"rendered":"<div id=\"fb-root\"><\/div>\n<h2 class=\"s-tagline fw-tagline\"><span>18 kolumbijsk\u00fdch \u017een bylo uv\u011bzn\u011bno a nuceno slou\u017eit mu\u017e\u016fm nep\u0159etr\u017eit\u011b<\/span><\/h2>\n<div class=\"e-ct-outer\">\n<div class=\"entry-content rbct clearfix is-highlight-shares\">\n<p><span>Osmn\u00e1ct \u010dlen\u016f kolumbijsk\u00e9ho gangu bylo zat\u010deno ve \u0160pan\u011blsku za \u00fa\u010dast na obchodov\u00e1n\u00ed s lidmi a kupl\u00ed\u0159sk\u00fdch operac\u00edch. P\u0159\u00edpad se t\u00fdkal v\u011bzn\u011bn\u00ed p\u0159\u00edslu\u0161n\u00edk\u016f organizovan\u00e9ho zlo\u010dinu \u017een, kter\u00e9 byly nuceny pracovat na sm\u011bny jako prostitutky dostupn\u00e9 klient\u016fm 24 hodin denn\u011b.<\/span><\/p>\n<p><span>Skupina, kter\u00e1 byla provozov\u00e1na v Almendralejo a Arrecife ve \u0160pan\u011blsku, u\u017e vid\u011bla \u0161est jej\u00edch \u010dlen\u016f uv\u011bzn\u011bn\u00fdch, se zbytkem postaveni p\u0159ed soud. Sl\u00edbili \u017een\u00e1m pr\u00e1ci a pak je chytili s dluhy a\u017e do v\u00fd\u0161e 3 400 EUR a zadr\u017eeli jim pr\u016fkaz toto\u017enosti, dokud nebudou dluhy smaz\u00e1ny.<\/span><\/p>\n<p><span>V koordinovan\u00e9m \u00fasil\u00ed zahrnuj\u00edc\u00edm n\u00e1rodn\u00ed policii, civiln\u00ed gardu a kolumbijskou n\u00e1rodn\u00ed policii za podpory INTERPOLu byl gang rozbit. Osmn\u00e1ct ob\u011bt\u00ed, p\u0159edev\u0161\u00edm Kolumbijc\u016f, bylo propu\u0161t\u011bno pot\u00e9, co byly naverbov\u00e1ny v Kolumbii s p\u0159\u00edslibem lep\u0161\u00edho \u017eivota ve \u0160pan\u011blsku. M\u00edsto toho byli nuceni k prostituci, uv\u00e1d\u00ed se v\u00a0<\/span><a href=\"https:\/\/www.interior.gob.es\/opencms\/gl\/detalle\/articulo\/Liberadas-18-victimas-de-trata-que-eran-explotadas-sexualmente-en-Badajoz-y-Lanzarote\/\"><span>tiskov\u00e9 zpr\u00e1v\u011b<\/span><\/a><span>\u00a0\u0161pan\u011blsk\u00e9ho ministerstva vnitra.<\/span><\/p>\n<p><span>Ob\u011bti musely b\u00fdt klient\u016fm k dispozici 24 hodin denn\u011b s p\u0159\u00edsn\u00fdmi finan\u010dn\u00edmi sankcemi za jak\u00fdkoli v\u00fdpadek a byly nuceny prod\u00e1vat dopl\u0148kov\u00e9 slu\u017eby, jako jsou n\u00e1poje a drogy, v\u0161e pod bedliv\u00fdm dohledem bezpe\u010dnostn\u00edch kamer.<\/span><\/p>\n<p><span>Policie provedla \u0161est razi\u00ed, t\u0159i v ka\u017ed\u00e9 lokalit\u011b, p\u0159i\u010dem\u017e zabavila v\u00edce ne\u017e 30 000 eur, kokain, pr\u00e1\u0161ky na erektiln\u00ed dysfunkci, mobiln\u00ed telefony a v\u00fdznamnou dokumentaci. Tato operace nejen\u017ee osvobodila 18 ob\u011bt\u00ed, ale tak\u00e9 vedla k zat\u010den\u00ed 18 osob obvin\u011bn\u00fdch z r\u016fzn\u00fdch trestn\u00fdch \u010din\u016f, v\u010detn\u011b obchodov\u00e1n\u00ed s lidmi za sexu\u00e1ln\u00edmi \u00fa\u010dely, nucen\u00e9 prostituce, obchodu s drogami a dal\u0161\u00edch.<\/span><\/p>\n<p><span>Vy\u0161et\u0159ov\u00e1n\u00ed za\u010dalo po prohl\u00e1\u0161en\u00ed jedn\u00e9 z ob\u011bt\u00ed, kter\u00e9 odhalilo existenci t\u00e9to rodinn\u00e9 zlo\u010dineck\u00e9 s\u00edt\u011b operuj\u00edc\u00ed z provincie Badajoz a ostrova Lanzarote, konkr\u00e9tn\u011b zam\u011b\u0159en\u00e9 na zraniteln\u00e9 \u017eeny v Kolumbii.<\/span><\/p>\n<p><span>Proces n\u00e1boru zahrnoval zam\u011b\u0159en\u00ed na jednotlivce v podm\u00ednk\u00e1ch su\u017eovan\u00fdch chudobou v Kolumbii, kter\u00e9 jim nab\u00eddly \u0161anci na lep\u0161\u00ed \u017eivot. Organizace jim financovala cesty, v\u010detn\u011b let\u016f, pas\u016f, a dokonce poskytla n\u011bjak\u00e9 pen\u00edze na v\u00fddaje, ale na opl\u00e1tku byly tyto \u017eeny zadlu\u017eeny a byly jim zabaveny doklady. Po p\u0159\u00edjezdu do \u0160pan\u011blska byly ob\u011bti p\u0159evezeny bu\u010f do klubu na Lanzarote, nebo p\u0159\u00edmo do Almendralejo, kde skupina z\u0159\u00eddila klubovnu pro prostituci. \u017deny byly \u010dasto p\u0159esouv\u00e1ny mezi r\u016fzn\u00fdmi m\u00edsty v Badajoz a Lanzarote.<\/span><\/p>\n<p><span>Operaci podpo\u0159ila nevl\u00e1dn\u00ed organizace \u201eOUR RESCUE\u201c, kter\u00e1 bojuje proti obchodov\u00e1n\u00ed s lidmi a zneu\u017e\u00edv\u00e1n\u00ed d\u011bt\u00ed a zd\u016fraz\u0148uje spole\u010dn\u00e9 \u00fasil\u00ed v boji proti t\u00e9to nadn\u00e1rodn\u00ed trestn\u00e9 \u010dinnosti.<\/span><\/p>\n<p><img decoding=\"async\" loading=\"lazy\" class=\"alignnone size-full wp-image-1185\" src=\"http:\/\/www.infokuryr.cz\/n\/wp-content\/uploads\/2021\/04\/kuryr-podpis.png\" alt=\"\" width=\"84\" height=\"24\" \/><\/p>\n<p>&nbsp;<\/p>\n<\/div>\n<\/div>\n","protected":false},"excerpt":{"rendered":"<p>18 kolumbijsk\u00fdch \u017een bylo uv\u011bzn\u011bno a nuceno slou\u017eit mu\u017e\u016fm nep\u0159etr\u017eit\u011b Osmn\u00e1ct \u010dlen\u016f kolumbijsk\u00e9ho gangu bylo&#8230;<\/p>\n","protected":false},"author":2,"featured_media":65843,"comment_status":"closed","ping_status":"closed","sticky":false,"template":"","format":"standard","meta":[],"categories":[7],"tags":[2804,86,440,366],"_links":{"self":[{"href":"https:\/\/www.infokuryr.cz\/n\/wp-json\/wp\/v2\/posts\/65842"}],"collection":[{"href":"https:\/\/www.infokuryr.cz\/n\/wp-json\/wp\/v2\/posts"}],"about":[{"href":"https:\/\/www.infokuryr.cz\/n\/wp-json\/wp\/v2\/types\/post"}],"author":[{"embeddable":true,"href":"https:\/\/www.infokuryr.cz\/n\/wp-json\/wp\/v2\/users\/2"}],"replies":[{"embeddable":true,"href":"https:\/\/www.infokuryr.cz\/n\/wp-json\/wp\/v2\/comments?post=65842"}],"version-history":[{"count":0,"href":"https:\/\/www.infokuryr.cz\/n\/wp-json\/wp\/v2\/posts\/65842\/revisions"}],"wp:featuredmedia":[{"embeddable":true,"href":"https:\/\/www.infokuryr.cz\/n\/wp-json\/wp\/v2\/media\/65843"}],"wp:attachment":[{"href":"https:\/\/www.infokuryr.cz\/n\/wp-json\/wp\/v2\/media?parent=65842"}],"wp:term":[{"taxonomy":"category","embeddable":true,"href":"https:\/\/www.infokuryr.cz\/n\/wp-json\/wp\/v2\/categories?post=65842"},{"taxonomy":"post_tag","embeddable":true,"href":"https:\/\/www.infokuryr.cz\/n\/wp-json\/wp\/v2\/tags?post=65842"}],"curies":[{"name":"wp","href":"https:\/\/api.w.org\/{rel}","templated":true}]}}