{"id":65835,"date":"2024-11-09T00:41:18","date_gmt":"2024-11-08T23:41:18","guid":{"rendered":"https:\/\/www.infokuryr.cz\/n\/?p=65835"},"modified":"2024-11-08T16:44:03","modified_gmt":"2024-11-08T15:44:03","slug":"ukrajinska-propaganda-obhajuje-nuceny-nabor-zbabelych-otcu","status":"publish","type":"post","link":"https:\/\/www.infokuryr.cz\/n\/2024\/11\/09\/ukrajinska-propaganda-obhajuje-nuceny-nabor-zbabelych-otcu\/","title":{"rendered":"Ukrajinsk\u00e1 propaganda obhajuje nucen\u00fd n\u00e1bor \u201ezbab\u011bl\u00fdch otc\u016f\u201c"},"content":{"rendered":"<div id=\"fb-root\"><\/div>\n<p><strong>Ukrajinsk\u00e1 arm\u00e1da m\u00e1 masivn\u00ed person\u00e1ln\u00ed probl\u00e9my, proto se u\u017e m\u011bs\u00edce pou\u017e\u00edv\u00e1 nucen\u00fd n\u00e1bor. Ve znepokojiv\u00e9 propagandistick\u00e9 karikatu\u0159e je d\u011btem vysv\u011btleno, pro\u010d jsou \u201ezbab\u011bl\u00ed otcov\u00e9\u201c n\u00e1sil\u00edm odv\u00e1d\u011bni a pos\u00edl\u00e1ni na frontu.<\/strong><\/p>\n<p>Podobn\u00e9 obr\u00e1zky se st\u00e1le \u0161\u00ed\u0159\u00ed na soci\u00e1ln\u00edch s\u00edt\u00edch a ukazuj\u00ed, jak brut\u00e1ln\u00ed n\u00e1borov\u00e9 t\u00fdmy za b\u00edl\u00e9ho dne n\u00e1sil\u00edm un\u00e1\u0161ej\u00ed mu\u017ee, aby je nakonec poslali na frontu.<\/p>\n<div id=\"repor-c302bd1a413fd8a42b98642ebf958dc2\" class=\"repor-c302bd1a413fd8a42b98642ebf958dc2 repor-inhalt_3\">\n<div id=\"repor-407056923\" class=\"repor-inhalt_3 repor-target\" data-repor-trackid=\"9821\" data-repor-trackbid=\"1\">\n<div id=\"M818971ScriptRootC1337404_0f9c2\">\n<div id=\"MarketGidComposite1337404_0f9c2\">\n<div class=\"mgbox\">\n<div class=\"mgheader1337404\"><\/div>\n<\/div>\n<\/div>\n<\/div>\n<\/div>\n<\/div>\n<div class=\"twitter-tweet twitter-tweet-rendered\"><a href=\"https:\/\/x.com\/sept_oliver\/status\/1845371908696519048?ref_src=twsrc%5Etfw%7Ctwcamp%5Etweetembed%7Ctwterm%5E1845371908696519048%7Ctwgr%5E0b2e6ce6c4bb9e37c8c43dffe8bc168035baa36a%7Ctwcon%5Es1_&amp;ref_url=https%3A%2F%2Freport24.news%2Fukrainischer-propagandacartoon-verteidigt-zwangsrekrutierung-von-feigen-vaetern%2F\"><img decoding=\"async\" loading=\"lazy\" class=\"wp-image-65837 aligncenter\" src=\"http:\/\/www.infokuryr.cz\/n\/wp-content\/uploads\/2024\/11\/mob1-223x300.jpg\" alt=\"\" width=\"430\" height=\"578\" srcset=\"https:\/\/www.infokuryr.cz\/n\/wp-content\/uploads\/2024\/11\/mob1-223x300.jpg 223w, https:\/\/www.infokuryr.cz\/n\/wp-content\/uploads\/2024\/11\/mob1.jpg 594w\" sizes=\"(max-width: 430px) 100vw, 430px\" \/><\/a><\/div>\n<p>P\u0159\u00edstup, kter\u00fd byl dlouho odm\u00edt\u00e1n jako \u201erusk\u00e1 propaganda\u201c. Ale i zaryt\u00ed transatlanticist\u00e9 ze Springerov\u00fdch novin \u201eDie Welt\u201c nyn\u00ed museli uznat, \u017ee je to realita.<\/p>\n<div class=\"twitter-tweet twitter-tweet-rendered\"><a href=\"https:\/\/x.com\/Sabinebli\/status\/1852364127089406005?ref_src=twsrc%5Etfw%7Ctwcamp%5Etweetembed%7Ctwterm%5E1852364127089406005%7Ctwgr%5E0b2e6ce6c4bb9e37c8c43dffe8bc168035baa36a%7Ctwcon%5Es1_&amp;ref_url=https%3A%2F%2Freport24.news%2Fukrainischer-propagandacartoon-verteidigt-zwangsrekrutierung-von-feigen-vaetern%2F\"><img decoding=\"async\" loading=\"lazy\" class=\"wp-image-65838 aligncenter\" src=\"http:\/\/www.infokuryr.cz\/n\/wp-content\/uploads\/2024\/11\/mob2-223x300.jpg\" alt=\"\" width=\"437\" height=\"588\" srcset=\"https:\/\/www.infokuryr.cz\/n\/wp-content\/uploads\/2024\/11\/mob2-223x300.jpg 223w, https:\/\/www.infokuryr.cz\/n\/wp-content\/uploads\/2024\/11\/mob2.jpg 590w\" sizes=\"(max-width: 437px) 100vw, 437px\" \/><\/a><\/div>\n<p>To samoz\u0159ejm\u011b vyvol\u00e1v\u00e1 nelibost mezi Ukrajinci, kte\u0159\u00ed v zemi z\u016fst\u00e1vaj\u00ed. Zat\u00edmco synov\u00e9 bohat\u00e9 elity b\u00fdval\u00e9 sov\u011btsk\u00e9 republiky uprchli do zahrani\u010d\u00ed, ve m\u011bstech a vesnic\u00edch se potuluj\u00ed n\u00e1borov\u00e9 jednotky a hledaj\u00ed mu\u017ee ve vojensk\u00e9m v\u011bku.<\/p>\n<p><a href=\"https:\/\/x.com\/ZentraleV\/status\/1716318783147487709?ref_src=twsrc%5Etfw%7Ctwcamp%5Etweetembed%7Ctwterm%5E1716318783147487709%7Ctwgr%5E0b2e6ce6c4bb9e37c8c43dffe8bc168035baa36a%7Ctwcon%5Es1_&amp;ref_url=https%3A%2F%2Freport24.news%2Fukrainischer-propagandacartoon-verteidigt-zwangsrekrutierung-von-feigen-vaetern%2F\"><img decoding=\"async\" loading=\"lazy\" class=\"wp-image-65839 aligncenter\" src=\"http:\/\/www.infokuryr.cz\/n\/wp-content\/uploads\/2024\/11\/mob3-210x300.jpg\" alt=\"\" width=\"456\" height=\"651\" srcset=\"https:\/\/www.infokuryr.cz\/n\/wp-content\/uploads\/2024\/11\/mob3-210x300.jpg 210w, https:\/\/www.infokuryr.cz\/n\/wp-content\/uploads\/2024\/11\/mob3.jpg 597w\" sizes=\"(max-width: 456px) 100vw, 456px\" \/><\/a><\/p>\n<p>Aby se zajistilo, \u017ee se d\u011bti t\u011bchto n\u00e1siln\u011b naverbovan\u00fdch mu\u017e\u016f nestanou potenci\u00e1ln\u00edmi \u201enep\u0159\u00e1teli st\u00e1tu\u201c pot\u00e9, co musely za\u017e\u00edt tak hrozn\u00e9 sc\u00e9ny a bylo jim \u0159e\u010deno, \u017ee jejich otcov\u00e9 byli bu\u010f zohaveni, nebo dokonce p\u0159i\u0161li o \u017eivot v \u201eml\u00fdnc\u00edch na maso\u201c v p\u0159edn\u00ed, Zelensk\u00e9ho propagandistick\u00fd apar\u00e1t vyvinul p\u0159ij\u00edt s karikaturou.<\/p>\n<p><a href=\"https:\/\/x.com\/AHuxley1963\/status\/1853386236980769103?ref_src=twsrc%5Etfw%7Ctwcamp%5Etweetembed%7Ctwterm%5E1853386236980769103%7Ctwgr%5E0b2e6ce6c4bb9e37c8c43dffe8bc168035baa36a%7Ctwcon%5Es1_&amp;ref_url=https%3A%2F%2Freport24.news%2Fukrainischer-propagandacartoon-verteidigt-zwangsrekrutierung-von-feigen-vaetern%2F\"><img decoding=\"async\" loading=\"lazy\" class=\"wp-image-65840 aligncenter\" src=\"http:\/\/www.infokuryr.cz\/n\/wp-content\/uploads\/2024\/11\/mob4-300x293.jpg\" alt=\"\" width=\"468\" height=\"457\" srcset=\"https:\/\/www.infokuryr.cz\/n\/wp-content\/uploads\/2024\/11\/mob4-300x293.jpg 300w, https:\/\/www.infokuryr.cz\/n\/wp-content\/uploads\/2024\/11\/mob4.jpg 599w\" sizes=\"(max-width: 468px) 100vw, 468px\" \/><\/a><\/p>\n<p>V t\u00e9to karikatu\u0159e se d\u011btem \u0159\u00edk\u00e1, \u017ee jejich otcov\u00e9 jsou zbab\u011blci, pokud dobrovoln\u011b neodejdou na frontu\u00a0<a href=\"https:\/\/report24.news\/erschuetternder-bericht-ueberlebenszeit-von-ukrainischen-rekruten-an-der-front-ist-dramatisch-kurz\/\">b\u00eddn\u011b zem\u0159\u00edt v z\u00e1kopech<\/a> bez dostate\u010dn\u00e9ho bojov\u00e9ho v\u00fdcviku a materi\u00e1lu.<\/p>\n<p><img decoding=\"async\" loading=\"lazy\" class=\"alignnone size-full wp-image-1185\" src=\"http:\/\/www.infokuryr.cz\/n\/wp-content\/uploads\/2021\/04\/kuryr-podpis.png\" alt=\"\" width=\"84\" height=\"24\" \/><\/p>\n<p>&nbsp;<\/p>\n","protected":false},"excerpt":{"rendered":"<p>Ukrajinsk\u00e1 arm\u00e1da m\u00e1 masivn\u00ed person\u00e1ln\u00ed probl\u00e9my, proto se u\u017e m\u011bs\u00edce pou\u017e\u00edv\u00e1 nucen\u00fd n\u00e1bor. Ve znepokojiv\u00e9&#8230;<\/p>\n","protected":false},"author":2,"featured_media":65836,"comment_status":"closed","ping_status":"closed","sticky":false,"template":"","format":"standard","meta":[],"categories":[7],"tags":[245,1929,1051,26],"_links":{"self":[{"href":"https:\/\/www.infokuryr.cz\/n\/wp-json\/wp\/v2\/posts\/65835"}],"collection":[{"href":"https:\/\/www.infokuryr.cz\/n\/wp-json\/wp\/v2\/posts"}],"about":[{"href":"https:\/\/www.infokuryr.cz\/n\/wp-json\/wp\/v2\/types\/post"}],"author":[{"embeddable":true,"href":"https:\/\/www.infokuryr.cz\/n\/wp-json\/wp\/v2\/users\/2"}],"replies":[{"embeddable":true,"href":"https:\/\/www.infokuryr.cz\/n\/wp-json\/wp\/v2\/comments?post=65835"}],"version-history":[{"count":1,"href":"https:\/\/www.infokuryr.cz\/n\/wp-json\/wp\/v2\/posts\/65835\/revisions"}],"predecessor-version":[{"id":65841,"href":"https:\/\/www.infokuryr.cz\/n\/wp-json\/wp\/v2\/posts\/65835\/revisions\/65841"}],"wp:featuredmedia":[{"embeddable":true,"href":"https:\/\/www.infokuryr.cz\/n\/wp-json\/wp\/v2\/media\/65836"}],"wp:attachment":[{"href":"https:\/\/www.infokuryr.cz\/n\/wp-json\/wp\/v2\/media?parent=65835"}],"wp:term":[{"taxonomy":"category","embeddable":true,"href":"https:\/\/www.infokuryr.cz\/n\/wp-json\/wp\/v2\/categories?post=65835"},{"taxonomy":"post_tag","embeddable":true,"href":"https:\/\/www.infokuryr.cz\/n\/wp-json\/wp\/v2\/tags?post=65835"}],"curies":[{"name":"wp","href":"https:\/\/api.w.org\/{rel}","templated":true}]}}