{"id":65825,"date":"2024-11-09T00:36:10","date_gmt":"2024-11-08T23:36:10","guid":{"rendered":"https:\/\/www.infokuryr.cz\/n\/?p=65825"},"modified":"2024-11-08T14:43:20","modified_gmt":"2024-11-08T13:43:20","slug":"arnaud-bertrand-v-evrope-sili-povedomi-ze-trumpovo-volebni-vitezstvi-dramaticky-zmeni-status-quo","status":"publish","type":"post","link":"https:\/\/www.infokuryr.cz\/n\/2024\/11\/09\/arnaud-bertrand-v-evrope-sili-povedomi-ze-trumpovo-volebni-vitezstvi-dramaticky-zmeni-status-quo\/","title":{"rendered":"Arnaud Bertrand: V Evrop\u011b s\u00edl\u00ed pov\u011bdom\u00ed, \u017ee Trumpovo volebn\u00ed v\u00edt\u011bzstv\u00ed dramaticky zm\u011bn\u00ed status quo"},"content":{"rendered":"<div id=\"fb-root\"><\/div>\n<div class=\"elementor-element elementor-element-1fb4c2c elementor-widget elementor-widget-theme-post-content\" data-id=\"1fb4c2c\" data-element_type=\"widget\" data-widget_type=\"theme-post-content.default\">\n<div class=\"elementor-widget-container\">\n<p><strong><span>V Evrop\u011b s\u00edl\u00ed pov\u011bdom\u00ed, \u017ee Trumpovo volebn\u00ed v\u00edt\u011bzstv\u00ed dramaticky zm\u011bn\u00ed status quo. Ale jak je v Evrop\u011b \u010dasto typick\u00e9, mnoz\u00ed z toho vyvozuj\u00ed \u0161patn\u00e9 z\u00e1v\u011bry. Dobr\u00fdm p\u0159\u00edkladem toho je p\u0159\u00edsp\u011bvek Raphaela Glucksmanna \u2013 p\u0159edstavitele atlantick\u00fdch liber\u00e1ln\u00edch intervencionist\u016f v EU.<\/span><\/strong><\/p>\n<p><span>P\u00ed\u0161e, \u017ee Trumpovo zvolen\u00ed je zn\u00e1mkou toho, \u017ee Evropa se mus\u00ed sama st\u00e1t Amerikou, jakou mohla b\u00fdt pod veden\u00edm Kamaly Harrisov\u00e9: Evropou, kter\u00e1 se sama vyd\u00e1v\u00e1 za obranu liber\u00e1ln\u00edch hodnot.<\/span><\/p>\n<p><span>Jeho slova: \u201eZvolen\u00ed Donalda Trumpa je no\u010dn\u00ed m\u016frou pro demokracii, lidsk\u00e1 pr\u00e1va a Evropu. Toto je jeden z kl\u00ed\u010dov\u00fdch okam\u017eik\u016f, kter\u00e9 m\u011bn\u00ed b\u011bh d\u011bjin. Nyn\u00ed jsme v Evrop\u011b sami. S\u00e1m tv\u00e1\u0159\u00ed v tv\u00e1\u0159 v\u00e1lce na na\u0161em kontinentu, s\u00e1m proti Putinovi, s\u00e1m proti pravicov\u00e9 a autorit\u00e1\u0159sk\u00e9 vln\u011b, kter\u00e1 se val\u00ed p\u0159es na\u0161e n\u00e1rody a sv\u011bt, s\u00e1m proti klimatick\u00e9 katastrof\u011b. S\u00e1m. [\u2026] Trump ji\u017e ozn\u00e1mil, \u017ee ob\u011btuje Ukrajinu a vyjedn\u00e1 s Putinem evropskou bezpe\u010dnostn\u00ed architekturu. Evropa se tak mohla ocitnout v pozici jako \u010ceskoslovensko v roce 1938 b\u011bhem Mnichovsk\u00e9 dohody a \u010dekat v kulo\u00e1rech, a\u017e \u201evelmoci\u201c rozhodnou o jej\u00ed budoucnosti a existenci. Nic nezaru\u010duje, \u017ee na\u0161e demokracie a Evropsk\u00e1 unie tento \u0161ok p\u0159e\u017eij\u00ed. V\u0161e z\u00e1vis\u00ed na n\u00e1s, na na\u0161\u00ed schopnosti prom\u011bnit se, kolektivn\u011b i individu\u00e1ln\u011b, v militantn\u00ed demokraty. [\u2026] Nyn\u00ed jsme nuceni vr\u00e1tit na\u0161im demokraci\u00edm s\u00edlu a smysl, kter\u00e9 ztratily, obzory spravedlnosti a emancipace, kter\u00e9 ji\u017e nenab\u00edzej\u00ed. Nadch\u00e1zej\u00edc\u00ed t\u00fddny a m\u011bs\u00edce definuj\u00ed na\u0161i roli v historii. Demokracie nen\u00ed jist\u00fd \u00fasp\u011bch, je to boj. Je \u010das to v\u00e9st s v\u011bt\u0161\u00ed silou a p\u0159esv\u011bd\u010den\u00edm ne\u017e kdy jindy.&#8220;<\/span><\/p>\n<p><span>V jednom bod\u011b m\u00e1 pravdu: Evropa je nyn\u00ed ve skute\u010dnosti velmi izolovan\u00e1. Ale ob\u00e1v\u00e1m se, \u017ee cesta, kterou si zvolil, tuto izolaci jen prohloub\u00ed.<\/span><\/p>\n<p><span>Trumpovo zvolen\u00ed znamen\u00e1, \u017ee u\u017e v n\u011bj nev\u011b\u0159\u00ed ani vlajkono\u0161i liber\u00e1ln\u00edho mezin\u00e1rodn\u00edho \u0159\u00e1du: Donald Trump nev\u011b\u0159\u00ed v nad\u0159azen\u00fd, proselytizuj\u00edc\u00ed z\u00e1padn\u00ed ide\u00e1l, kter\u00fd mus\u00ed utv\u00e1\u0159et sv\u011bt k jeho obrazu. Pro Trumpa neexistuje z\u00e1sadn\u00ed rozd\u00edl mezi hodnotami Evropy, Ruska nebo \u010c\u00edny \u2013 v\u0161ichni jsou glob\u00e1ln\u00ed konkurenti a on chce prosazovat \u201eAmeriku na prvn\u00edm m\u00edst\u011b\u201c, tedy chr\u00e1nit z\u00e1jmy Ameriky p\u0159ed jej\u00edmi konkurenty, v\u010detn\u011b Evropy. Trump se od p\u0159edchoz\u00edch americk\u00fdch prezident\u016f z\u00e1sadn\u011b li\u0161\u00ed t\u00edm, \u017ee nem\u00e1 \u017e\u00e1dn\u00fd mision\u00e1\u0159sk\u00fd, liber\u00e1ln\u00ed smysl pro posl\u00e1n\u00ed: nebude tla\u010dit na zem\u011b X nebo Y, aby p\u0159izp\u016fsobily svou kulturu nebo dom\u00e1c\u00ed politiku jen tak, aby vyhovovaly liber\u00e1ln\u00edmu c\u00edt\u011bn\u00ed.<\/span><\/p>\n<p><span>Toto je lekce, kterou Evropa mus\u00ed pochopit: liber\u00e1ln\u00ed \u0159\u00e1d je mrtv\u00fd, a pokud se Evropa pokus\u00ed o\u017eivit tuto iluzi, bude izolovan\u011bj\u0161\u00ed ne\u017e kdy jindy, proto\u017ee t\u00e9m\u011b\u0159 ka\u017ed\u00fd na t\u00e9to planet\u011b \u2013 krom\u011b Z\u00e1padu \u2013 tento sv\u011bt odm\u00edtl. Hr\u00e1li jen proto, \u017ee nem\u011bli na v\u00fdb\u011br a necht\u011bli si zahr\u00e1vat s nejsiln\u011bj\u0161\u00ed silou. Samotn\u00e1 Evropa v\u0161ak nen\u00ed ani \u201evelmoc\u00ed\u201c, tak pro\u010d by je m\u011bl zbytek sv\u011bta podporovat v jejich liber\u00e1ln\u00edm posl\u00e1n\u00ed?<\/span><\/p>\n<p><span>To neznamen\u00e1, \u017ee se Evropa mus\u00ed vzd\u00e1t sv\u00fdch hodnot \u2013 je v\u00edt\u00e1no z\u016fstat liber\u00e1ln\u00ed demokraci\u00ed, ale je to konec \u00e9ry, ve kter\u00e9 se Z\u00e1pad pova\u017eoval za nad\u0159azen\u00e9ho ve v\u0161ech sm\u011brech a c\u00edtil povinnost se \u201ezlep\u0161it\u201c zbytek sv\u011bta. Nejen\u017ee je konec, ale s Trumpem u\u017e neexistuje ani soudr\u017en\u00fd \u201eZ\u00e1pad\u201c.<\/span><\/p>\n<p><span>Co by tedy bylo pro Evropu spr\u00e1vn\u00e9? Za prv\u00e9, v tomto nov\u00e9m sv\u011bt\u011b je naprosto kl\u00ed\u010dov\u00e9, aby se Evropa nau\u010dila ch\u00e1pat druh\u00e9 a oslovovat je jako sob\u011b rovn\u00e9, ne\u017e aby je pou\u010dovala shora. Mus\u00edme se zbavit sv\u00e9ho nem\u00edstn\u00e9ho pocitu nad\u0159azenosti; Jazyk \u201ehodnot\u201c je nejen zastaral\u00fd, ale nyn\u00ed dokonce odporn\u00fd.<\/span><\/p>\n<p><span>Zadruh\u00e9, Evropa p\u0159\u00edli\u0161 dlouho \u017eila ve fale\u0161n\u00e9 iluzi, \u017ee Amerika bude chr\u00e1nit jej\u00ed z\u00e1jmy: ve skute\u010dnosti tomu tak nikdy nebylo a za Trumpa tomu tak bude je\u0161t\u011b m\u00e9n\u011b. Evropa se mus\u00ed nau\u010dit, co znamen\u00e1 suverenita, definovat a br\u00e1nit sv\u00e9 vlastn\u00ed z\u00e1jmy.<\/span><\/p>\n<p><span>Konkr\u00e9tn\u011b to znamen\u00e1 ud\u011blat p\u0159esn\u00fd opak toho, co navrhuje Glucksmann \u2013 tedy zdvojn\u00e1sobit Ukrajinu. Jak\u00e9 tam m\u00e1 Evropa z\u00e1jmy? P\u0159edstavte si, \u017ee Putin a Trump uzav\u0159ou m\u00edr a Evropa bude d\u00e1l bojovat sama za Ukrajinu: \u010ceho by mohla sama dos\u00e1hnout, \u010deho se j\u00ed je\u0161t\u011b se zna\u010dnou podporou USA nepoda\u0159ilo? To je \u010dist\u00e1 po\u0161etilost a m\u016f\u017ee skon\u010dit jedin\u011b pon\u00ed\u017een\u00edm. Nav\u00edc v\u00e1lka na Ukrajin\u011b nebyla od po\u010d\u00e1tku v z\u00e1jmu Evropy: vedle Ukrajiny je Evropa prvn\u00ed, kdo trp\u00ed v\u00e1lkou a sankcemi. Samotn\u00e9mu Rusku se da\u0159\u00ed \u2013 letos dos\u00e1hne 3,9% r\u016fstu pot\u00e9, co loni dos\u00e1hlo 3,6%. Je zjevn\u011b v z\u00e1jmu Evropy, aby v\u00e1lka skon\u010dila a aby Evropa \u2013 nikoli USA \u2013 znovu projednala evropskou bezpe\u010dnostn\u00ed architekturu s Ruskem a tak\u00e9 obnoven\u00ed energetick\u00fdch tok\u016f, jejich\u017e naru\u0161en\u00ed zp\u016fsobilo velk\u00e9 ekonomick\u00e9 \u0161kody. Amerika t\u011b\u017e\u00ed z rozd\u011blen\u00e9 Eurasie (\u201erozd\u011bl a panuj\u201c), ale samotn\u00e1 Eurasie ne\u2026<\/span><\/p>\n<p><span>Tot\u00e9\u017e plat\u00ed pro \u010c\u00ednu: za Bidena Evropa v\u011brn\u011b n\u00e1sledovala USA ve sv\u00e9 \u010d\u00ednsk\u00e9 politice, od polovodi\u010d\u016f po elektrick\u00e1 vozidla. Ale USA cht\u011bj\u00ed z\u016fstat na \u0161pici sv\u011bta, to je jejich boj: evropsk\u00e9 z\u00e1jmy jsou ve sv\u011bt\u011b se siln\u00fdmi kompenza\u010dn\u00edmi silami v\u016f\u010di USA l\u00e9pe chr\u00e1n\u011bny. Kdy\u017e je jen jeden obr, nast\u00e1v\u00e1 tyranie; je-li jich n\u011bkolik, vytvo\u0159\u00ed se rovnov\u00e1ha. Evropa by si m\u011bla vytvo\u0159it nez\u00e1visl\u00fd vztah s \u010c\u00ednou a p\u0159estat se na zemi d\u00edvat z atlantick\u00e9, nebo v hor\u0161\u00edm p\u0159\u00edpad\u011b \u201ehodnotov\u00e9\u201c perspektivy.<\/span><\/p>\n<p><span>Nebo si vezm\u011bme Izrael: Mnoho zem\u00ed v Evrop\u011b, zejm\u00e9na Francie, m\u00e1 dlouhodob\u011b sp\u00ed\u0161e propalestinskou zahrani\u010dn\u00ed politiku, v neposledn\u00ed \u0159ad\u011b kv\u016fli vlastn\u00edm muslimsk\u00fdm populac\u00edm a jejich muslimsk\u00fdm soused\u016fm na druh\u00e9 stran\u011b St\u0159edozemn\u00edho mo\u0159e. Ned\u00e1vn\u00fd posun Evropy sm\u011brem k v\u00e1\u0161niv\u00e9 obran\u011b Izraele podobn\u00e9 USA ned\u00e1v\u00e1 z hlediska evropsk\u00fdch z\u00e1jm\u016f t\u00e9m\u011b\u0159 \u017e\u00e1dn\u00fd smysl&#8230;<\/span><\/p>\n<p><span>Evropa se nakonec mus\u00ed nau\u010dit v\u011bnovat v\u00edce pozornosti pot\u0159eb\u00e1m a hlas\u016fm sv\u00fdch ob\u010dan\u016f \u2013 to je VELK\u00c1 lekce z Trumpova v\u00edt\u011bzstv\u00ed. Kamala Harris prohr\u00e1la, proto\u017ee byla \u0161okuj\u00edc\u00edm zp\u016fsobem vzd\u00e1len\u00e1 tomu, co Ameri\u010dan\u00e9 cht\u011bli \u2013 klasick\u00fd p\u0159\u00edpad elit\u00e1\u0159sk\u00e9ho ostrovtipu. Propagace Cheneyho?\u00a0<\/span>\ud83e\udd26<span>Evropa je zde tak\u00e9 extr\u00e9mn\u011b vinna, jak ukazuje Glucksmann\u016fv p\u0159\u00edsp\u011bvek: Pokud si mysl\u00ed, \u017ee mor\u00e1ln\u00ed gesta kolem abstraktn\u00edch pojm\u016f, jako jsou hodnoty nebo vyhl\u00eddka na v\u00e1lku s Ruskem, jsou pro ob\u010dany EU by\u0165 jen vzd\u00e1len\u011b atraktivn\u00ed, pak zcela ztratil kontakt s realitou. Evropan\u00e9 cht\u011bj\u00ed, aby se jejich \u017eivotn\u00ed podm\u00ednky zlep\u0161ily po dvou dek\u00e1d\u00e1ch, ve kter\u00fdch jejich v\u016fdci neud\u011blali nic jin\u00e9ho, \u200b\u200bne\u017e \u017ee zvl\u00e1dli \u00fapadek a p\u0159ijali rozkazy z Washingtonu (v\u010detn\u011b samotn\u00e9ho Glucksmanna)&#8230;<\/span><\/p>\n<p><span>K\u00e9\u017e bych mohl \u0159\u00edci, \u017ee m\u00e1m nad\u011bji, \u017ee se Evropa pou\u010d\u00ed a kone\u010dn\u011b se probud\u00ed, ale to by byla le\u017e: v\u011bt\u0161ina v\u016fdc\u016f EU je bohu\u017eel jako Glucksmann, zcela odtr\u017een\u00e1 od reality sv\u011bta, do kter\u00e9ho vstupujeme a kter\u00fd vedeme. Evropa na pokraj propasti. M\u011bli fantastickou p\u0159\u00edle\u017eitost b\u011bhem prvn\u00edho Trumpova prezidentstv\u00ed prosadit svou nez\u00e1vislost, naj\u00edt vlastn\u00ed hlas a pos\u00edlit svou suverenitu a \u00fapln\u011b ji promarnili. Te\u010f maj\u00ed neuv\u011b\u0159iteln\u00e9 \u0161t\u011bst\u00ed, \u017ee maj\u00ed druhou \u0161anci, jako je tato, a vypad\u00e1 to, \u017ee u\u017e jsou na dobr\u00e9 cest\u011b ji tak\u00e9 promarnit&#8230;<\/span><\/p>\n<\/div>\n<\/div>\n<div class=\"elementor-element elementor-element-8c57238 quelle dc-has-condition dc-condition-empty elementor-widget elementor-widget-heading\" data-id=\"8c57238\" data-element_type=\"widget\" data-widget_type=\"heading.default\">\n<div class=\"elementor-widget-container\">\n<h3 class=\"elementor-heading-title elementor-size-default\"><span style=\"font-size: 10pt;\"><a href=\"https:\/\/x.com\/RnaudBertrand\/status\/1854191463074320707\" target=\"_blank\" rel=\"nofollow noopener\">Zdroj<\/a><\/span><\/h3>\n<p>&nbsp;<\/p>\n<\/div>\n<\/div>\n","protected":false},"excerpt":{"rendered":"<p>V Evrop\u011b s\u00edl\u00ed pov\u011bdom\u00ed, \u017ee Trumpovo volebn\u00ed v\u00edt\u011bzstv\u00ed dramaticky zm\u011bn\u00ed status quo. Ale jak je&#8230;<\/p>\n","protected":false},"author":2,"featured_media":2554,"comment_status":"closed","ping_status":"closed","sticky":false,"template":"","format":"standard","meta":[],"categories":[7],"tags":[1042,41,452,37,814],"_links":{"self":[{"href":"https:\/\/www.infokuryr.cz\/n\/wp-json\/wp\/v2\/posts\/65825"}],"collection":[{"href":"https:\/\/www.infokuryr.cz\/n\/wp-json\/wp\/v2\/posts"}],"about":[{"href":"https:\/\/www.infokuryr.cz\/n\/wp-json\/wp\/v2\/types\/post"}],"author":[{"embeddable":true,"href":"https:\/\/www.infokuryr.cz\/n\/wp-json\/wp\/v2\/users\/2"}],"replies":[{"embeddable":true,"href":"https:\/\/www.infokuryr.cz\/n\/wp-json\/wp\/v2\/comments?post=65825"}],"version-history":[{"count":0,"href":"https:\/\/www.infokuryr.cz\/n\/wp-json\/wp\/v2\/posts\/65825\/revisions"}],"wp:featuredmedia":[{"embeddable":true,"href":"https:\/\/www.infokuryr.cz\/n\/wp-json\/wp\/v2\/media\/2554"}],"wp:attachment":[{"href":"https:\/\/www.infokuryr.cz\/n\/wp-json\/wp\/v2\/media?parent=65825"}],"wp:term":[{"taxonomy":"category","embeddable":true,"href":"https:\/\/www.infokuryr.cz\/n\/wp-json\/wp\/v2\/categories?post=65825"},{"taxonomy":"post_tag","embeddable":true,"href":"https:\/\/www.infokuryr.cz\/n\/wp-json\/wp\/v2\/tags?post=65825"}],"curies":[{"name":"wp","href":"https:\/\/api.w.org\/{rel}","templated":true}]}}