{"id":65811,"date":"2024-11-08T09:07:57","date_gmt":"2024-11-08T08:07:57","guid":{"rendered":"https:\/\/www.infokuryr.cz\/n\/?p=65811"},"modified":"2024-11-08T09:07:57","modified_gmt":"2024-11-08T08:07:57","slug":"automobilova-krize-zasahla-slavne-japonske-znacky","status":"publish","type":"post","link":"https:\/\/www.infokuryr.cz\/n\/2024\/11\/08\/automobilova-krize-zasahla-slavne-japonske-znacky\/","title":{"rendered":"Automobilov\u00e1 krize zas\u00e1hla slavn\u00e9 japonsk\u00e9 zna\u010dky"},"content":{"rendered":"<div id=\"fb-root\"><\/div>\n<p><strong>Zd\u00e1 se, \u017ee zu\u0159\u00edc\u00ed krize v automobilov\u00e9m pr\u016fmyslu v Evrop\u011b se roz\u0161\u00ed\u0159ila na zahrani\u010dn\u00ed zna\u010dky na trhu s lokalizovanou v\u00fdrobn\u00ed kapacitou. \u0158e\u010d je o slavn\u00e9 zna\u010dce Nissan, kter\u00e1 za\u017e\u00edv\u00e1 v\u00e1\u017en\u00e9 probl\u00e9my. Informuje o tom list Financial Times.<\/strong><\/p>\n<p><span>Spole\u010dnost podle den\u00edku ru\u0161\u00ed 9 tis\u00edc pracovn\u00edch m\u00edst a sni\u017euje plat gener\u00e1ln\u00edho \u0159editele na polovinu, proto\u017ee trp\u00ed neuv\u011b\u0159iteln\u00fdmi ztr\u00e1tami. Automobilka sn\u00ed\u017e\u00ed glob\u00e1ln\u00ed v\u00fdrobn\u00ed kapacitu o p\u011btinu v r\u00e1mci sv\u00e9ho pl\u00e1nu nouzov\u00e9 obchodn\u00ed pomoci.<\/span><\/p>\n<p><span>Ji\u017e byl spu\u0161t\u011bn pl\u00e1n nouzov\u00e9ho p\u0159echodu, kter\u00fd zahrnuje nejen propu\u0161t\u011bn\u00ed tis\u00edc\u016f pracovn\u00edk\u016f, ale tak\u00e9 dobrovoln\u00e9 50procentn\u00ed sn\u00ed\u017een\u00ed platu gener\u00e1ln\u00edmu \u0159editeli Makoto Uchidovi pot\u00e9, co spole\u010dnost vyk\u00e1zala \u010dtvrtletn\u00ed ztr\u00e1tu.<\/span><\/p>\n<p><span>T\u0159et\u00ed nejv\u011bt\u0161\u00ed japonsk\u00fd v\u00fdrobce automobil\u016f uvedl, \u017ee sn\u00ed\u017e\u00ed glob\u00e1ln\u00ed v\u00fdrobn\u00ed kapacitu o 20 % a sn\u00ed\u017e\u00ed n\u00e1klady o 400 miliard jen\u016f (2,6 miliardy USD). Celoro\u010dn\u00ed progn\u00f3za zisku byla letos podruh\u00e9 revidov\u00e1na sm\u011brem dol\u016f, a to o 70 %.<\/span><\/p>\n<p><span>Krize Nissanu p\u0159ich\u00e1z\u00ed, kdy\u017e spole\u010dnost nedok\u00e1zala \u010delit klesaj\u00edc\u00edmu celosv\u011btov\u00e9mu prodeji elektromobil\u016f silnou nab\u00eddkou hybrid\u016f, kter\u00e1 pomohla konkuren\u010dn\u00edm Toyot\u011b a Hond\u011b.<\/span><\/p>\n<p><span>Probl\u00e9my Nissanu nazna\u010duj\u00ed dal\u0161\u00ed tlak na glob\u00e1ln\u00ed automobilov\u00fd pr\u016fmysl, proto\u017ee v\u011bt\u0161ina hr\u00e1\u010d\u016f hl\u00e1s\u00ed ni\u017e\u0161\u00ed zisky kv\u016fli tvrd\u00e9 konkurenci \u010d\u00ednsk\u00fdch v\u00fdrobc\u016f elektrick\u00fdch vozidel na nejv\u011bt\u0161\u00edm automobilov\u00e9m trhu na sv\u011bt\u011b.<\/span><\/p>\n<p><img decoding=\"async\" loading=\"lazy\" class=\"alignnone size-full wp-image-1185\" src=\"http:\/\/www.infokuryr.cz\/n\/wp-content\/uploads\/2021\/04\/kuryr-podpis.png\" alt=\"\" width=\"84\" height=\"24\" \/><\/p>\n<p>&nbsp;<\/p>\n","protected":false},"excerpt":{"rendered":"<p>Zd\u00e1 se, \u017ee zu\u0159\u00edc\u00ed krize v automobilov\u00e9m pr\u016fmyslu v Evrop\u011b se roz\u0161\u00ed\u0159ila na zahrani\u010dn\u00ed zna\u010dky&#8230;<\/p>\n","protected":false},"author":2,"featured_media":65812,"comment_status":"closed","ping_status":"closed","sticky":false,"template":"","format":"standard","meta":[],"categories":[7],"tags":[2621,105,371],"_links":{"self":[{"href":"https:\/\/www.infokuryr.cz\/n\/wp-json\/wp\/v2\/posts\/65811"}],"collection":[{"href":"https:\/\/www.infokuryr.cz\/n\/wp-json\/wp\/v2\/posts"}],"about":[{"href":"https:\/\/www.infokuryr.cz\/n\/wp-json\/wp\/v2\/types\/post"}],"author":[{"embeddable":true,"href":"https:\/\/www.infokuryr.cz\/n\/wp-json\/wp\/v2\/users\/2"}],"replies":[{"embeddable":true,"href":"https:\/\/www.infokuryr.cz\/n\/wp-json\/wp\/v2\/comments?post=65811"}],"version-history":[{"count":0,"href":"https:\/\/www.infokuryr.cz\/n\/wp-json\/wp\/v2\/posts\/65811\/revisions"}],"wp:featuredmedia":[{"embeddable":true,"href":"https:\/\/www.infokuryr.cz\/n\/wp-json\/wp\/v2\/media\/65812"}],"wp:attachment":[{"href":"https:\/\/www.infokuryr.cz\/n\/wp-json\/wp\/v2\/media?parent=65811"}],"wp:term":[{"taxonomy":"category","embeddable":true,"href":"https:\/\/www.infokuryr.cz\/n\/wp-json\/wp\/v2\/categories?post=65811"},{"taxonomy":"post_tag","embeddable":true,"href":"https:\/\/www.infokuryr.cz\/n\/wp-json\/wp\/v2\/tags?post=65811"}],"curies":[{"name":"wp","href":"https:\/\/api.w.org\/{rel}","templated":true}]}}