{"id":65759,"date":"2024-11-08T00:39:07","date_gmt":"2024-11-07T23:39:07","guid":{"rendered":"https:\/\/www.infokuryr.cz\/n\/?p=65759"},"modified":"2024-11-07T11:12:18","modified_gmt":"2024-11-07T10:12:18","slug":"arcibiskup-vigano-trumpovo-vitezstvi-je-obrovskou-prekazkou-pro-novy-svetovy-rad","status":"publish","type":"post","link":"https:\/\/www.infokuryr.cz\/n\/2024\/11\/08\/arcibiskup-vigano-trumpovo-vitezstvi-je-obrovskou-prekazkou-pro-novy-svetovy-rad\/","title":{"rendered":"Arcibiskup Vigan\u00f2: Trumpovo v\u00edt\u011bzstv\u00ed je obrovskou p\u0159ek\u00e1\u017ekou pro Nov\u00fd sv\u011btov\u00fd \u0159\u00e1d"},"content":{"rendered":"<div id=\"fb-root\"><\/div>\n<div class=\"elementor-element elementor-element-1fb4c2c elementor-widget elementor-widget-theme-post-content\" data-id=\"1fb4c2c\" data-element_type=\"widget\" data-widget_type=\"theme-post-content.default\">\n<div class=\"elementor-widget-container\">\n<p><span>Arcibiskup Carlo Maria Vigan\u00f2 poblahop\u0159\u00e1l Donaldu Trumpovi k v\u00edt\u011bzstv\u00ed v americk\u00fdch volb\u00e1ch, ozna\u010dil to za bo\u017e\u00ed z\u00e1sah proti \u201ezlo\u010dinn\u00e9mu\u201c Nov\u00e9mu sv\u011btov\u00e9mu \u0159\u00e1du a vyzval k\u0159es\u0165any, aby se modlili za Trump\u016fv \u00fasp\u011bch p\u0159i zni\u010den\u00ed vlivu \u201edeep state\u201c.<\/span><\/p>\n<p><strong><span>V\u00edt\u011bzstv\u00ed Donalda J. Trumpa ve volb\u00e1ch na prezidenta Spojen\u00fdch st\u00e1t\u016f americk\u00fdch p\u0159edstavuje historick\u00fd okam\u017eik v dramatick\u00fdch ud\u00e1lostech na\u0161\u00ed doby a p\u0159edstavuje obrovskou p\u0159ek\u00e1\u017eku pro zlo\u010dinnou agendu tzv. Nov\u00e9ho sv\u011btov\u00e9ho \u0159\u00e1du.<\/span><\/strong><\/p>\n<p><span>Vyjad\u0159uji sv\u00e9 nejsrde\u010dn\u011bj\u0161\u00ed blahop\u0159\u00e1n\u00ed prezidentu Trumpovi a d\u011bkuji na\u0161emu P\u00e1nu za to, \u017ee zabr\u00e1nil tomu, aby se Spojen\u00e9 st\u00e1ty a z\u00e1padn\u00ed sv\u011bt nakonec dostaly do sp\u00e1r\u016f hlubok\u00e9ho st\u00e1tu a globalistick\u00e9 tyranie.<\/span><\/p>\n<p><span>Boj proti podvratn\u00e9 elit\u011b psychopatick\u00fdch zlo\u010dinc\u016f, kter\u00e1 dr\u017e\u00ed Z\u00e1pad jako rukojm\u00ed, je\u0161t\u011b neskon\u010dil; teprve te\u010f to po\u0159\u00e1dn\u011b za\u010d\u00edn\u00e1.<\/span><\/p>\n<p><span>Vyz\u00fdv\u00e1m americk\u00e9 katol\u00edky a v\u0161echny k\u0159es\u0165any, aby se modlili za prezidenta Trumpa, aby ho P\u00e1n chr\u00e1nil v tomto p\u0159echodn\u00e9m obdob\u00ed, dokud nevstoup\u00ed do B\u00edl\u00e9ho domu, a podpo\u0159il ho na jeho nevyhnuteln\u00e9 cest\u011b k pora\u017een\u00ed lobby zkorumpovan\u00fdch a zka\u017een\u00fdch jedinc\u016f, kte\u0159\u00ed pat\u0159\u00ed k hlubok\u00e9ho stavu jsou povinni odstranit. Jeho rozhodn\u00e1 akce proti zr\u00e1dc\u016fm n\u00e1roda tak\u00e9 oslab\u00ed moc \u201ehlubok\u00e9 c\u00edrkve\u201c, kter\u00e1 dnes dr\u017e\u00ed katolickou c\u00edrkev jako rukojm\u00ed.<\/span><\/p>\n<p><strong><span>K\u00e9\u017e B\u016fh \u017eehn\u00e1 Americe.<\/span><\/strong><\/p>\n<\/div>\n<\/div>\n<div class=\"elementor-element elementor-element-8c57238 quelle dc-has-condition dc-condition-empty elementor-widget elementor-widget-heading\" data-id=\"8c57238\" data-element_type=\"widget\" data-widget_type=\"heading.default\">\n<div class=\"elementor-widget-container\">\n<h3 class=\"elementor-heading-title elementor-size-default\"><span style=\"font-size: 10pt;\"><a href=\"https:\/\/x.com\/CarloMVigano\/status\/1854119763183587394\" target=\"_blank\" rel=\"nofollow noopener\">Zdroj<\/a><\/span><\/h3>\n<p>&nbsp;<\/p>\n<\/div>\n<\/div>\n","protected":false},"excerpt":{"rendered":"<p>Arcibiskup Carlo Maria Vigan\u00f2 poblahop\u0159\u00e1l Donaldu Trumpovi k v\u00edt\u011bzstv\u00ed v americk\u00fdch volb\u00e1ch, ozna\u010dil to za&#8230;<\/p>\n","protected":false},"author":2,"featured_media":65760,"comment_status":"closed","ping_status":"closed","sticky":false,"template":"","format":"standard","meta":[],"categories":[7],"tags":[1413,279,1362,452],"_links":{"self":[{"href":"https:\/\/www.infokuryr.cz\/n\/wp-json\/wp\/v2\/posts\/65759"}],"collection":[{"href":"https:\/\/www.infokuryr.cz\/n\/wp-json\/wp\/v2\/posts"}],"about":[{"href":"https:\/\/www.infokuryr.cz\/n\/wp-json\/wp\/v2\/types\/post"}],"author":[{"embeddable":true,"href":"https:\/\/www.infokuryr.cz\/n\/wp-json\/wp\/v2\/users\/2"}],"replies":[{"embeddable":true,"href":"https:\/\/www.infokuryr.cz\/n\/wp-json\/wp\/v2\/comments?post=65759"}],"version-history":[{"count":0,"href":"https:\/\/www.infokuryr.cz\/n\/wp-json\/wp\/v2\/posts\/65759\/revisions"}],"wp:featuredmedia":[{"embeddable":true,"href":"https:\/\/www.infokuryr.cz\/n\/wp-json\/wp\/v2\/media\/65760"}],"wp:attachment":[{"href":"https:\/\/www.infokuryr.cz\/n\/wp-json\/wp\/v2\/media?parent=65759"}],"wp:term":[{"taxonomy":"category","embeddable":true,"href":"https:\/\/www.infokuryr.cz\/n\/wp-json\/wp\/v2\/categories?post=65759"},{"taxonomy":"post_tag","embeddable":true,"href":"https:\/\/www.infokuryr.cz\/n\/wp-json\/wp\/v2\/tags?post=65759"}],"curies":[{"name":"wp","href":"https:\/\/api.w.org\/{rel}","templated":true}]}}