{"id":65734,"date":"2024-11-07T06:46:26","date_gmt":"2024-11-07T05:46:26","guid":{"rendered":"https:\/\/www.infokuryr.cz\/n\/?p=65734"},"modified":"2024-11-07T06:46:26","modified_gmt":"2024-11-07T05:46:26","slug":"biden-urychli-dodavky-zbrani-na-ukrajinu","status":"publish","type":"post","link":"https:\/\/www.infokuryr.cz\/n\/2024\/11\/07\/biden-urychli-dodavky-zbrani-na-ukrajinu\/","title":{"rendered":"Biden urychl\u00ed dod\u00e1vky zbran\u00ed na Ukrajinu"},"content":{"rendered":"<div id=\"fb-root\"><\/div>\n<p><span style=\"font-size: 18pt;\"><strong>Americk\u00fd prezident \u00fadajn\u011b chce nechat Kyjev v \u201enejsiln\u011bj\u0161\u00ed mo\u017en\u00e9 pozici\u201c, ne\u017e se Donald Trump ujme \u00fa\u0159adu<\/strong><\/span><\/p>\n<p><span>Podle zdroj\u016f z odch\u00e1zej\u00edc\u00ed administrativy m\u00e1 B\u00edl\u00fd d\u016fm v \u00famyslu urychlit a\u017e 9 miliard dolar\u016f nov\u00e9 vojensk\u00e9 pomoci v r\u00e1mci posledn\u00edho \u00fasil\u00ed o pos\u00edlen\u00ed Ukrajiny proti Rusku, ne\u017e se v lednu ujme \u00fa\u0159adu nov\u011b zvolen\u00fd prezident Donald Trump.<\/span><\/p>\n<p><span>Pl\u00e1n je \u0159\u00edzen obavami, \u017ee Trump, kter\u00fd kritizoval velkorysou podporu prezidenta Joe Bidena Kyjevu, m\u016f\u017ee zastavit nebo v\u00fdrazn\u011b omezit pomoc financovanou americk\u00fdmi da\u0148ov\u00fdmi poplatn\u00edky, jak ve st\u0159edu uvedly zdroje mluv\u00edc\u00ed s Reuters a Politico.<\/span><\/p>\n<p><em><span>&#8222;Administrativa pl\u00e1nuje tla\u010dit kup\u0159edu&#8230; aby dostala Ukrajinu do co nejsiln\u011bj\u0161\u00ed pozice,&#8220;<\/span><\/em><span>\u00a0\u0159ekl agentu\u0159e Reuters pod podm\u00ednkou anonymity vysok\u00fd p\u0159edstavitel. Politico ozna\u010dilo pl\u00e1n za\u00a0<\/span><em><span>\u201ejedinou mo\u017enost\u201c,<\/span><\/em><span>\u00a0jak udr\u017eet tok zbran\u00ed na Ukrajinu, a\u010dkoli jeho zdroje p\u0159ipou\u0161t\u011bly\u00a0<\/span><em><span>\u201eobrovsk\u00e9\u201c<\/span><\/em><span>\u00a0probl\u00e9my.<\/span><\/p>\n<p><span>Ameri\u010dt\u00ed p\u0159edstavitel\u00e9 se ob\u00e1vaj\u00ed, \u017ee i kdy\u017e Biden schv\u00e1l\u00ed novou pomoc, m\u016f\u017ee Pentagonu trvat m\u011bs\u00edce, ne\u017e skute\u010dn\u011b dod\u00e1 munici a vybaven\u00ed na Ukrajinu, a p\u0159\u00ed\u0161t\u00ed vrchn\u00ed velitel by mohl dod\u00e1vky kdykoli zastavit. Z\u016fst\u00e1v\u00e1 nejasn\u00e9, zda by americk\u00e1 arm\u00e1da byla ochotna hloub\u011bji \u010derpat ze sv\u00fdch z\u00e1sob \u2013 riskuj\u00edc tak vlastn\u00ed p\u0159ipravenost \u2013, aby dod\u00e1vky urychlila.<\/span><\/p>\n<p><span>Od \u00fanora 2022 schv\u00e1lil Kongres USA v\u00edce ne\u017e 174 miliard dolar\u016f na podporu Ukrajiny v jej\u00edm konfliktu s Ruskem. Posledn\u00ed tran\u0161e ve v\u00fd\u0161i 61 miliard dolar\u016f byla o n\u011bkolik m\u011bs\u00edc\u016f odlo\u017eena kv\u016fli spor\u016fm mezi republik\u00e1ny a B\u00edl\u00fdm domem. Z tohoto bal\u00ed\u010dku zb\u00fdv\u00e1 pouze 4,3 miliardy dolar\u016f spolu s dal\u0161\u00edmi 2 miliardami dolar\u016f p\u0159id\u011blen\u00fdmi na nov\u00e9 smlouvy s americk\u00fdm zbrojn\u00edm pr\u016fmyslem. S 2,8 miliardami dolar\u016f v d\u0159\u00edve ozn\u00e1men\u00fdch z\u00e1silk\u00e1ch m\u00e1 B\u00edl\u00fd d\u016fm k dispozici n\u011bco m\u00e1lo p\u0159es 9 miliard dolar\u016f na nouzov\u00e9 dod\u00e1vky do Kyjeva.<\/span><\/p>\n<p><span>Trumpovo v\u00edt\u011bzstv\u00ed nezm\u011bn\u00ed antagonistick\u00fd postoj Washingtonu v\u016f\u010di Moskv\u011b, ale zt\u00ed\u017e\u00ed Kyjevu p\u0159\u00edstup k pen\u011bz\u016fm americk\u00fdch da\u0148ov\u00fdch poplatn\u00edk\u016f, \u0159ekl ve st\u0159edu b\u00fdval\u00fd rusk\u00fd prezident Dmitrij Medved\u011bv.<\/span><\/p>\n<p><em><span>\u201eJako obchodn\u00edk s obarvenou vlnou nen\u00e1vid\u00ed pl\u00fdtv\u00e1n\u00ed pen\u011bzi na nejr\u016fzn\u011bj\u0161\u00ed dareb\u00e1ky a tagalongy: na \u0161\u00edlen\u00e9 spojence, pom\u00fdlen\u00e9 grandi\u00f3zn\u00ed charitativn\u00ed projekty a nenasytn\u00e9 mezin\u00e1rodn\u00ed organizace,\u201c<\/span><\/em><span>\u00a0napsal Medved\u011bv v p\u0159\u00edsp\u011bvku v Telegramu.\u00a0<\/span><em><span>\u201eJedin\u00e1 ot\u00e1zka zn\u00ed, jak moc bude Trump nucen rozd\u011blit se na v\u00e1lku? Je tvrdohlav\u00fd, ale syst\u00e9m je mocn\u011bj\u0161\u00ed.\u201c<\/span><\/em><\/p>\n<p><span>Trump \u0159ekl, \u017ee Ukrajina nem\u016f\u017ee vojensky zv\u00edt\u011bzit nad Ruskem, a\u00a0<\/span><a href=\"https:\/\/swentr.site\/news\/605890-trump-ukraine-biden-zelensky\/\" target=\"_blank\" rel=\"noopener noreferrer\"><span>kritizoval<\/span><\/a><span>\u00a0ukrajinsk\u00e9ho v\u016fdce Vladimira Zelensk\u00e9ho jako\u00a0<\/span><em><span>\u201enejv\u011bt\u0161\u00edho obchodn\u00edka v historii\u201c,<\/span><\/em><span>\u00a0kter\u00fd zaji\u0161\u0165uje miliardy poka\u017ed\u00e9, kdy\u017e nav\u0161t\u00edv\u00ed Washington, ani\u017e by se p\u0159ibl\u00ed\u017eil v\u00edt\u011bzstv\u00ed.<\/span><\/p>\n<p><span>Trump b\u011bhem p\u0159edvolebn\u00ed kampan\u011b tvrdil, \u017ee pokud bude znovu zvolen, mohl by ukon\u010dit ukrajinsk\u00fd konflikt do 24 hodin. Trump\u00a0ve sv\u00e9m v\u00edt\u011bzn\u00e9m\u00a0<\/span><a href=\"https:\/\/swentr.site\/news\/607179-trump-end-wars-speech\/\" target=\"_blank\" rel=\"noopener noreferrer\"><span>projevu<\/span><\/a><span>\u00a0zopakoval:\u00a0<\/span><em><span>\u201eNehodl\u00e1m rozpoutat v\u00e1lku. Zastav\u00edm v\u00e1lky.&#8220;<\/span><\/em><\/p>\n<p><img decoding=\"async\" loading=\"lazy\" class=\"alignnone size-full wp-image-1185\" src=\"http:\/\/www.infokuryr.cz\/n\/wp-content\/uploads\/2021\/04\/kuryr-podpis.png\" alt=\"\" width=\"84\" height=\"24\" \/><\/p>\n<p>&nbsp;<\/p>\n","protected":false},"excerpt":{"rendered":"<p>Americk\u00fd prezident \u00fadajn\u011b chce nechat Kyjev v \u201enejsiln\u011bj\u0161\u00ed mo\u017en\u00e9 pozici\u201c, ne\u017e se Donald Trump ujme&#8230;<\/p>\n","protected":false},"author":2,"featured_media":62983,"comment_status":"closed","ping_status":"closed","sticky":false,"template":"","format":"standard","meta":[],"categories":[7],"tags":[72,26,73],"_links":{"self":[{"href":"https:\/\/www.infokuryr.cz\/n\/wp-json\/wp\/v2\/posts\/65734"}],"collection":[{"href":"https:\/\/www.infokuryr.cz\/n\/wp-json\/wp\/v2\/posts"}],"about":[{"href":"https:\/\/www.infokuryr.cz\/n\/wp-json\/wp\/v2\/types\/post"}],"author":[{"embeddable":true,"href":"https:\/\/www.infokuryr.cz\/n\/wp-json\/wp\/v2\/users\/2"}],"replies":[{"embeddable":true,"href":"https:\/\/www.infokuryr.cz\/n\/wp-json\/wp\/v2\/comments?post=65734"}],"version-history":[{"count":0,"href":"https:\/\/www.infokuryr.cz\/n\/wp-json\/wp\/v2\/posts\/65734\/revisions"}],"wp:featuredmedia":[{"embeddable":true,"href":"https:\/\/www.infokuryr.cz\/n\/wp-json\/wp\/v2\/media\/62983"}],"wp:attachment":[{"href":"https:\/\/www.infokuryr.cz\/n\/wp-json\/wp\/v2\/media?parent=65734"}],"wp:term":[{"taxonomy":"category","embeddable":true,"href":"https:\/\/www.infokuryr.cz\/n\/wp-json\/wp\/v2\/categories?post=65734"},{"taxonomy":"post_tag","embeddable":true,"href":"https:\/\/www.infokuryr.cz\/n\/wp-json\/wp\/v2\/tags?post=65734"}],"curies":[{"name":"wp","href":"https:\/\/api.w.org\/{rel}","templated":true}]}}