{"id":65731,"date":"2024-11-07T06:42:17","date_gmt":"2024-11-07T05:42:17","guid":{"rendered":"https:\/\/www.infokuryr.cz\/n\/?p=65731"},"modified":"2024-11-07T07:02:38","modified_gmt":"2024-11-07T06:02:38","slug":"jindrich-kulhavy-liberalove-se-dusi-my-se-bavime","status":"publish","type":"post","link":"https:\/\/www.infokuryr.cz\/n\/2024\/11\/07\/jindrich-kulhavy-liberalove-se-dusi-my-se-bavime\/","title":{"rendered":"Jind\u0159ich Kulhav\u00fd: Liber\u00e1lov\u00e9 se dus\u00ed, my se bav\u00edme"},"content":{"rendered":"<div id=\"fb-root\"><\/div>\n<p><strong><span class=\"anotation\">Do\u0161lo na na\u0161e slova. Donald Trump m\u011bl pravd\u011bpodobn\u011b v\u00edce ne\u017e trojn\u00e1sobek voli\u010d\u016f proti Kamale Harrisov\u00e9, tak\u017ee j\u00ed nepomohly k v\u00edt\u011bzstv\u00ed ani volebn\u00ed podvody, kter\u00e9 na 4 roky usadily Joa Bidena do Bil\u00e9ho domu. Nic j\u00ed nebyla platn\u00e1 podpora um\u011bleck\u00e9 smet\u00e1nky, medi\u00e1ln\u00ed propaganda a intervence exprezident\u016f z \u0159ad Demokrat\u016f. Na pomysln\u00fd tr\u016fn ji nedostrkalo v\u016fbec nic.<\/span><\/strong><\/p>\n<div id=\"pagetext\">\n<p>\u00a0 No\u010dn\u00ed studia v\u011bnuj\u00edc\u00ed se volb\u00e1m v USA pomalu utichala, n\u00e1lada se st\u00e1vala ponurou a obhajoba prohry Harrisov\u00e9 tvrzen\u00edm o primitivech bez titul\u016f vol\u00edc\u00edch Trumpa t\u0159eba na Prima CNN \u010di na \u010cT je na zru\u0161en\u00ed t\u011bchto stanic. Po nestrann\u00e9m posuzov\u00e1n\u00ed situace se zapr\u00e1\u0161ilo ve chv\u00edli, kdy Kamala za\u010dala na Trumpa ztr\u00e1cet. Moc jsme nej\u00e1sali, minul\u00e9 volby byly zvr\u00e1ceny v posledn\u00edm sv\u00e9m stadiu a \u010dekali jsme je\u0161t\u011b n\u011bjak\u00fd stupidn\u00ed podraz. Harrisov\u00e1 do posledn\u00ed chv\u00edle p\u0159esv\u011bd\u010dovala okol\u00ed, \u017ee konec bude po \u00fapln\u00e9m s\u010d\u00edt\u00e1n\u00ed v\u0161ech hlas\u016f v\u010detn\u011b koresponden\u010dn\u00edch, ale ve fin\u00e1le u\u017e ani v\u0161echny mo\u017en\u00e9 kli\u010dky na jej\u00ed proh\u0159e nic nezm\u011bnily. Nav\u00edc Republik\u00e1ni ovl\u00e1dli v\u0161e, co pot\u0159ebovali.<\/p>\n<p>Kyselost mainstreamu je n\u011b\u010d\u00edm, co mus\u00ed pot\u011b\u0161it. R\u00e1di bychom vid\u011bli obli\u010dej Pelosi, Zelensk\u00e9ho, Leyenov\u00e9, takov\u00e9 jak se \u0161kleb\u00ed Rutte, Zuckerberg, Soros. Mnoha se zk\u0159ivila tv\u00e1\u0159 a u\u017e nyn\u00ed spekuluj\u00ed, kde vz\u00edt klacky, kter\u00e9 by mohly hodit Trumpovi pod nohy. Mo\u017en\u00e1 se najdou dal\u0161\u00ed st\u0159elci, proto\u017ee zbavit se nov\u00e9ho prezidenta je pro n\u011b t\u0159eba. Ale pokud se Trump do\u017eije lednov\u00e9 inaugurace a bude m\u00edt \u010das srovnat alespo\u0148 n\u011bkter\u00e9 z\u00e1sadn\u00ed probl\u00e9my uvnit\u0159 USA, bude m\u00edt \u010d\u00e1st Ameri\u010dan\u016f probl\u00e9my. Minim\u00e1ln\u011b s t\u00edm, jak lidi neust\u00e1le oblbovat klimatickou kriz\u00ed, podporou Ukrajiny, LGBT aktivitami a migrac\u00ed. Neidealizujeme si Trumpa, ale vn\u00edm\u00e1me ho jako nad\u011bj\u00ed na celosv\u011btovou situaci.<\/p>\n<p>Ke zm\u011bn\u00e1m bude doch\u00e1zet postupn\u011b. Spojen\u00e9 st\u00e1ty maj\u00ed rest ve vztaz\u00edch s Ruskem, nicm\u00e9n\u011b Trump m\u00e1 osobn\u00ed nesympatii p\u0159edev\u0161\u00edm k \u010c\u00edn\u011b. Co\u017e m\u016f\u017ee b\u00fdt probl\u00e9m. Evropskou unii bude dost mo\u017en\u00e1 ignorovat, nebude ale prvn\u00ed. To sam\u00e9 u\u017e d\u011bl\u00e1 Rusko. Jak se z t\u00e9to situace EU dostane, to netu\u0161\u00edme, ka\u017edop\u00e1dn\u011b to spl\u00e1chne i n\u00e1s. Brusel\u0161t\u00ed liber\u00e1lov\u00e9 se dostali do pasti stejn\u011b jako ti na\u0161i. Nesn\u00e1\u0161et Rusko i novou americkou reprezentaci je vcelku deprimuj\u00edc\u00ed. Nav\u00edc Evropa je v ekonomick\u00e9, pr\u016fmyslov\u00e9 i mor\u00e1ln\u00ed krizi. A k tomu j\u00ed z\u016fstane na krku Ukrajina. A\u0165 u\u017e v\u00e1l\u010d\u00edc\u00ed \u010di poroben\u00e1. To nem\u016f\u017ee dopadnout dob\u0159e. K tomu Green Deal, tedy katastrofa.<\/p>\n<p>Trump bude muset sv\u00e9 Ameri\u010dany p\u0159esv\u011bd\u010dit o tom, \u017ee jim bude l\u00e9pe. K tomu pot\u0159ebuje siln\u00fd a respektovan\u00fd st\u00e1t, ov\u0161em bez ohledu na to, jak toho dos\u00e1hne. Tak\u017ee bude-li hledat zdroje p\u0159\u00edjm\u016f, nebude hled\u011bt doprava \u010di doleva, p\u016fjde si za sv\u00fdm. \u017d\u00e1dn\u00e1 dal\u0161\u00ed pomoc Evrop\u011b, sep\u00ed\u0161e ji pou\u017e\u00edt, t\u011b\u017ek\u00e9 to bude m\u00edt Zelenskyj, kter\u00fd Ameri\u010dany moc nezaj\u00edm\u00e1. Ale co bude d\u00e1l, to teprve uvid\u00edme a nechceme p\u0159edj\u00edmat.<\/p>\n<p>Skute\u010dn\u00fdmi pora\u017een\u00fdmi jsou mimo Demokraty a Harrisov\u00e9 i na\u0161i politici a m\u00e9dia. Zp\u016fsob, kter\u00fdm se v\u016f\u010di Trumpovi vymezovali, byl ur\u00e1\u017eej\u00edc\u00ed. A opakujeme, tvrzen\u00ed, \u017ee ho volili nevzd\u011blan\u00ed, je dvouse\u010dn\u00e9. Za prv\u00e9 to je le\u017e, za druh\u00e9 nezv\u00edt\u011bzili primitivov\u00e9, ale zdrav\u00fd rozum. Ve Spojen\u00fdch st\u00e1tech je to trochu p\u0159ekvapeni a u n\u00e1s v podobn\u00fd sc\u00e9n\u00e1\u0159 u\u017e n\u011bjakou dobu douf\u00e1me. D\u016fkazem posunu k jeho n\u00e1vratu by mohly b\u00fdt na\u0161e bl\u00ed\u017e\u00edc\u00ed se parlamentn\u00ed volby a brzk\u00fd konec liberalismu. To je sice kr\u00e1sn\u00e1, ale naivn\u00ed p\u0159edstava, proto\u017ee se budou dr\u017eet zuby nehty. Nav\u00edc u n\u00e1s to nen\u00ed jen vl\u00e1dn\u00ed koalice, ale i zna\u010dn\u00e1 \u010d\u00e1st opozice, p\u0159edev\u0161\u00edm ANO. Zat\u00edm m\u016f\u017eeme o\u010dek\u00e1vat mizern\u00fd v\u00fdsledek koalice CELKEM, ale STAN se bude sna\u017eit udr\u017eet a Babi\u0161 se k liber\u00e1l\u016fm hl\u00e1s\u00ed tak\u00e9. Takov\u00e1 m\u00e9dia zat\u00edm moc zm\u011bn nep\u0159ipravuj\u00ed a m\u016f\u017ee se st\u00e1t, \u017ee se zde je\u0161t\u011b jedno dal\u0161\u00ed volebn\u00ed budeme pl\u00e1cat v marastu.<\/p>\n<p>Dokud si neuv\u011bdom\u00edme, \u017ee zm\u011bna je mo\u017en\u00e1, budou s n\u00e1mi manipulovat. Ameri\u010dan\u00e9 se u\u017e rozhodli n\u011bco s t\u00edm d\u011blat. Kdy se do toho pust\u00edme my a liber\u00e1ln\u00ed eurohujery vy\u017eeneme od koryt?<\/p>\n<p><a href=\"https:\/\/www.inadhled.live\/zajimavosti\/liberalove-se-dusi-my-se-bavime\/\">Jind\u0159ich Kulhav\u00fd<\/a><\/p>\n<p><img decoding=\"async\" loading=\"lazy\" class=\"alignnone size-full wp-image-48136\" src=\"http:\/\/www.infokuryr.cz\/n\/wp-content\/uploads\/2024\/02\/kulhavy-jindrich.jpg\" alt=\"\" width=\"219\" height=\"221\" srcset=\"https:\/\/www.infokuryr.cz\/n\/wp-content\/uploads\/2024\/02\/kulhavy-jindrich.jpg 219w, https:\/\/www.infokuryr.cz\/n\/wp-content\/uploads\/2024\/02\/kulhavy-jindrich-150x150.jpg 150w\" sizes=\"(max-width: 219px) 100vw, 219px\" \/><\/p>\n<p>&nbsp;<\/p>\n<\/div>\n","protected":false},"excerpt":{"rendered":"<p>Do\u0161lo na na\u0161e slova. Donald Trump m\u011bl pravd\u011bpodobn\u011b v\u00edce ne\u017e trojn\u00e1sobek voli\u010d\u016f proti Kamale Harrisov\u00e9,&#8230;<\/p>\n","protected":false},"author":2,"featured_media":65733,"comment_status":"closed","ping_status":"closed","sticky":false,"template":"","format":"standard","meta":[],"categories":[6],"tags":[1503,452,27],"_links":{"self":[{"href":"https:\/\/www.infokuryr.cz\/n\/wp-json\/wp\/v2\/posts\/65731"}],"collection":[{"href":"https:\/\/www.infokuryr.cz\/n\/wp-json\/wp\/v2\/posts"}],"about":[{"href":"https:\/\/www.infokuryr.cz\/n\/wp-json\/wp\/v2\/types\/post"}],"author":[{"embeddable":true,"href":"https:\/\/www.infokuryr.cz\/n\/wp-json\/wp\/v2\/users\/2"}],"replies":[{"embeddable":true,"href":"https:\/\/www.infokuryr.cz\/n\/wp-json\/wp\/v2\/comments?post=65731"}],"version-history":[{"count":1,"href":"https:\/\/www.infokuryr.cz\/n\/wp-json\/wp\/v2\/posts\/65731\/revisions"}],"predecessor-version":[{"id":65735,"href":"https:\/\/www.infokuryr.cz\/n\/wp-json\/wp\/v2\/posts\/65731\/revisions\/65735"}],"wp:featuredmedia":[{"embeddable":true,"href":"https:\/\/www.infokuryr.cz\/n\/wp-json\/wp\/v2\/media\/65733"}],"wp:attachment":[{"href":"https:\/\/www.infokuryr.cz\/n\/wp-json\/wp\/v2\/media?parent=65731"}],"wp:term":[{"taxonomy":"category","embeddable":true,"href":"https:\/\/www.infokuryr.cz\/n\/wp-json\/wp\/v2\/categories?post=65731"},{"taxonomy":"post_tag","embeddable":true,"href":"https:\/\/www.infokuryr.cz\/n\/wp-json\/wp\/v2\/tags?post=65731"}],"curies":[{"name":"wp","href":"https:\/\/api.w.org\/{rel}","templated":true}]}}