{"id":65729,"date":"2024-11-07T06:37:12","date_gmt":"2024-11-07T05:37:12","guid":{"rendered":"https:\/\/www.infokuryr.cz\/n\/?p=65729"},"modified":"2024-11-07T06:37:12","modified_gmt":"2024-11-07T05:37:12","slug":"ruska-balisticka-raketa-yars-byla-nainstalovana-do-odpalovaciho-zarizeni-v-oblasti-kaluga","status":"publish","type":"post","link":"https:\/\/www.infokuryr.cz\/n\/2024\/11\/07\/ruska-balisticka-raketa-yars-byla-nainstalovana-do-odpalovaciho-zarizeni-v-oblasti-kaluga\/","title":{"rendered":"Rusk\u00e1 balistick\u00e1 raketa Yars byla nainstalov\u00e1na do odpalovac\u00edho za\u0159\u00edzen\u00ed v oblasti Kaluga"},"content":{"rendered":"<div id=\"fb-root\"><\/div>\n<p class=\"lead\"><strong>Dal\u0161\u00ed mezikontinent\u00e1ln\u00ed balistick\u00e1 st\u0159ela Yars byla nalo\u017eena do odpalovac\u00edho za\u0159\u00edzen\u00ed sil v raketov\u00e9 formaci Kozelsky v oblasti Kaluga, ozn\u00e1milo rusk\u00e9 ministerstvo obrany.<\/strong><\/p>\n<p><em>\u201eV raketov\u00e9 formaci Kozelsky (oblast Kaluga) byla mezikontinent\u00e1ln\u00ed balistick\u00e1 st\u0159ela RK Yars nabita do odpalovac\u00edho za\u0159\u00edzen\u00ed sil,\u201c<span class=\"after-quote\"> &#8211; uv\u00e1d zpr\u00e1va.<\/span><\/em><\/p>\n<p><span>Je up\u0159esn\u011bno, \u017ee raketa je instalov\u00e1na pomoc\u00ed speci\u00e1ln\u00ed p\u0159epravn\u00ed a nakl\u00e1dac\u00ed jednotky, operace trvaj\u00ed n\u011bkolik hodin.<\/span><\/p>\n<p><iframe loading=\"lazy\" src=\"https:\/\/t.me\/mod_russia\/45437?embed=1&amp;tme_mode=1\" width=\"600\" height=\"350\" data-mce-fragment=\"1\"><\/iframe><\/p>\n<p><em>\u201eP\u0159ezbrojen\u00ed strategick\u00fdch raketov\u00fdch sil spo\u010d\u00edv\u00e1 nejen ve vybaven\u00ed jednotek nov\u00fdmi raketov\u00fdmi syst\u00e9my, ale tak\u00e9 ve vytvo\u0159en\u00ed nov\u00e9 soci\u00e1ln\u00ed infrastruktury, kter\u00e1 poskytuje lep\u0161\u00ed podm\u00ednky pro v\u00fdcvik slu\u017eebn\u00edch sil, bojovou slu\u017ebu a rekreaci person\u00e1lu,\u201c<span class=\"after-quote\">\u00a0&#8211; dodalo ministerstvo.<\/span><\/em><\/p>\n<p><span>Jak uvedlo ministerstvo obrany, realizac\u00ed pl\u00e1novan\u00fdch opat\u0159en\u00ed k p\u0159ezbrojen\u00ed strategick\u00fdch raketov\u00fdch sil se zv\u00fd\u0161\u00ed pod\u00edl modern\u00edch strategick\u00fdch raketov\u00fdch syst\u00e9m\u016f a zv\u00fd\u0161\u00ed se schopnost plnit zadan\u00e9 \u00fakoly.<\/span><\/p>\n<p><img decoding=\"async\" loading=\"lazy\" class=\"alignnone size-full wp-image-1185\" src=\"http:\/\/www.infokuryr.cz\/n\/wp-content\/uploads\/2021\/04\/kuryr-podpis.png\" alt=\"\" width=\"84\" height=\"24\" \/><\/p>\n<p>&nbsp;<\/p>\n","protected":false},"excerpt":{"rendered":"<p>Dal\u0161\u00ed mezikontinent\u00e1ln\u00ed balistick\u00e1 st\u0159ela Yars byla nalo\u017eena do odpalovac\u00edho za\u0159\u00edzen\u00ed sil v raketov\u00e9 formaci Kozelsky&#8230;<\/p>\n","protected":false},"author":2,"featured_media":65730,"comment_status":"closed","ping_status":"closed","sticky":false,"template":"","format":"standard","meta":[],"categories":[7],"tags":[2487,8173,3769,22],"_links":{"self":[{"href":"https:\/\/www.infokuryr.cz\/n\/wp-json\/wp\/v2\/posts\/65729"}],"collection":[{"href":"https:\/\/www.infokuryr.cz\/n\/wp-json\/wp\/v2\/posts"}],"about":[{"href":"https:\/\/www.infokuryr.cz\/n\/wp-json\/wp\/v2\/types\/post"}],"author":[{"embeddable":true,"href":"https:\/\/www.infokuryr.cz\/n\/wp-json\/wp\/v2\/users\/2"}],"replies":[{"embeddable":true,"href":"https:\/\/www.infokuryr.cz\/n\/wp-json\/wp\/v2\/comments?post=65729"}],"version-history":[{"count":0,"href":"https:\/\/www.infokuryr.cz\/n\/wp-json\/wp\/v2\/posts\/65729\/revisions"}],"wp:featuredmedia":[{"embeddable":true,"href":"https:\/\/www.infokuryr.cz\/n\/wp-json\/wp\/v2\/media\/65730"}],"wp:attachment":[{"href":"https:\/\/www.infokuryr.cz\/n\/wp-json\/wp\/v2\/media?parent=65729"}],"wp:term":[{"taxonomy":"category","embeddable":true,"href":"https:\/\/www.infokuryr.cz\/n\/wp-json\/wp\/v2\/categories?post=65729"},{"taxonomy":"post_tag","embeddable":true,"href":"https:\/\/www.infokuryr.cz\/n\/wp-json\/wp\/v2\/tags?post=65729"}],"curies":[{"name":"wp","href":"https:\/\/api.w.org\/{rel}","templated":true}]}}