{"id":65724,"date":"2024-11-07T06:19:24","date_gmt":"2024-11-07T05:19:24","guid":{"rendered":"https:\/\/www.infokuryr.cz\/n\/?p=65724"},"modified":"2024-11-07T06:19:24","modified_gmt":"2024-11-07T05:19:24","slug":"pavel-sik-pokud-by-vyhrala-kamala","status":"publish","type":"post","link":"https:\/\/www.infokuryr.cz\/n\/2024\/11\/07\/pavel-sik-pokud-by-vyhrala-kamala\/","title":{"rendered":"Pavel \u0160ik: Pokud by vyhr\u00e1la Kamala\u2026"},"content":{"rendered":"<div id=\"fb-root\"><\/div>\n<p>Jedna ned\u016fle\u017eit\u00e1 pozn\u00e1mka od srdce..<\/p>\n<p>.. Pokud by vyhr\u00e1la Kamala ..<\/p>\n<p>.. m\u011bl jsem v\u00a0pl\u00e1nu uzav\u0159\u00edt tady m\u016fj profil a\u00a0v\u011bnovat se u\u017e jenom byznysu. P\u0159estal bych v\u011b\u0159it na demokracii. Pokud by vyhr\u00e1la po\u00a0tom v\u0161em, \u010deho jsme byli posledn\u00ed roky sv\u011bdky a\u00a0co p\u0159edvedla dosluhuj\u00edc\u00ed americk\u00e1 administrativa, byl by to pro m\u011b symbol toho, \u017ee existuj\u00ed lid\u00e9, kte\u0159\u00ed s\u00a0podporou propagandy m\u00e9di\u00ed mohou d\u011blat co cht\u011bj\u00ed a\u00a0v\u011bt\u0161in\u011b je to jedno.<\/p>\n<p>O\u010dividn\u011b tedy nen\u00ed i\u00a0kdy\u017e v\u00edm, \u017ee to byly p\u0159edev\u0161\u00edm ekonomick\u00e9 probl\u00e9my oby\u010dejn\u00fdch Ameri\u010dan\u016f, kter\u00e9 DJT umetly cestu op\u011bt a\u017e na vrchol. A\u00a0i\u00a0kdy\u017e si ned\u011bl\u00e1m iluze, \u017ee by ho do prezidentsk\u00e9ho k\u0159esla vyneslo omezov\u00e1n\u00ed svobody projevu, cenzura nebo pokryteck\u00e1 politika jeho odp\u016frc\u016f, p\u016fsob\u00ed jeho v\u00edt\u011bzstv\u00ed na m\u011b povzbudiv\u011b a\u00a0chci v\u011b\u0159it tomu, \u017ee to byly pr\u00e1v\u011b tyhle skute\u010dnosti, kv\u016fli kter\u00fdm s\u00a0jeho t\u00fdmem vyhr\u00e1l.<\/p>\n<p>Mus\u00edm se p\u0159iznat, \u017ee jsem tomu po\u00a0posledn\u00edch volb\u00e1ch a\u017e do posledn\u00ed chv\u00edle nev\u011b\u0159il a\u00a0v\u00a0ka\u017ed\u00e9 voln\u00e9 chv\u00edli je\u0161t\u011b po\u0159\u00e1d kouk\u00e1m na str\u00e1nku volebn\u00edch v\u00fdsledk\u016f New York Times a\u00a0ov\u011b\u0159uju si, \u017ee je to pravda.<\/p>\n<p>A stejn\u011b, jako jsem tomu do posledn\u00ed chv\u00edle nev\u011b\u0159il, c\u00edt\u00edm i\u00a0nad\u00e1le, \u017ee nen\u00ed konec. Nen\u00ed konec dokud DJT neslo\u017e\u00ed p\u0159\u00edsahu a\u00a0nebude konec ani potom, proto\u017ee nepodce\u0148uju lidi, kte\u0159\u00ed ho necht\u011bj\u00ed a\u00a0kter\u00fdm on, pokud bude d\u011blat to, co sl\u00edbil, bude st\u00e1t v\u00a0cest\u011b. Tihle lid\u00e9 byli schopni tla\u010dit do kandid\u00e1tsk\u00e9 pozice seniln\u00edho starce, i\u00a0kdy\u017e bylo jasn\u00e9, \u017ee toho nen\u00ed schopen. Byli schopni ho stejn\u011b chladnokrevn\u011b b\u011bhem chv\u00edle odst\u0159elit a\u00a0dosadit do \u010dela nezvolenou \u017eenskou, kterou cht\u011bli p\u00e1r m\u011bs\u00edc\u016f p\u0159edt\u00edm odstranit a\u00a0pova\u017eovali ji za neschopnou. Byli schopni j\u00ed p\u0159es noc ozna\u010dit \u201cpolitick\u00fdm talentem\u201d, jak\u00fd se rod\u00ed jednou za sto let a\u00a0vytvo\u0159it z\u00a0n\u00ed rockovou hv\u011bzdu.<\/p>\n<p>Byli schopni v\u0161echny, kte\u0159\u00ed s\u00a0nimi nesouhlasili ozna\u010dit za dezinform\u00e1tory a\u00a0pokou\u0161eli se zav\u00e1d\u011bt cenzuru. Byly schopni ohnout demokracii a\u00a0br\u00e1t lidem jejich hlas, omezovat svobodu projevu. Byli schopni nejen DJT soudn\u011b st\u00edhat v\u00a0p\u0159\u00edpadech, kter\u00e9 byly zcela absurdn\u00ed a\u00a0to jen proto, \u017ee m\u011bli tu moc. Byli schopni s\u00a0kryt\u00edm m\u00e9di\u00ed budovat obraz nep\u0159\u00edtele a\u00a0prosadit l\u017ei tak d\u016fkladn\u011b, \u017ee dodnes si velk\u00e1 \u010d\u00e1st lid\u00ed mysl\u00ed, \u017ee jsou pravdou. Tyhle lidi nelze podce\u0148ovat, proto\u017ee oni jin\u00fd obraz sv\u011bta, ne\u017e ten jejich, neum\u00ed akceptovat a\u00a0pou\u017e\u00edvaj\u00ed \u010dasto neregul\u00e9rn\u00ed \u00fadery.<\/p>\n<p>Je ale opravdu satisfakc\u00ed, \u017ee klasick\u00e1 m\u00e9dia jako jejich hl\u00e1sn\u00e1 trouba vych\u00e1z\u00ed z t\u00e9to bitvy jako nejv\u011bt\u0161\u00ed pora\u017een\u00fd a hlasy jednotlivc\u016f na spole\u010dn\u00fdch s\u00edt\u00edch se staly d\u016fle\u017eit\u011bj\u0161\u00ed ne\u017e zaveden\u00e9 instituce klasick\u00fdch m\u00e9dii. I kdy\u017e jsem si v\u011bdom rizik, kter\u00e9 to pro spole\u010dnost m\u016f\u017ee p\u0159in\u00e9st, tak n\u011bjak uvnit\u0159 c\u00edt\u00edm, \u017ee je to vlastn\u011b ta prav\u00e1 ryz\u00ed demokracie nehled\u011b na to, kam lidstvo posune.<\/p>\n<p>P\u0159izn\u00e1v\u00e1m, \u017ee na \u00e9ru Joea budeme s\u00a0nostalgi\u00ed vzpom\u00ednat jako na jednu z\u00a0nejz\u00e1bavn\u011bj\u0161\u00edch a\u00a0p\u0159ijdeme s\u00a0Trumpem o\u00a0kopec srandy, ale jsem fakt r\u00e1d, \u017ee (doufejme u\u017e v\u00a0lednu) kone\u010dn\u011b skon\u010d\u00ed.<\/p>\n<p><a href=\"https:\/\/www.novarepublika.cz\/2024\/11\/pokud-by-vyhrala-kamala\">Pavel \u0160ik<\/a><\/p>\n<p><img decoding=\"async\" loading=\"lazy\" class=\"alignnone size-full wp-image-58655\" src=\"http:\/\/www.infokuryr.cz\/n\/wp-content\/uploads\/2024\/07\/pavel-sik.jpg\" alt=\"\" width=\"196\" height=\"188\" \/><\/p>\n","protected":false},"excerpt":{"rendered":"<p>Jedna ned\u016fle\u017eit\u00e1 pozn\u00e1mka od srdce.. .. Pokud by vyhr\u00e1la Kamala .. .. m\u011bl jsem v\u00a0pl\u00e1nu&#8230;<\/p>\n","protected":false},"author":2,"featured_media":63694,"comment_status":"closed","ping_status":"closed","sticky":false,"template":"","format":"standard","meta":[],"categories":[6],"tags":[4122,1503,37,27],"_links":{"self":[{"href":"https:\/\/www.infokuryr.cz\/n\/wp-json\/wp\/v2\/posts\/65724"}],"collection":[{"href":"https:\/\/www.infokuryr.cz\/n\/wp-json\/wp\/v2\/posts"}],"about":[{"href":"https:\/\/www.infokuryr.cz\/n\/wp-json\/wp\/v2\/types\/post"}],"author":[{"embeddable":true,"href":"https:\/\/www.infokuryr.cz\/n\/wp-json\/wp\/v2\/users\/2"}],"replies":[{"embeddable":true,"href":"https:\/\/www.infokuryr.cz\/n\/wp-json\/wp\/v2\/comments?post=65724"}],"version-history":[{"count":0,"href":"https:\/\/www.infokuryr.cz\/n\/wp-json\/wp\/v2\/posts\/65724\/revisions"}],"wp:featuredmedia":[{"embeddable":true,"href":"https:\/\/www.infokuryr.cz\/n\/wp-json\/wp\/v2\/media\/63694"}],"wp:attachment":[{"href":"https:\/\/www.infokuryr.cz\/n\/wp-json\/wp\/v2\/media?parent=65724"}],"wp:term":[{"taxonomy":"category","embeddable":true,"href":"https:\/\/www.infokuryr.cz\/n\/wp-json\/wp\/v2\/categories?post=65724"},{"taxonomy":"post_tag","embeddable":true,"href":"https:\/\/www.infokuryr.cz\/n\/wp-json\/wp\/v2\/tags?post=65724"}],"curies":[{"name":"wp","href":"https:\/\/api.w.org\/{rel}","templated":true}]}}