{"id":65691,"date":"2024-11-07T00:36:55","date_gmt":"2024-11-06T23:36:55","guid":{"rendered":"https:\/\/www.infokuryr.cz\/n\/?p=65691"},"modified":"2024-11-06T16:01:19","modified_gmt":"2024-11-06T15:01:19","slug":"donald-trump-znovu-zvolen-prezidentem-usa-jake-sliby-nyni-splni-a-jeho-prvni-slova-po-volbach","status":"publish","type":"post","link":"https:\/\/www.infokuryr.cz\/n\/2024\/11\/07\/donald-trump-znovu-zvolen-prezidentem-usa-jake-sliby-nyni-splni-a-jeho-prvni-slova-po-volbach\/","title":{"rendered":"Donald Trump znovu zvolen prezidentem USA: Jak\u00e9 sliby nyn\u00ed spln\u00ed a jeho prvn\u00ed slova po volb\u00e1ch"},"content":{"rendered":"<div id=\"fb-root\"><\/div>\n<div class=\"elementor-element elementor-element-1fb4c2c elementor-widget elementor-widget-theme-post-content\" data-id=\"1fb4c2c\" data-element_type=\"widget\" data-widget_type=\"theme-post-content.default\">\n<div class=\"elementor-widget-container\">\n<p><span>V nep\u0159\u00edli\u0161 p\u0159ekvapiv\u00e9m v\u00fdsledku voleb byl Donald Trump podruh\u00e9 zvolen prezidentem Spojen\u00fdch st\u00e1t\u016f. Po intenzivn\u00ed volebn\u00ed kampani, kter\u00e1 zemi polarizovala, si Trump zajistil v\u011bt\u0161inu v rozhoduj\u00edc\u00edch swingov\u00fdch st\u00e1tech a porazil tak demokratick\u00e9ho kandid\u00e1ta. V\u00edt\u011bzstv\u00ed znamen\u00e1 n\u00e1vrat b\u00fdval\u00e9ho prezidenta do B\u00edl\u00e9ho domu a slibuje nov\u00fd politick\u00fd sm\u011br pro Spojen\u00e9 st\u00e1ty.<\/span><\/p>\n<p><span>B\u011bhem sv\u00e9 kampan\u011b u\u010dinil \u0159adu slib\u016f, kter\u00e9 by mohly ovlivnit jeho nadch\u00e1zej\u00edc\u00ed funk\u010dn\u00ed obdob\u00ed. Zde je p\u0159ehled jeho nejd\u016fle\u017eit\u011bj\u0161\u00edch ozn\u00e1men\u00ed:<\/span><\/p>\n<p><span style=\"font-size: 18pt;\"><strong>Ekonomika a dan\u011b:<\/strong><\/span><\/p>\n<ul class=\"wp-block-list\">\n<li><strong><span>Sn\u00ed\u017een\u00ed dan\u00ed:<\/span><\/strong><span>\u00a0Trump pl\u00e1nuje, \u017ee sn\u00ed\u017een\u00ed dan\u00ed z roku 2017 bude trval\u00e9 a sn\u00ed\u017e\u00ed sazbu dan\u011b z p\u0159\u00edjmu pr\u00e1vnick\u00fdch osob pro spole\u010dnosti, kter\u00e9 vyr\u00e1b\u011bj\u00ed v USA, na 15 %.<\/span><\/li>\n<li><strong><span>Odstra\u0148te dan\u011b z p\u0159es\u010das\u016f a spropitn\u00e9:<\/span><\/strong><span>\u00a0Sl\u00edbil, \u017ee odstran\u00ed dan\u011b z p\u0159es\u010das\u016f a spropitn\u00e9, aby poskytl \u00falevu pracovn\u00edk\u016fm.<\/span><\/li>\n<li><strong><span>Energetick\u00e1 politika:<\/span><\/strong><span>\u00a0Trump si klade za c\u00edl zv\u00fd\u0161it dom\u00e1c\u00ed produkci energie urychlen\u00edm povolen\u00ed k vrt\u00e1n\u00ed a omezen\u00edm p\u0159edpis\u016f.<\/span><\/li>\n<\/ul>\n<p><span style=\"font-size: 18pt;\"><strong>Obchod a tarify:<\/strong><\/span><\/p>\n<ul class=\"wp-block-list\">\n<li><strong><span>Zaveden\u00ed cel:<\/span><\/strong><span>\u00a0Pl\u00e1nuje zav\u00e9st univerz\u00e1ln\u00ed clo ve v\u00fd\u0161i alespo\u0148 10 % na ve\u0161ker\u00fd dovoz, aby povzbudil dom\u00e1c\u00ed produkci.<\/span><\/li>\n<li><strong><span>Znovu vyjednat obchodn\u00ed dohody:<\/span><\/strong><span>\u00a0Trump ozn\u00e1mil, \u017ee p\u0159ezkoum\u00e1 a znovu vyjedn\u00e1 st\u00e1vaj\u00edc\u00ed obchodn\u00ed dohody, aby dos\u00e1hl lep\u0161\u00edch podm\u00ednek pro USA.<\/span><\/li>\n<\/ul>\n<p><span style=\"font-size: 18pt;\"><strong>Imigrace a bezpe\u010dnost hranic:<\/strong><\/span><\/p>\n<ul class=\"wp-block-list\">\n<li><strong><span>Hromadn\u00e9 deportace:<\/span><\/strong><span>\u00a0Sl\u00edbil rozs\u00e1hl\u00e9 deportace neleg\u00e1ln\u00edch p\u0159ist\u011bhovalc\u016f a pos\u00edlen\u00ed bezpe\u010dnosti hranic.<\/span><\/li>\n<li><strong><span>Zru\u0161en\u00ed prvorozen\u00e9ho ob\u010danstv\u00ed:<\/span><\/strong><span>\u00a0Trump pl\u00e1nuje zru\u0161it automatick\u00e9 ob\u010danstv\u00ed pro d\u011bti neleg\u00e1ln\u00edch p\u0159ist\u011bhovalc\u016f narozen\u00e9 v USA.<\/span><\/li>\n<\/ul>\n<p><span style=\"font-size: 18pt;\"><strong>Zdravotnictv\u00ed a soci\u00e1ln\u00ed v\u011bci:<\/strong><\/span><\/p>\n<ul class=\"wp-block-list\">\n<li><strong><span>Zru\u0161it Obamacare:<\/span><\/strong><span>\u00a0Hodl\u00e1 zcela zru\u0161it z\u00e1kon o dostupn\u00e9 p\u00e9\u010di (Obamacare) a nahradit jej nov\u00fdm syst\u00e9mem.<\/span><\/li>\n<li><strong><span>Omezit soci\u00e1ln\u00ed d\u00e1vky pro imigranty:<\/span><\/strong><span>\u00a0Trump pl\u00e1nuje sn\u00ed\u017eit soci\u00e1ln\u00ed d\u00e1vky pro neleg\u00e1ln\u00ed p\u0159ist\u011bhovalce, aby sn\u00ed\u017eil vl\u00e1dn\u00ed v\u00fddaje.<\/span><\/li>\n<\/ul>\n<p><span style=\"font-size: 18pt;\"><strong>Zahrani\u010dn\u00ed politika a obrana:<\/strong><\/span><\/p>\n<ul class=\"wp-block-list\">\n<li><strong><span>Ukon\u010den\u00ed zahrani\u010dn\u00edch mis\u00ed:<\/span><\/strong><span>\u00a0Sl\u00edbil, \u017ee nezah\u00e1j\u00ed nov\u00e9 v\u00e1lky a ukon\u010d\u00ed st\u00e1vaj\u00edc\u00ed vojensk\u00e9 st\u0159etnut\u00ed.<\/span><\/li>\n<li><strong><span>Sn\u00ed\u017een\u00ed zahrani\u010dn\u00ed pomoci:<\/span><\/strong><span>\u00a0Trump pl\u00e1nuje sn\u00ed\u017eit finan\u010dn\u00ed podporu jin\u00fdm zem\u00edm a investovat tyto prost\u0159edky do dom\u00e1c\u00ed infrastruktury.<\/span><\/li>\n<\/ul>\n<p><span style=\"font-size: 18pt;\"><strong>Vzd\u011bl\u00e1n\u00ed a kultura:<\/strong><\/span><\/p>\n<ul class=\"wp-block-list\">\n<li><strong><span>Zru\u0161it ministerstvo \u0161kolstv\u00ed:<\/span><\/strong><span>\u00a0Ozn\u00e1mil, \u017ee rozpust\u00ed ministerstvo \u0161kolstv\u00ed USA a p\u0159evede odpov\u011bdnost na st\u00e1ty.<\/span><\/li>\n<li><strong><span>Propagace \u201em\u011bst svobody\u201c:<\/span><\/strong><span>\u00a0Trump pl\u00e1nuje vybudovat deset nov\u00fdch \u201em\u011bst svobody\u201c na podporu inovac\u00ed a hospod\u00e1\u0159sk\u00e9ho r\u016fstu.<\/span><\/li>\n<\/ul>\n<p><span>Trump ve sv\u00e9m prvn\u00edm projevu po ozn\u00e1men\u00ed sv\u00e9ho volebn\u00edho v\u00edt\u011bzstv\u00ed promluvil ke sv\u00fdm p\u0159\u00edznivc\u016fm a ozn\u00e1mil velk\u00e9 zm\u011bny. &#8220;\u00a0<\/span><em><span>N\u00e1\u0161 kurz se oto\u010d\u00ed o 180 stup\u0148\u016f. &#8220;\u00a0Ud\u011bl\u00e1me to v\u0161ude, ve v\u0161ech oblastech a nastane \u010das, kdy Ameri\u010dan\u00e9 p\u0159evezmou zp\u011bt kontrolu nad svou zem\u00ed,<\/span><\/em><span>\u00a0\u201c prohl\u00e1sil za bou\u0159liv\u00e9ho potlesku. Prezident tak\u00e9 sl\u00edbil, \u017ee nepovede USA do nov\u00fdch konflikt\u016f, ale sp\u00ed\u0161e ukon\u010d\u00ed st\u00e1vaj\u00edc\u00ed v\u00e1lky a do pop\u0159ed\u00ed sv\u00e9ho druh\u00e9ho funk\u010dn\u00edho obdob\u00ed tak postav\u00ed m\u00edr.<\/span><\/p>\n<p><span>T\u011bmito slovy Trump stanovuje jasn\u00e9 priority a zd\u016fraz\u0148uje, \u017ee chce vr\u00e1tit moc zp\u011bt do rukou ob\u010dan\u016f \u2013 co\u017e je poselstv\u00ed, kter\u00e9 inspirovalo jeho p\u0159\u00edznivce b\u011bhem jeho prvn\u00edho funk\u010dn\u00edho obdob\u00ed.<\/span><\/p>\n<p><span>Video s n\u011bmeck\u00fdm zvukem\u00a0<\/span><a href=\"https:\/\/www.bitchute.com\/video\/gjd0Nn8MYKCr\" target=\"_blank\" rel=\"noreferrer noopener\" data-type=\"link\" data-id=\"https:\/\/www.bitchute.com\/video\/gjd0Nn8MYKCr\"><span>zde<\/span><\/a><span>\u00a0:<\/span><\/p>\n<p><iframe loading=\"lazy\" src=\"https:\/\/www.bitchute.com\/embed\/gjd0Nn8MYKCr\" width=\"640\" height=\"360\" frameborder=\"0\" scrolling=\"no\" allowfullscreen=\"allowfullscreen\" data-mce-fragment=\"1\"><\/iframe><\/div>\n<\/div>\n<div class=\"elementor-element elementor-element-46a8472 elementor-grid-3 elementor-grid-tablet-2 elementor-grid-mobile-1 elementor-posts--thumbnail-top elementor-widget elementor-widget-posts\" data-id=\"46a8472\" data-element_type=\"widget\" data-settings=\"{&quot;classic_row_gap&quot;:{&quot;unit&quot;:&quot;px&quot;,&quot;size&quot;:25,&quot;sizes&quot;:[]},&quot;classic_columns&quot;:&quot;3&quot;,&quot;classic_columns_tablet&quot;:&quot;2&quot;,&quot;classic_columns_mobile&quot;:&quot;1&quot;,&quot;classic_row_gap_tablet&quot;:{&quot;unit&quot;:&quot;px&quot;,&quot;size&quot;:&quot;&quot;,&quot;sizes&quot;:[]},&quot;classic_row_gap_mobile&quot;:{&quot;unit&quot;:&quot;px&quot;,&quot;size&quot;:&quot;&quot;,&quot;sizes&quot;:[]}}\" data-widget_type=\"posts.classic\">\n<div class=\"elementor-widget-container\">\n<div class=\"elementor-posts-container elementor-posts elementor-posts--skin-classic elementor-grid elementor-has-item-ratio\">\n<p><img decoding=\"async\" loading=\"lazy\" class=\"alignnone size-full wp-image-1185\" src=\"http:\/\/www.infokuryr.cz\/n\/wp-content\/uploads\/2021\/04\/kuryr-podpis.png\" alt=\"\" width=\"84\" height=\"24\" \/><\/p>\n<\/div>\n<\/div>\n<\/div>\n","protected":false},"excerpt":{"rendered":"<p>V nep\u0159\u00edli\u0161 p\u0159ekvapiv\u00e9m v\u00fdsledku voleb byl Donald Trump podruh\u00e9 zvolen prezidentem Spojen\u00fdch st\u00e1t\u016f. Po intenzivn\u00ed&#8230;<\/p>\n","protected":false},"author":2,"featured_media":65692,"comment_status":"closed","ping_status":"closed","sticky":false,"template":"","format":"standard","meta":[],"categories":[7],"tags":[165,1031,452,37],"_links":{"self":[{"href":"https:\/\/www.infokuryr.cz\/n\/wp-json\/wp\/v2\/posts\/65691"}],"collection":[{"href":"https:\/\/www.infokuryr.cz\/n\/wp-json\/wp\/v2\/posts"}],"about":[{"href":"https:\/\/www.infokuryr.cz\/n\/wp-json\/wp\/v2\/types\/post"}],"author":[{"embeddable":true,"href":"https:\/\/www.infokuryr.cz\/n\/wp-json\/wp\/v2\/users\/2"}],"replies":[{"embeddable":true,"href":"https:\/\/www.infokuryr.cz\/n\/wp-json\/wp\/v2\/comments?post=65691"}],"version-history":[{"count":0,"href":"https:\/\/www.infokuryr.cz\/n\/wp-json\/wp\/v2\/posts\/65691\/revisions"}],"wp:featuredmedia":[{"embeddable":true,"href":"https:\/\/www.infokuryr.cz\/n\/wp-json\/wp\/v2\/media\/65692"}],"wp:attachment":[{"href":"https:\/\/www.infokuryr.cz\/n\/wp-json\/wp\/v2\/media?parent=65691"}],"wp:term":[{"taxonomy":"category","embeddable":true,"href":"https:\/\/www.infokuryr.cz\/n\/wp-json\/wp\/v2\/categories?post=65691"},{"taxonomy":"post_tag","embeddable":true,"href":"https:\/\/www.infokuryr.cz\/n\/wp-json\/wp\/v2\/tags?post=65691"}],"curies":[{"name":"wp","href":"https:\/\/api.w.org\/{rel}","templated":true}]}}