{"id":65684,"date":"2024-11-07T00:32:48","date_gmt":"2024-11-06T23:32:48","guid":{"rendered":"https:\/\/www.infokuryr.cz\/n\/?p=65684"},"modified":"2024-11-06T19:11:20","modified_gmt":"2024-11-06T18:11:20","slug":"odhaduje-se-ze-vakciny-proti-covid-19-zabily-vice-lidi-nez-121-atomovych-bomb-svrzenych-na-hirosimu","status":"publish","type":"post","link":"https:\/\/www.infokuryr.cz\/n\/2024\/11\/07\/odhaduje-se-ze-vakciny-proti-covid-19-zabily-vice-lidi-nez-121-atomovych-bomb-svrzenych-na-hirosimu\/","title":{"rendered":"Odhaduje se, \u017ee vakc\u00edny proti COVID-19 zabily v\u00edce lid\u00ed ne\u017e 121 atomov\u00fdch bomb svr\u017een\u00fdch na Hiro\u0161imu"},"content":{"rendered":"<div id=\"fb-root\"><\/div>\n<div class=\"elementor-element elementor-element-1fb4c2c elementor-widget elementor-widget-theme-post-content\" data-id=\"1fb4c2c\" data-element_type=\"widget\" data-widget_type=\"theme-post-content.default\">\n<div class=\"elementor-widget-container\">\n<p><strong>Vakc\u00edny na COVID-19 mus\u00ed FDA okam\u017eit\u011b st\u00e1hnout z d\u016fvodu ochrany ve\u0159ejn\u00e9 bezpe\u010dnosti.<\/strong><\/p>\n<p>Od celosv\u011btov\u00e9ho zaveden\u00ed injekc\u00ed COVID-19 na konci roku 2020 se objevily rozs\u00e1hl\u00e9 \u00fadaje, kter\u00e9 je spojuj\u00ed s katastrof\u00e1ln\u00edm po\u010dtem \u00famrt\u00ed.<\/p>\n<p>N\u00ed\u017ee je uveden seznam n\u011bkter\u00fdch dosud nejsiln\u011bj\u0161\u00edch d\u016fkaz\u016f:<\/p>\n<ul class=\"wp-block-list\">\n<li><strong><a href=\"https:\/\/correlation-canada.org\/covid-19-vaccine-associated-mortality-in-the-southern-hemisphere\/\" target=\"_blank\" rel=\"noreferrer noopener\">Rancourt et al<\/a>\u00a0:\u00a0<\/strong>\u00a0Odhaduje se, \u017ee\u00a0do z\u00e1\u0159\u00ed 2023 celosv\u011btov\u011b zem\u0159elo na vakc\u00ednu COVID-19<strong>\u00a0\u00a017 milion\u016f .<\/strong><\/li>\n<li><strong><a href=\"https:\/\/bmjpublichealth.bmj.com\/content\/2\/1\/e000282\" target=\"_blank\" rel=\"noreferrer noopener\">Mostert et al<\/a>\u00a0:<\/strong>\u00a0\u00a0Odhaduje se, \u017ee\u00a0<strong>\u00a0v letech 2020 a\u017e 2022 bylo ve 47 z\u00e1padn\u00edch zem\u00edch pravd\u011bpodobn\u011b 3,1 milionu<\/strong>\u00a0\u00a0nadm\u011brn\u00fdch \u00famrt\u00ed, kter\u00e9 lze p\u0159ipsat pozastaven\u00ed o\u010dkov\u00e1n\u00ed\/o\u010dkov\u00e1n\u00ed proti COVID-19.<\/li>\n<li><strong><a href=\"https:\/\/www.openvaers.com\/covid-data\" target=\"_blank\" rel=\"noreferrer noopener\">Syst\u00e9m hl\u00e1\u0161en\u00ed ne\u017e\u00e1douc\u00edch p\u0159\u00edhod na vakc\u00edn\u011b (VAERS)<\/a><\/strong>\u00a0:\u00a0<strong>\u00a037 966<\/strong>\u00a0\u00a0hl\u00e1\u0161en\u00fdch \u00famrt\u00ed na vakc\u00ednu COVID-19 \u2013\u00a0<a href=\"https:\/\/publichealthpolicyjournal.com\/critical-appraisal-of-vaers-pharmacovigilance-is-the-u-s-vaccine-adverse-events-reporting-system-vaers-a-functioning-pharmacovigilance-system\/\" target=\"_blank\" rel=\"noreferrer noopener\">\u00a0faktor ni\u017e\u0161\u00ed ne\u017e 31<\/a>\u00a0\u00a0m\u00e1 za n\u00e1sledek\u00a0<strong>\u00a01 176 946\u00a0<\/strong>\u00a0\u00famrt\u00ed na vakc\u00ednu COVID-19 v zem\u00edch pou\u017e\u00edvaj\u00edc\u00edch VAERS.<\/li>\n<li><strong><a href=\"https:\/\/publichealthpolicyjournal.com\/covid-19-illness-and-vaccination-experiences-in-social-circles-affect-covid-19-vaccination-decisions\/\" target=\"_blank\" rel=\"noreferrer noopener\">Skidmore<\/a>\u00a0:<\/strong>\u00a0\u00a0Odhaduje se, \u017ee\u00a0\u00a0do prosince 2021 mohlo na vakc\u00ednu proti COVID-19 zem\u0159\u00edt<strong>\u00a0278 000 Ameri\u010dan\u016f.<\/strong><\/li>\n<li><strong><a href=\"https:\/\/www.researchgate.net\/publication\/355581860_COVID_vaccination_and_age-stratified_all-cause_mortality_risk\" target=\"_blank\" rel=\"noreferrer noopener\">Pantazatos a Seligmann<\/a><\/strong>\u00a0: odhaduje se, \u017ee\u00a0do srpna 2021 bude ve Spojen\u00fdch st\u00e1tech<strong>\u00a0146 000 a\u017e 187 000\u00a0<\/strong>\u00a0mo\u017en\u00fdch<strong>\u00a0<\/strong><\/li>\n<li><strong><a href=\"https:\/\/www.opastpublishers.com\/open-access-articles\/excess-cardiopulmonary-arrest-and-mortality-after-covid19-vaccination-in-king-county-washington.pdf\" target=\"_blank\" rel=\"noreferrer noopener\">Hulscher et al<\/a>\u00a0\u00a0(I):<\/strong>\u00a0\u00a0odhaduje\u00a0<strong>\u00a049 240 nadm\u011brn\u00fdch \u00famrt\u00ed na srde\u010dn\u00ed z\u00e1stavu<\/strong>\u00a0\u00a0, pravd\u011bpodobn\u011b v d\u016fsledku o\u010dkov\u00e1n\u00ed proti COVID-19 v USA v letech 2021\u20132023.<\/li>\n<li><strong><a href=\"https:\/\/archive.is\/SZ9Qa\" target=\"_blank\" rel=\"noreferrer noopener\">Hulscher et al<\/a>\u00a0\u00a0(II)<\/strong>\u00a0: zjistili vysokou pravd\u011bpodobnost kauz\u00e1ln\u00edho\u00a0<strong>\u00a0vztahu\u00a0<\/strong>\u00a0<strong>mezi vakc\u00ednami COVID-19 a \u00famrt\u00edm z anal\u00fdzy 325 pitev<\/strong>\u00a0.<\/li>\n<li><strong><a href=\"https:\/\/www.apjhs.com\/index.php\/apjhs\/article\/view\/3017\/1610\" target=\"_blank\" rel=\"noreferrer noopener\">Aarstad a Kvitastein<\/a>\u00a0:\u00a0<\/strong>\u00a0zjistili, \u017ee vy\u0161\u0161\u00ed p\u0159\u00edjem vakc\u00edny COVID-19 byl spojen se\u00a0<strong>\u00a0zv\u00fd\u0161enou \u00famrtnost\u00ed ze v\u0161ech p\u0159\u00ed\u010din<\/strong>\u00a0.<\/li>\n<li><strong><a href=\"https:\/\/www.mdpi.com\/2076-2607\/12\/7\/1343\" target=\"_blank\" rel=\"noreferrer noopener\">Alessandria et al<\/a><\/strong>\u00a0: zjistili, \u017ee celkov\u00e9 riziko \u00famrtnosti bylo vy\u0161\u0161\u00ed u osob o\u010dkovan\u00fdch jednou a dv\u011bma d\u00e1vkami vakc\u00edny COVID-19 ne\u017e u neo\u010dkovan\u00fdch. Subjekty o\u010dkovan\u00e9 dv\u011bma d\u00e1vkami ztratily b\u011bhem sledov\u00e1n\u00ed 37 % sv\u00e9 o\u010dek\u00e1van\u00e9 d\u00e9lky \u017eivota ve srovn\u00e1n\u00ed s neo\u010dkovan\u00fdmi subjekty.<\/li>\n<\/ul>\n<p>Bez ohledu na pou\u017eitou metodologii existuje v\u00edce ne\u017e dost podez\u0159el\u00fdch \u00famrt\u00ed p\u0159ipisovan\u00fdch experiment\u00e1ln\u00edm injekc\u00edm COVID-19. Pro srovn\u00e1n\u00ed: v roce 1945 bylo p\u0159i atomov\u00e9 bomb\u011b na Hiro\u0161imu zabito kolem 140\u00a0\u00a0<strong><a href=\"https:\/\/www.city.hiroshima.lg.jp\/site\/english\/9803.html\" target=\"_blank\" rel=\"noreferrer noopener\">000<\/a><\/strong><strong>\u00a0lid\u00ed\u00a0\u00a0. Injek\u010dn\u00ed kampa\u0148 COVID-19 proto mohla zab\u00edt ekvivalent nejm\u00e9n\u011b 121 jadern\u00fdch \u00fatok\u016f v Hiro\u0161im\u011b.<\/strong><\/p>\n<p>Uzn\u00e1n\u00ed &#8222;vakc\u00edny&#8220; COVID-19 ze strany feder\u00e1ln\u00edch \u00fa\u0159ad\u016f za nebezpe\u010dnou by se mohlo podobat kone\u010dn\u00e9mu odhalen\u00ed zdravotn\u00edch rizik kou\u0159en\u00ed v roce 1964, po letech tvrzen\u00ed, \u017ee cigarety jsou bezpe\u010dn\u00e9.<\/p>\n<div class=\"wp-block-image\">\n<figure class=\"aligncenter size-large\"><img decoding=\"async\" loading=\"lazy\" class=\"aligncenter\" src=\"https:\/\/i0.wp.com\/vigilantnews.com\/wp-content\/uploads\/2024\/11\/image-23-1024x565.png?resize=800%2C441&amp;ssl=1\" alt=\"\" width=\"793\" height=\"437\" data-recalc-dims=\"1\" \/><\/figure>\n<\/div>\n<p>U 462 l\u00e9k\u016f sta\u017een\u00fdch z trhu v letech 1953 a\u017e 2013 byla st\u0159edn\u00ed doba mezi prvn\u00edm hl\u00e1\u0161en\u00fdm ne\u017e\u00e1douc\u00edm \u00fa\u010dinkem a rokem sta\u017een\u00ed \u0161est let. Bohu\u017eel se toto \u010dasov\u00e9 obdob\u00ed za posledn\u00edch 60 let nep\u0159etr\u017eit\u011b nezkracovalo. Od roku 1950 bylo kv\u016fli fat\u00e1ln\u00edm vedlej\u0161\u00edm \u00fa\u010dink\u016fm sta\u017eeno z trhu 95 l\u00e9k\u016f. V 83 % t\u011bchto sta\u017een\u00ed byla rozhodnut\u00ed zalo\u017eena na d\u016fkazech z p\u0159\u00edpadov\u00fdch zpr\u00e1v. Ve v\u011bt\u0161in\u011b p\u0159\u00edpad\u016f uplynulo v\u00edce ne\u017e jeden a\u017e dva roky od prvn\u00edch zpr\u00e1v o \u00famrt\u00ed, ne\u017e do\u0161lo k retrakce. To znamen\u00e1, \u017ee sta\u017een\u00ed vakc\u00edn proti COVID-19 je d\u00e1vno opo\u017ed\u011bn\u00e9.<\/p>\n<p>Pokra\u010duj\u00edc\u00ed propagace t\u011bchto potenci\u00e1ln\u011b nebezpe\u010dn\u00fdch zdravotnick\u00fdch produkt\u016f (injekce COVID-19) v\u0161em v\u011bkov\u00fdm skupin\u00e1m zjevn\u011b poru\u0161uje z\u00e1sadu p\u0159edb\u011b\u017en\u00e9 opatrnosti.<\/p>\n<p><em>&#8222;Pokud \u010dinnost p\u0159edstavuje riziko po\u0161kozen\u00ed lidsk\u00e9ho zdrav\u00ed nebo \u017eivotn\u00edho prost\u0159ed\u00ed, m\u011bla by b\u00fdt p\u0159ijata preventivn\u00ed opat\u0159en\u00ed, a to i v p\u0159\u00edpad\u011b, \u017ee n\u011bkter\u00e9 vztahy p\u0159\u00ed\u010diny a n\u00e1sledku nebyly dosud pln\u011b v\u011bdecky prok\u00e1z\u00e1ny.&#8220;<\/em><\/p>\n<p>US Food and Drug Administration (FDA) definuje t\u0159\u00eddu I jako:<\/p>\n<p><em>&#8222;Situace, ve kter\u00e9 existuje rozumn\u00e1 pravd\u011bpodobnost, \u017ee pou\u017eit\u00ed nebo vystaven\u00ed nebezpe\u010dn\u00e9mu produktu bude m\u00edt za n\u00e1sledek v\u00e1\u017en\u00e9 zdravotn\u00ed n\u00e1sledky nebo smrt.&#8220;<\/em><\/p>\n<p>V souladu s t\u00edm mus\u00ed b\u00fdt injek\u010dn\u00ed p\u0159\u00edpravky COVID-19 okam\u017eit\u011b sta\u017eeny FDA, aby byla zaji\u0161t\u011bna bezpe\u010dnost ve\u0159ejnosti. To by m\u011blo b\u00fdt hlavn\u00ed prioritou p\u0159\u00ed\u0161t\u00ed prezidentsk\u00e9 administrativy, proto\u017ee injekce COVID-19 nad\u00e1le p\u0159edstavuj\u00ed bezprost\u0159edn\u00ed hrozbu pro celou populaci USA ve v\u011bku 6 m\u011bs\u00edc\u016f a star\u0161\u00ed.<\/p>\n<p><strong><em>Nicolas Hulscher, MPH<\/em><\/strong><br \/>\n<em>epidemiolog a spr\u00e1vce nadace, McCullough Foundation<\/em><\/p>\n<\/div>\n<\/div>\n<div class=\"elementor-element elementor-element-8c57238 quelle dc-has-condition dc-condition-empty elementor-widget elementor-widget-heading\" data-id=\"8c57238\" data-element_type=\"widget\" data-widget_type=\"heading.default\">\n<div class=\"elementor-widget-container\">\n<h3 class=\"elementor-heading-title elementor-size-default\"><span style=\"font-size: 10pt;\"><a href=\"https:\/\/vigilantnews.com\/post\/covid-19-vaccines-estimated-to-have-killed-more-people-than-121-hiroshima-nuclear-bombings\/\" target=\"_blank\" rel=\"nofollow noopener\">Zdroj<\/a><\/span><\/h3>\n<p>&nbsp;<\/p>\n<\/div>\n<\/div>\n","protected":false},"excerpt":{"rendered":"<p>Vakc\u00edny na COVID-19 mus\u00ed FDA okam\u017eit\u011b st\u00e1hnout z d\u016fvodu ochrany ve\u0159ejn\u00e9 bezpe\u010dnosti. Od celosv\u011btov\u00e9ho zaveden\u00ed&#8230;<\/p>\n","protected":false},"author":2,"featured_media":65685,"comment_status":"closed","ping_status":"closed","sticky":false,"template":"","format":"standard","meta":[],"categories":[7],"tags":[23,523,651,21],"_links":{"self":[{"href":"https:\/\/www.infokuryr.cz\/n\/wp-json\/wp\/v2\/posts\/65684"}],"collection":[{"href":"https:\/\/www.infokuryr.cz\/n\/wp-json\/wp\/v2\/posts"}],"about":[{"href":"https:\/\/www.infokuryr.cz\/n\/wp-json\/wp\/v2\/types\/post"}],"author":[{"embeddable":true,"href":"https:\/\/www.infokuryr.cz\/n\/wp-json\/wp\/v2\/users\/2"}],"replies":[{"embeddable":true,"href":"https:\/\/www.infokuryr.cz\/n\/wp-json\/wp\/v2\/comments?post=65684"}],"version-history":[{"count":1,"href":"https:\/\/www.infokuryr.cz\/n\/wp-json\/wp\/v2\/posts\/65684\/revisions"}],"predecessor-version":[{"id":65686,"href":"https:\/\/www.infokuryr.cz\/n\/wp-json\/wp\/v2\/posts\/65684\/revisions\/65686"}],"wp:featuredmedia":[{"embeddable":true,"href":"https:\/\/www.infokuryr.cz\/n\/wp-json\/wp\/v2\/media\/65685"}],"wp:attachment":[{"href":"https:\/\/www.infokuryr.cz\/n\/wp-json\/wp\/v2\/media?parent=65684"}],"wp:term":[{"taxonomy":"category","embeddable":true,"href":"https:\/\/www.infokuryr.cz\/n\/wp-json\/wp\/v2\/categories?post=65684"},{"taxonomy":"post_tag","embeddable":true,"href":"https:\/\/www.infokuryr.cz\/n\/wp-json\/wp\/v2\/tags?post=65684"}],"curies":[{"name":"wp","href":"https:\/\/api.w.org\/{rel}","templated":true}]}}