{"id":65682,"date":"2024-11-07T00:32:30","date_gmt":"2024-11-06T23:32:30","guid":{"rendered":"https:\/\/www.infokuryr.cz\/n\/?p=65682"},"modified":"2024-11-06T15:37:56","modified_gmt":"2024-11-06T14:37:56","slug":"zeme-brics-predkladaji-spolecne-prohlaseni-a-v-jeho-obsahu-neni-co-oslavovat","status":"publish","type":"post","link":"https:\/\/www.infokuryr.cz\/n\/2024\/11\/07\/zeme-brics-predkladaji-spolecne-prohlaseni-a-v-jeho-obsahu-neni-co-oslavovat\/","title":{"rendered":"Zem\u011b BRICS p\u0159edkl\u00e1daj\u00ed spole\u010dn\u00e9 prohl\u00e1\u0161en\u00ed a v jeho obsahu nen\u00ed co oslavovat"},"content":{"rendered":"<div id=\"fb-root\"><\/div>\n<p><span style=\"font-size: 14pt;\"><strong>V Kazani ned\u00e1vno skon\u010dil summit BRICS. R\u016fzn\u00e1 nez\u00e1visl\u00e1 m\u00e9dia p\u00ed\u0161\u00ed, \u017ee BRICS zasadil globalist\u016fm dvojitou r\u00e1nu. To je skv\u011bl\u00e1 zpr\u00e1va. Ale vlastn\u011b ne.<\/strong><\/span><\/p>\n<p><span>Pod\u00edvejme se na prohl\u00e1\u0161en\u00ed u\u010din\u011bn\u00e9 v Kazani. P\u0159e\u010dt\u011bte si\u00a0<\/span><a href=\"http:\/\/static.kremlin.ru\/media\/events\/files\/en\/RosOySvLzGaJtmx2wYFv0lN4NSPZploG.pdf\" target=\"_blank\" rel=\"noreferrer noopener\"><span>toto prohl\u00e1\u0161en\u00ed<\/span><\/a><span>\u00a0a sd\u00edlejte jej se v\u0161emi sv\u00fdmi p\u0159\u00e1teli.<\/span><\/p>\n<p><span style=\"font-size: 18pt;\"><strong>N\u011bkter\u00e9 kl\u00ed\u010dov\u00e9 body z tohoto \u201ehistorick\u00e9ho\u201c dokumentu. BRICS podporuje \u201eglob\u00e1ln\u00ed vl\u00e1dnut\u00ed\u201c a \u201e\u00fast\u0159edn\u00ed roli OSN v mezin\u00e1rodn\u00edm syst\u00e9mu\u201c.<\/strong><\/span><\/p>\n<div class=\"wp-block-image\">\n<figure class=\"aligncenter size-large\"><img decoding=\"async\" class=\"aligncenter\" src=\"https:\/\/i0.wp.com\/www.ninefornews.nl\/wp-content\/uploads\/2024\/11\/1.png?w=800&amp;ssl=1\" alt=\"\" data-recalc-dims=\"1\" \/><\/figure>\n<\/div>\n<p><span style=\"font-size: 18pt;\"><strong>BRICS rovn\u011b\u017e podporuje vedouc\u00ed roli MMF ve finan\u010dn\u00edm sektoru.<\/strong><\/span><\/p>\n<div class=\"wp-block-image\">\n<figure class=\"aligncenter size-large\"><img decoding=\"async\" class=\"aligncenter\" src=\"https:\/\/i0.wp.com\/www.ninefornews.nl\/wp-content\/uploads\/2024\/11\/2.png?w=800&amp;ssl=1\" alt=\"\" data-recalc-dims=\"1\" \/><\/figure>\n<\/div>\n<p><strong><span style=\"font-size: 18pt;\">BRICS podporuje c\u00edle udr\u017eiteln\u00e9ho rozvoje (SDGs), kter\u00e9 jsou sou\u010d\u00e1st\u00ed Agendy 2030.<\/span><\/strong><\/p>\n<div class=\"wp-block-image\">\n<figure class=\"aligncenter size-large\"><img decoding=\"async\" class=\"aligncenter\" src=\"https:\/\/i0.wp.com\/www.ninefornews.nl\/wp-content\/uploads\/2024\/11\/3.png?w=800&amp;ssl=1\" alt=\"\" data-recalc-dims=\"1\" \/><\/figure>\n<\/div>\n<p><span style=\"font-size: 18pt;\"><strong>BRICS podporuje partnerstv\u00ed ve\u0159ejn\u00e9ho a soukrom\u00e9ho sektoru s c\u00edlem pomoci zem\u00edm dos\u00e1hnout c\u00edl\u016f udr\u017eiteln\u00e9ho rozvoje.<\/strong><\/span><\/p>\n<div class=\"wp-block-image\">\n<figure class=\"aligncenter size-large\"><img decoding=\"async\" class=\"aligncenter\" src=\"https:\/\/i0.wp.com\/www.ninefornews.nl\/wp-content\/uploads\/2024\/11\/4.png?w=800&amp;ssl=1\" alt=\"\" data-recalc-dims=\"1\" \/><\/figure>\n<\/div>\n<p><span style=\"font-size: 18pt;\"><strong>BRICS podporuje sni\u017eov\u00e1n\u00ed emis\u00ed sklen\u00edkov\u00fdch plyn\u016f v boji proti zm\u011bn\u011b klimatu.<\/strong><\/span><\/p>\n<div class=\"wp-block-image\">\n<figure class=\"aligncenter size-large\"><img decoding=\"async\" class=\"aligncenter\" src=\"https:\/\/i0.wp.com\/www.ninefornews.nl\/wp-content\/uploads\/2024\/11\/5.png?w=800&amp;ssl=1\" alt=\"\" data-recalc-dims=\"1\" \/><\/figure>\n<\/div>\n<p><span style=\"font-size: 18pt;\"><strong>BRICS podporuje WHO a jej\u00ed \u201e\u00fast\u0159edn\u00ed koordina\u010dn\u00ed roli\u201c v prevenci a p\u0159ipravenosti na pandemie.<\/strong><\/span><\/p>\n<div class=\"wp-block-image\">\n<figure class=\"aligncenter size-large\"><img decoding=\"async\" class=\"aligncenter\" src=\"https:\/\/i0.wp.com\/www.ninefornews.nl\/wp-content\/uploads\/2024\/11\/6.png?w=800&amp;ssl=1\" alt=\"\" data-recalc-dims=\"1\" \/><\/figure>\n<\/div>\n<p><span style=\"font-size: 18pt;\"><strong>BRICS podporuje v\u00fdvoj \u201ebezpe\u010dn\u00fdch a \u00fa\u010dinn\u00fdch\u201c vakc\u00edn.<\/strong><\/span><\/p>\n<div class=\"wp-block-image\">\n<figure class=\"aligncenter size-large\"><img decoding=\"async\" class=\"aligncenter\" src=\"https:\/\/i0.wp.com\/www.ninefornews.nl\/wp-content\/uploads\/2024\/11\/7.png?w=800&amp;ssl=1\" alt=\"\" data-recalc-dims=\"1\" \/><\/figure>\n<\/div>\n<p><span style=\"font-size: 18pt;\"><strong>BRICS podporuje \u201edigit\u00e1ln\u00ed transformaci\u201c prost\u0159ednictv\u00edm 5G a dal\u0161\u00edch \u201enov\u00fdch technologi\u00ed\u201c.<\/strong><\/span><\/p>\n<div class=\"wp-block-image\">\n<figure class=\"aligncenter size-large\"><img decoding=\"async\" class=\"aligncenter\" src=\"https:\/\/i0.wp.com\/www.ninefornews.nl\/wp-content\/uploads\/2024\/11\/8.png?w=800&amp;ssl=1\" alt=\"\" data-recalc-dims=\"1\" \/><\/figure>\n<\/div>\n<p><span>A tak d\u00e1le.<\/span><\/p>\n<p><span>Katyusha.org se bl\u00ed\u017ee pod\u00edval na takzvanou Kaza\u0148skou deklaraci a dosp\u011bl k z\u00e1v\u011bru, \u017ee je prakticky toto\u017en\u00e1 s \u201ePaktem pro budoucnost\u201c, kter\u00fd byl ned\u00e1vno p\u0159ijat v New Yorku. Oba jsou pln\u00e9 globalistick\u00e9ho newspeaku.<\/span><\/p>\n<p><span>Dev\u011bt zem\u00ed BRICS jsou Rusko, Braz\u00edlie, Indie, \u010c\u00edna, Ji\u017en\u00ed Afrika, Egypt, Etiopie, \u00cdr\u00e1n a Spojen\u00e9 arabsk\u00e9 emir\u00e1ty.<\/span><\/p>\n<p><img decoding=\"async\" loading=\"lazy\" class=\"alignnone size-full wp-image-1185\" src=\"http:\/\/www.infokuryr.cz\/n\/wp-content\/uploads\/2021\/04\/kuryr-podpis.png\" alt=\"\" width=\"84\" height=\"24\" \/><\/p>\n<p>&nbsp;<\/p>\n","protected":false},"excerpt":{"rendered":"<p>V Kazani ned\u00e1vno skon\u010dil summit BRICS. R\u016fzn\u00e1 nez\u00e1visl\u00e1 m\u00e9dia p\u00ed\u0161\u00ed, \u017ee BRICS zasadil globalist\u016fm dvojitou&#8230;<\/p>\n","protected":false},"author":2,"featured_media":64776,"comment_status":"closed","ping_status":"closed","sticky":false,"template":"","format":"standard","meta":[],"categories":[7],"tags":[1042,1161,279,1031],"_links":{"self":[{"href":"https:\/\/www.infokuryr.cz\/n\/wp-json\/wp\/v2\/posts\/65682"}],"collection":[{"href":"https:\/\/www.infokuryr.cz\/n\/wp-json\/wp\/v2\/posts"}],"about":[{"href":"https:\/\/www.infokuryr.cz\/n\/wp-json\/wp\/v2\/types\/post"}],"author":[{"embeddable":true,"href":"https:\/\/www.infokuryr.cz\/n\/wp-json\/wp\/v2\/users\/2"}],"replies":[{"embeddable":true,"href":"https:\/\/www.infokuryr.cz\/n\/wp-json\/wp\/v2\/comments?post=65682"}],"version-history":[{"count":1,"href":"https:\/\/www.infokuryr.cz\/n\/wp-json\/wp\/v2\/posts\/65682\/revisions"}],"predecessor-version":[{"id":65683,"href":"https:\/\/www.infokuryr.cz\/n\/wp-json\/wp\/v2\/posts\/65682\/revisions\/65683"}],"wp:featuredmedia":[{"embeddable":true,"href":"https:\/\/www.infokuryr.cz\/n\/wp-json\/wp\/v2\/media\/64776"}],"wp:attachment":[{"href":"https:\/\/www.infokuryr.cz\/n\/wp-json\/wp\/v2\/media?parent=65682"}],"wp:term":[{"taxonomy":"category","embeddable":true,"href":"https:\/\/www.infokuryr.cz\/n\/wp-json\/wp\/v2\/categories?post=65682"},{"taxonomy":"post_tag","embeddable":true,"href":"https:\/\/www.infokuryr.cz\/n\/wp-json\/wp\/v2\/tags?post=65682"}],"curies":[{"name":"wp","href":"https:\/\/api.w.org\/{rel}","templated":true}]}}