{"id":65650,"date":"2024-11-06T00:49:29","date_gmt":"2024-11-05T23:49:29","guid":{"rendered":"https:\/\/www.infokuryr.cz\/n\/?p=65650"},"modified":"2024-11-05T17:36:22","modified_gmt":"2024-11-05T16:36:22","slug":"moldavske-volby-nebyly-svobodne-ani-spravedlive","status":"publish","type":"post","link":"https:\/\/www.infokuryr.cz\/n\/2024\/11\/06\/moldavske-volby-nebyly-svobodne-ani-spravedlive\/","title":{"rendered":"Moldavsk\u00e9 volby nebyly \u201esvobodn\u00e9 ani spravedliv\u00e9\u201c"},"content":{"rendered":"<div id=\"fb-root\"><\/div>\n<p><span style=\"font-size: 18pt;\"><strong>Mluv\u010d\u00ed rusk\u00e9ho prezidenta Dmitrij Peskov se domn\u00edv\u00e1, \u017ee volby v b\u00fdval\u00e9 sov\u011btsk\u00e9 republice nebyly demokratick\u00e9<\/strong><\/span><\/p>\n<p><span>Kreml odm\u00edtl pln\u011b uznat, \u017ee Maia Sanduov\u00e1 minul\u00fd v\u00edkend vyhr\u00e1la moldavsk\u00e9 prezidentsk\u00e9 volby, a tvrdil, \u017ee volebn\u00ed proces nebyl ani spravedliv\u00fd, ani demokratick\u00fd.\u00a0<\/span><\/p>\n<p><span>Mluv\u010d\u00ed Dmitrij Peskov uvedl, \u017ee Sandu nelze pova\u017eovat za legitimn\u00edho dr\u017eitele \u00fa\u0159adu, a zd\u016fraznil, \u017ee\u00a0<\/span><em><span>\u201ev\u011bt\u0161ina lid\u00ed v samotn\u00e9m Moldavsku pro ni nehlasovala\u201c.<\/span><\/em><\/p>\n<p><span>Peskov kritizoval moldavsk\u00fd volebn\u00ed r\u00e1mec a pouk\u00e1zal na to, co popsal jako v\u00fdznamn\u00e9 procedur\u00e1ln\u00ed nesrovnalosti, kter\u00e9 br\u00e1n\u00ed volebn\u00edm pr\u00e1v\u016fm jeho ob\u010dan\u016f \u017eij\u00edc\u00edch v Rusku.<\/span><\/p>\n<p><span>Mluv\u010d\u00ed rusk\u00e9ho ministerstva zahrani\u010d\u00ed Maria Zacharovov\u00e1 zd\u016fraznila, \u017ee navzdory odhadovan\u00fdm 500 000 Moldavan\u016fm, kte\u0159\u00ed \u017eij\u00ed v Rusku, maj\u00ed k dispozici jen hrstku volebn\u00edch m\u00edstnost\u00ed. Naproti tomu v z\u00e1padn\u00edch st\u00e1tech bylo z\u0159\u00edzeno p\u0159es 200 volebn\u00edch m\u00edstnost\u00ed, co\u017e umo\u017enilo mnohem vy\u0161\u0161\u00ed dostupnost voli\u010d\u016f mezi tamn\u00ed diasporou.\u00a0<\/span><\/p>\n<p><span>Tento nepom\u011br podle Peskova\u00a0<\/span><em><span>\u201ekompromituje transparentnost\u201c<\/span><\/em><span>\u00a0hlasov\u00e1n\u00ed a vyvol\u00e1v\u00e1 ot\u00e1zky o jeho legitimit\u011b.<\/span><\/p>\n<p><em><span>&#8222;Pokud jde o pan\u00ed Sandu,&#8220;<\/span><\/em><span>\u00a0komentoval Peskov,\u00a0<\/span><em><span>&#8222;domn\u00edv\u00e1me se, \u017ee nen\u00ed legitimn\u00ed prezidentkou sv\u00e9 zem\u011b, proto\u017ee v\u011bt\u0161ina obyvatel Moldavska pro ni nehlasovala.&#8220;<\/span><\/em><span>\u00a0Zd\u016fraznil, \u017ee p\u0159edstavitel\u00e9 Moskvy mohou objektivn\u011b posoudit volby na z\u00e1klad\u011b zku\u0161enost\u00ed Moldavan\u016f s\u00eddl\u00edc\u00edch v Rusku, kter\u00fdm bylo fakticky zak\u00e1z\u00e1no volit, a dosp\u011bl k z\u00e1v\u011bru, \u017ee tato omezen\u00ed znamenaj\u00ed, \u017ee\u00a0<\/span><em><span>\u201evolby nebyly ani demokratick\u00e9, ani spravedliv\u00e9\u201c.<\/span><\/em><\/p>\n<p><span>Peskov tak\u00e9 kritizoval sou\u010dasn\u00e9 moldavsk\u00e9 veden\u00ed a obvinil je z nep\u0159\u00e1telsk\u00e9ho postoje v\u016f\u010di Rusku a marginalizace rusk\u00fdch m\u00e9di\u00ed v zemi, co\u017e podle n\u011bj p\u0159edstavuje\u00a0<\/span><em><span>\u201ep\u0159\u00edm\u00e9 omezen\u00ed pr\u00e1v ob\u010dan\u016f na p\u0159\u00edstup k r\u016fzn\u00fdm informa\u010dn\u00edm zdroj\u016fm\u201c.<\/span><\/em><span>\u00a0Moldavsk\u00e9 \u00fa\u0159ady\u00a0<\/span><em><span>\u201esterilizovaly informa\u010dn\u00ed pole\u201c,<\/span><\/em><span>\u00a0\u00a0dodal, a potla\u010dily alternativn\u00ed n\u00e1zory.\u00a0<\/span><\/p>\n<p><span>Krom\u011b obav z voleb se Peskov zab\u00fdval nap\u011bt\u00edm v Podn\u011bst\u0159\u00ed, regionu v Moldavsku s p\u0159ev\u00e1\u017en\u011b rusky mluv\u00edc\u00edm obyvatelstvem, kter\u00fd si historicky udr\u017euje \u00fazk\u00e9 vztahy s Moskvou. Navrhl, aby obyvatel\u00e9 Podn\u011bst\u0159\u00ed nesouhlasili se Sanduovou administrativou a \u0159ekl:\u00a0<\/span><em><span>\u201eNechcej\u00ed podporovat sou\u010dasn\u00e9 veden\u00ed Moldavska.<\/span><\/em><\/p>\n<p><span>Situaci charakterizoval jako\u00a0<\/span><em><span>\u201ev\u00e1\u017en\u00fd probl\u00e9m\u201c<\/span><\/em><span>\u00a0\u00a0, kter\u00fd vy\u017eaduje\u00a0<\/span><em><span>\u201ekonstruktivn\u00ed p\u0159\u00edstup\u201c<\/span><\/em><span>\u00a0, kter\u00fd podle n\u011bj moldavsk\u00e9mu veden\u00ed v sou\u010dasnosti chyb\u00ed.<\/span><\/p>\n<p><span>Moldavsk\u00e1 \u00fast\u0159edn\u00ed volebn\u00ed komise prohl\u00e1sila Sandu za v\u00edt\u011bzku voleb, p\u0159i\u010dem\u017e ofici\u00e1ln\u00ed v\u00fdsledky uk\u00e1zaly, \u017ee vyhr\u00e1la 55,33 % hlas\u016f oproti 44,67 % jej\u00edho konkurenta Alexandra Stoyanogla. \u00dadaje od moldavsk\u00e9ho volebn\u00edho \u00fa\u0159adu v\u0161ak nazna\u010duj\u00ed, <strong>\u017ee Sandu z\u00edskala pouze 48,81 % hlas\u016f v samotn\u00e9m Moldavsku, zat\u00edmco jej\u00ed protikandid\u00e1t nasb\u00edral o n\u011bco vy\u0161\u0161\u00ed pod\u00edl, a to 51,19 %.<\/strong><\/span><\/p>\n<p><span>Zacharovov\u00e1 nav\u00edc zopakovala Peskovovy obavy a tvrdila, \u017ee v procesu hlasov\u00e1n\u00ed doch\u00e1z\u00ed k rozs\u00e1hl\u00fdm podvod\u016fm, co\u017e podle n\u00ed d\u00e1le podkop\u00e1v\u00e1 legitimitu Sanduov\u00e9 prezidentstv\u00ed.<\/span><\/p>\n<p><img decoding=\"async\" loading=\"lazy\" class=\"alignnone size-full wp-image-1185\" src=\"http:\/\/www.infokuryr.cz\/n\/wp-content\/uploads\/2021\/04\/kuryr-podpis.png\" alt=\"\" width=\"84\" height=\"24\" \/><\/p>\n<p>&nbsp;<\/p>\n","protected":false},"excerpt":{"rendered":"<p>Mluv\u010d\u00ed rusk\u00e9ho prezidenta Dmitrij Peskov se domn\u00edv\u00e1, \u017ee volby v b\u00fdval\u00e9 sov\u011btsk\u00e9 republice nebyly demokratick\u00e9&#8230;<\/p>\n","protected":false},"author":2,"featured_media":65651,"comment_status":"closed","ping_status":"closed","sticky":false,"template":"","format":"standard","meta":[],"categories":[7],"tags":[1065,1506,2135,27],"_links":{"self":[{"href":"https:\/\/www.infokuryr.cz\/n\/wp-json\/wp\/v2\/posts\/65650"}],"collection":[{"href":"https:\/\/www.infokuryr.cz\/n\/wp-json\/wp\/v2\/posts"}],"about":[{"href":"https:\/\/www.infokuryr.cz\/n\/wp-json\/wp\/v2\/types\/post"}],"author":[{"embeddable":true,"href":"https:\/\/www.infokuryr.cz\/n\/wp-json\/wp\/v2\/users\/2"}],"replies":[{"embeddable":true,"href":"https:\/\/www.infokuryr.cz\/n\/wp-json\/wp\/v2\/comments?post=65650"}],"version-history":[{"count":0,"href":"https:\/\/www.infokuryr.cz\/n\/wp-json\/wp\/v2\/posts\/65650\/revisions"}],"wp:featuredmedia":[{"embeddable":true,"href":"https:\/\/www.infokuryr.cz\/n\/wp-json\/wp\/v2\/media\/65651"}],"wp:attachment":[{"href":"https:\/\/www.infokuryr.cz\/n\/wp-json\/wp\/v2\/media?parent=65650"}],"wp:term":[{"taxonomy":"category","embeddable":true,"href":"https:\/\/www.infokuryr.cz\/n\/wp-json\/wp\/v2\/categories?post=65650"},{"taxonomy":"post_tag","embeddable":true,"href":"https:\/\/www.infokuryr.cz\/n\/wp-json\/wp\/v2\/tags?post=65650"}],"curies":[{"name":"wp","href":"https:\/\/api.w.org\/{rel}","templated":true}]}}