{"id":65631,"date":"2024-11-06T00:44:02","date_gmt":"2024-11-05T23:44:02","guid":{"rendered":"https:\/\/www.infokuryr.cz\/n\/?p=65631"},"modified":"2024-11-05T16:25:38","modified_gmt":"2024-11-05T15:25:38","slug":"izrael-zahajil-nalety-na-jizni-okraj-syrskeho-damasku","status":"publish","type":"post","link":"https:\/\/www.infokuryr.cz\/n\/2024\/11\/06\/izrael-zahajil-nalety-na-jizni-okraj-syrskeho-damasku\/","title":{"rendered":"Izrael zah\u00e1jil n\u00e1lety na ji\u017en\u00ed okraj syrsk\u00e9ho Dama\u0161ku"},"content":{"rendered":"<div id=\"fb-root\"><\/div>\n<p><strong><span>Izraelsk\u00e1 v\u00e1le\u010dn\u00e1 letadla zah\u00e1jila s\u00e9rii \u00fader\u016f na syrsk\u00e9 hlavn\u00ed m\u011bsto, kter\u00e9 se zam\u011b\u0159ily na \u0159adu m\u00edst ji\u017en\u011b od Dama\u0161ku. M\u00edstn\u00ed syrsk\u00e1 arabsk\u00e1 tiskov\u00e1 agentura potvrdila ur\u010dit\u00e9 materi\u00e1ln\u00ed \u0161kody.<\/span><\/strong><\/p>\n<p><span>K \u00fatoku do\u0161lo kolem 18:00 m\u00edstn\u00edho \u010dasu. Izraelsk\u00e1 letadla zah\u00e1jila \u00fadery z Golansk\u00fdch v\u00fd\u0161in. P\u0159esn\u00fd po\u010det \u00fader\u016f ani jejich c\u00edle syrsk\u00e1 strana neprozradila. \u00dadery byly hl\u00e1\u0161eny v oblasti Sayyida Zeinab nedaleko mezin\u00e1rodn\u00edho leti\u0161t\u011b v Dama\u0161ku. Gener\u00e1ln\u00ed \u0159editel syrsk\u00e9ho \u00fa\u0159adu pro civiln\u00ed letectv\u00ed ozn\u00e1mil, \u017ee ve vzdu\u0161n\u00e9m p\u0159\u00edstavu syrsk\u00e9ho hlavn\u00edho m\u011bsta nebyly zp\u016fsobeny \u017e\u00e1dn\u00e9 \u0161kody. Podle neofici\u00e1ln\u00edch zpr\u00e1v byl zasa\u017een hotel na cest\u011b na leti\u0161t\u011b a za\u0159\u00edzen\u00ed na okraji Najhy.<\/span><\/p>\n<p><span>Izraelsk\u00e9 obrann\u00e9 s\u00edly (IDF) zase tvrdily, \u017ee c\u00edlem \u00fader\u016f byla za\u0159\u00edzen\u00ed libanonsk\u00e9ho \u0161\u00editsk\u00e9ho hnut\u00ed Hizball\u00e1h rozm\u00edst\u011bn\u00e1 v S\u00fdrii. \u00datok byl zam\u011b\u0159en na m\u00edstn\u00ed pobo\u010dku zpravodajsk\u00e9 slu\u017eby Hizball\u00e1hu, kter\u00e1 podle IDF zahrnuje \u201enez\u00e1vislou s\u00ed\u0165 pro shroma\u017e\u010fov\u00e1n\u00ed, koordinaci a hodnocen\u00ed zpravodajsk\u00fdch informac\u00ed\u201c.<\/span><\/p>\n<p><span>Izraelsk\u00e1 arm\u00e1da dodala, \u017ee b\u011bhem operace v S\u00fdrii izraelsk\u00e1 arm\u00e1da zlikvidovala \u0161\u00e9fa zpravodajsk\u00e9 jednotky hnut\u00ed v S\u00fdrii Mahm\u00fada Mohammeda Shaheena, kter\u00fd \u201evedl v\u00fdvoj a rozm\u00edst\u011bn\u00ed zpravodajsk\u00fdch a protivzdu\u0161n\u00fdch obrann\u00fdch za\u0159\u00edzen\u00ed v koordinaci s r\u016fzn\u00fdmi jednotkami pro\u00edr\u00e1nsk\u00e9 s\u00edly.&#8220;<\/span><\/p>\n<p><em>\u201e\u00datoky na vojensk\u00e1 zpravodajsk\u00e1 za\u0159\u00edzen\u00ed Hizball\u00e1hu v S\u00fdrii p\u0159isp\u00edvaj\u00ed k operac\u00edm v Libanonu a podkop\u00e1vaj\u00ed zpravodajsk\u00e9 schopnosti teroristick\u00e9 organizace,\u201c zd\u016fraznila izraelsk\u00e1 arm\u00e1da.<\/em><\/p>\n<p><span>D\u0159\u00edve bylo hl\u00e1\u0161eno n\u011bkolik v\u00fdbuch\u016f v oblasti Al-Mazari pobl\u00ed\u017e t\u00e1bor\u016f \u0161\u00editsk\u00fdch sil Hizball\u00e1hu bojuj\u00edc\u00edch na stran\u011b syrsk\u00e9 arm\u00e1dy.<\/span><\/p>\n<p><span>Izrael eskaloval sv\u00e9 \u00fatoky na S\u00fdrii po vypuknut\u00ed v\u00e1lky v palestinsk\u00e9 enkl\u00e1v\u011b P\u00e1sma Gazy loni v \u0159\u00edjnu, p\u0159i\u010dem\u017e se zam\u011b\u0159oval na syrsk\u00e1 vojensk\u00e1 m\u00edsta, stejn\u011b jako na person\u00e1l \u00edr\u00e1nsk\u00fdch isl\u00e1msk\u00fdch revolu\u010dn\u00edch gard, Hizball\u00e1h a dal\u0161\u00ed frakce takzvan\u00e9 Osy odporu.\u00a0<\/span><\/p>\n<p><img decoding=\"async\" loading=\"lazy\" class=\"alignnone size-full wp-image-1185\" src=\"http:\/\/www.infokuryr.cz\/n\/wp-content\/uploads\/2021\/04\/kuryr-podpis.png\" alt=\"\" width=\"84\" height=\"24\" \/><\/p>\n<p>&nbsp;<\/p>\n","protected":false},"excerpt":{"rendered":"<p>Izraelsk\u00e1 v\u00e1le\u010dn\u00e1 letadla zah\u00e1jila s\u00e9rii \u00fader\u016f na syrsk\u00e9 hlavn\u00ed m\u011bsto, kter\u00e9 se zam\u011b\u0159ily na \u0159adu&#8230;<\/p>\n","protected":false},"author":2,"featured_media":65632,"comment_status":"closed","ping_status":"closed","sticky":false,"template":"","format":"standard","meta":[],"categories":[7],"tags":[3343,107,3535,147],"_links":{"self":[{"href":"https:\/\/www.infokuryr.cz\/n\/wp-json\/wp\/v2\/posts\/65631"}],"collection":[{"href":"https:\/\/www.infokuryr.cz\/n\/wp-json\/wp\/v2\/posts"}],"about":[{"href":"https:\/\/www.infokuryr.cz\/n\/wp-json\/wp\/v2\/types\/post"}],"author":[{"embeddable":true,"href":"https:\/\/www.infokuryr.cz\/n\/wp-json\/wp\/v2\/users\/2"}],"replies":[{"embeddable":true,"href":"https:\/\/www.infokuryr.cz\/n\/wp-json\/wp\/v2\/comments?post=65631"}],"version-history":[{"count":0,"href":"https:\/\/www.infokuryr.cz\/n\/wp-json\/wp\/v2\/posts\/65631\/revisions"}],"wp:featuredmedia":[{"embeddable":true,"href":"https:\/\/www.infokuryr.cz\/n\/wp-json\/wp\/v2\/media\/65632"}],"wp:attachment":[{"href":"https:\/\/www.infokuryr.cz\/n\/wp-json\/wp\/v2\/media?parent=65631"}],"wp:term":[{"taxonomy":"category","embeddable":true,"href":"https:\/\/www.infokuryr.cz\/n\/wp-json\/wp\/v2\/categories?post=65631"},{"taxonomy":"post_tag","embeddable":true,"href":"https:\/\/www.infokuryr.cz\/n\/wp-json\/wp\/v2\/tags?post=65631"}],"curies":[{"name":"wp","href":"https:\/\/api.w.org\/{rel}","templated":true}]}}