{"id":65625,"date":"2024-11-06T00:41:18","date_gmt":"2024-11-05T23:41:18","guid":{"rendered":"https:\/\/www.infokuryr.cz\/n\/?p=65625"},"modified":"2024-11-05T16:05:11","modified_gmt":"2024-11-05T15:05:11","slug":"skandalni-odhaleni-nemecti-vojaci-na-ukrajine-co-se-tam-deje","status":"publish","type":"post","link":"https:\/\/www.infokuryr.cz\/n\/2024\/11\/06\/skandalni-odhaleni-nemecti-vojaci-na-ukrajine-co-se-tam-deje\/","title":{"rendered":"Skand\u00e1ln\u00ed odhalen\u00ed: N\u011bme\u010dt\u00ed voj\u00e1ci na Ukrajin\u011b \u2013 co se tam d\u011bje?"},"content":{"rendered":"<div id=\"fb-root\"><\/div>\n<p><strong><span>Spolkov\u00e1 vl\u00e1da byla konfrontov\u00e1na s kritick\u00fdmi ot\u00e1zkami ohledn\u011b podez\u0159en\u00ed na p\u0159\u00edtomnost n\u011bmeck\u00fdch voj\u00e1k\u016f na Ukrajin\u011b. Zejm\u00e9na proto, \u017ee feder\u00e1ln\u00ed vl\u00e1da bu\u010f o misi NATO nic nev\u011bd\u011bla, nebo o n\u00ed v\u011bdom\u011b lhala. Co dal\u0161\u00edho se p\u0159ed obyvatelstvem taj\u00ed?<\/span><\/strong><\/p>\n<p><span>Odhalen\u00ed vy\u0161lo na sv\u011btlo d\u00edky\u00a0<\/span><a href=\"https:\/\/www.businessinsider.de\/politik\/deutschland\/nato-deutsche-soldaten-berieten-in-kiew-heikles-militaer-geheimnis\/\"><span>vy\u0161et\u0159ov\u00e1n\u00ed Business Insider<\/span><\/a><span> : Voj\u00e1ci Bundeswehru jsou pr\u00fd v Kyjev\u011b v r\u00e1mci mise NATO NSATU od za\u010d\u00e1tku l\u00e9ta 2024. To je v p\u0159\u00edkr\u00e9m rozporu s opakovan\u00fdm uji\u0161\u0165ov\u00e1n\u00edm kancl\u00e9\u0159e Olafa Scholze, \u017ee nepo\u0161le n\u011bmeck\u00e9 voj\u00e1ky do v\u00e1le\u010dn\u00e9 z\u00f3ny. <strong>Zvl\u00e1\u0161t\u011b pikantn\u00ed<\/strong>: N\u011bme\u010dt\u00ed vojen\u0161t\u00ed p\u0159\u00edslu\u0161n\u00edci pr\u00fd radili ukrajinsk\u00e9 vl\u00e1d\u011b s dod\u00e1vkami zbran\u00ed \u2013 \u00fadajn\u011b bez v\u011bdom\u00ed spolkov\u00e9 vl\u00e1dy. Proces, kter\u00fd vyvol\u00e1v\u00e1 nejen \u00fastavn\u00ed ot\u00e1zky, ale tak\u00e9 zpochyb\u0148uje velitelsk\u00e9 struktury v r\u00e1mci n\u011bmeck\u00fdch ozbrojen\u00fdch sil.<\/span><\/p>\n<p><span>Frakce Alliance Sahra Wagenknecht nyn\u00ed p\u0159edlo\u017eila\u00a0<\/span><a href=\"https:\/\/dserver.bundestag.de\/btd\/20\/135\/2013533.pdf\"><span>parlamentn\u00ed ot\u00e1zku<\/span><\/a><span> , kter\u00e1 vkl\u00e1d\u00e1 prst hluboko do t\u00e9to r\u00e1ny. Jeden\u00e1ct p\u0159esn\u011b formulovan\u00fdch ot\u00e1zek se dost\u00e1v\u00e1 k j\u00e1dru v\u011bci: Jak mohlo k takov\u00e9 operaci doj\u00edt bez v\u011bdom\u00ed vl\u00e1dy? Jakou roli mohli hr\u00e1t n\u011bme\u010dt\u00ed voj\u00e1ci v ukrajinsk\u00e9 ofenziv\u011b 6. srpna na v\u00fdsostn\u00e9 rusk\u00e9 \u00fazem\u00ed v Kursk\u00e9 oblasti? D\u016fsledky mezin\u00e1rodn\u00edho pr\u00e1va jsou dalekos\u00e1hl\u00e9. Pouh\u00e1 p\u0159\u00edtomnost n\u011bmeck\u00e9ho vojensk\u00e9ho person\u00e1lu v ukrajinsk\u00e9 v\u00e1le\u010dn\u00e9 z\u00f3n\u011b by mohla z N\u011bmecka u\u010dinit faktickou stranu v\u00e1lky \u2013 sc\u00e9n\u00e1\u0159i, kter\u00e9mu se feder\u00e1ln\u00ed vl\u00e1da v\u017edy sna\u017eila vyhnout.<\/span><\/p>\n<p><span>Moskva v\u00fdvoj sleduje s rostouc\u00edmi obavami. Podle\u00a0<\/span><a href=\"https:\/\/tass.ru\/mezhdunarodnaya-panorama\/22303539\"><span>rusk\u00e9 st\u00e1tn\u00ed tiskov\u00e9 agentury TASS<\/span><\/a><span>\u00a0mluv\u010d\u00ed Kremlu Dmitrij Peskov\u00a0ji\u017e varoval p\u0159ed \u201enenapraviteln\u00fdmi d\u016fsledky\u201c p\u0159\u00edtomnosti ciz\u00edch vojensk\u00fdch kontingent\u016f na Ukrajin\u011b. Situace p\u0159ipom\u00edn\u00e1 ch\u016fzi po lan\u011b p\u0159es propast \u2013 lano se u\u017e za\u010d\u00edn\u00e1 znepokojiv\u011b k\u00fdvat. Akce je pod zvl\u00e1\u0161tn\u00edm sv\u011btlem tak\u00e9 proto, \u017ee na Ukrajin\u011b ofici\u00e1ln\u011b \u017e\u00e1dn\u00ed voj\u00e1ci NATO nejsou a na Z\u00e1pad\u011b panuje hn\u011bv kv\u016fli severokorejsk\u00fdm jednotk\u00e1m pobl\u00ed\u017e rusko-ukrajinsk\u00fdch hranic.<\/span><\/p>\n<p><span>V polovin\u011b z\u00e1\u0159\u00ed byli voj\u00e1ci Bundeswehru na pokyn ministerstva obrany sta\u017eeni z Kyjeva. Ale ot\u00e1zky z\u016fst\u00e1vaj\u00ed: Kdo zadal p\u016fvodn\u00ed nasazen\u00ed? Kdo o tom v\u011bd\u011bl? A p\u0159edev\u0161\u00edm: Jak mohl existovat takov\u00fd rozpor mezi ofici\u00e1ln\u00ed vl\u00e1dn\u00ed lini\u00ed a vojenskou realitou? Parlamentn\u00ed vy\u0161et\u0159ov\u00e1n\u00ed t\u00e9to af\u00e9ry slibuje poskytnout hlubok\u00fd vhled do rozhodovac\u00edch struktur n\u011bmeck\u00e9 bezpe\u010dnostn\u00ed politiky. Jedna v\u011bc je ji\u017e jasn\u00e1: d\u016fv\u011bra v uji\u0161t\u011bn\u00ed feder\u00e1ln\u00ed vl\u00e1dy utrp\u011bla dal\u0161\u00ed trhlinu. Co dal\u0161\u00edho se p\u0159ed obyvatelstvem taj\u00ed?<\/span><\/p>\n<p><img decoding=\"async\" loading=\"lazy\" class=\"alignnone size-full wp-image-1185\" src=\"http:\/\/www.infokuryr.cz\/n\/wp-content\/uploads\/2021\/04\/kuryr-podpis.png\" alt=\"\" width=\"84\" height=\"24\" \/><\/p>\n<p>&nbsp;<\/p>\n","protected":false},"excerpt":{"rendered":"<p>Spolkov\u00e1 vl\u00e1da byla konfrontov\u00e1na s kritick\u00fdmi ot\u00e1zkami ohledn\u011b podez\u0159en\u00ed na p\u0159\u00edtomnost n\u011bmeck\u00fdch voj\u00e1k\u016f na Ukrajin\u011b&#8230;.<\/p>\n","protected":false},"author":2,"featured_media":65626,"comment_status":"closed","ping_status":"closed","sticky":false,"template":"","format":"standard","meta":[],"categories":[7],"tags":[39,429,26,321],"_links":{"self":[{"href":"https:\/\/www.infokuryr.cz\/n\/wp-json\/wp\/v2\/posts\/65625"}],"collection":[{"href":"https:\/\/www.infokuryr.cz\/n\/wp-json\/wp\/v2\/posts"}],"about":[{"href":"https:\/\/www.infokuryr.cz\/n\/wp-json\/wp\/v2\/types\/post"}],"author":[{"embeddable":true,"href":"https:\/\/www.infokuryr.cz\/n\/wp-json\/wp\/v2\/users\/2"}],"replies":[{"embeddable":true,"href":"https:\/\/www.infokuryr.cz\/n\/wp-json\/wp\/v2\/comments?post=65625"}],"version-history":[{"count":1,"href":"https:\/\/www.infokuryr.cz\/n\/wp-json\/wp\/v2\/posts\/65625\/revisions"}],"predecessor-version":[{"id":65627,"href":"https:\/\/www.infokuryr.cz\/n\/wp-json\/wp\/v2\/posts\/65625\/revisions\/65627"}],"wp:featuredmedia":[{"embeddable":true,"href":"https:\/\/www.infokuryr.cz\/n\/wp-json\/wp\/v2\/media\/65626"}],"wp:attachment":[{"href":"https:\/\/www.infokuryr.cz\/n\/wp-json\/wp\/v2\/media?parent=65625"}],"wp:term":[{"taxonomy":"category","embeddable":true,"href":"https:\/\/www.infokuryr.cz\/n\/wp-json\/wp\/v2\/categories?post=65625"},{"taxonomy":"post_tag","embeddable":true,"href":"https:\/\/www.infokuryr.cz\/n\/wp-json\/wp\/v2\/tags?post=65625"}],"curies":[{"name":"wp","href":"https:\/\/api.w.org\/{rel}","templated":true}]}}