{"id":65621,"date":"2024-11-06T00:40:44","date_gmt":"2024-11-05T23:40:44","guid":{"rendered":"https:\/\/www.infokuryr.cz\/n\/?p=65621"},"modified":"2024-11-05T15:44:09","modified_gmt":"2024-11-05T14:44:09","slug":"povodnova-katastrofa-ve-spanelsku-prispelo-k-tomu-bourani-prehrad","status":"publish","type":"post","link":"https:\/\/www.infokuryr.cz\/n\/2024\/11\/06\/povodnova-katastrofa-ve-spanelsku-prispelo-k-tomu-bourani-prehrad\/","title":{"rendered":"Povod\u0148ov\u00e1 katastrofa ve \u0160pan\u011blsku \u2013 p\u0159isp\u011blo k tomu bour\u00e1n\u00ed p\u0159ehrad?"},"content":{"rendered":"<div id=\"fb-root\"><\/div>\n<p><strong>Hrozn\u00e9 obrazy povod\u0148ov\u00e9 katastrofy ve \u0160pan\u011blsku pravd\u011bpodobn\u011b nenechaly nikoho v klidu. Na vin\u011b v\u0161ak nen\u00ed jen jev po\u010das\u00ed, ale tak\u00e9 bour\u00e1n\u00ed p\u0159ehrad, kter\u00e9 EU v r\u00e1mci Agendy 2030 prov\u00e1d\u00ed.<\/strong><\/p>\n<p>V hlavn\u00edm proudu je za povod\u0148ovou katastrofu ve \u0160pan\u011blsku obvi\u0148ov\u00e1na hroziv\u00e1 zm\u011bna klimatu, zat\u00edmco alternativy tak\u00e9 spekuluj\u00ed o geoin\u017een\u00fdrstv\u00ed a zas\u00e9v\u00e1n\u00ed mrak\u016f v Maroku. Ale krom\u011b toho, \u017ee se podobn\u00e9 bleskov\u00e9 povodn\u011b vyskytovaly pravd\u011bpodobn\u011b znovu a znovu od nepam\u011bti, vyvst\u00e1v\u00e1 ot\u00e1zka potenci\u00e1ln\u00edch zesiluj\u00edc\u00edch efekt\u016f.<\/p>\n<p>V posledn\u00edch letech bylo na nal\u00e9h\u00e1n\u00ed EU ve v\u011bt\u0161in\u011b evropsk\u00fdch zem\u00ed demontov\u00e1no mnoho p\u0159ehrad. V\u010detn\u011b mnoha takov\u00fdch \u0159\u00ed\u010dn\u00edch p\u0159edpis\u016f ve \u0160pan\u011blsku. N\u00ed\u017ee uveden\u00e1 mapa rozd\u011blen\u00e1 do X ukazuje ty, kte\u0159\u00ed se stali ob\u011bt\u00ed tohoto programu v oblasti kolem t\u011b\u017ece zasa\u017een\u00e9ho m\u011bsta Valencie. A je jich docela dost.<\/p>\n<p><a href=\"https:\/\/x.com\/MaxEricThiel\/status\/1852701843656196401\"><img decoding=\"async\" loading=\"lazy\" class=\"wp-image-65623 aligncenter\" src=\"http:\/\/www.infokuryr.cz\/n\/wp-content\/uploads\/2024\/11\/prehrady-300x218.jpg\" alt=\"\" width=\"610\" height=\"443\" srcset=\"https:\/\/www.infokuryr.cz\/n\/wp-content\/uploads\/2024\/11\/prehrady-300x218.jpg 300w, https:\/\/www.infokuryr.cz\/n\/wp-content\/uploads\/2024\/11\/prehrady.jpg 553w\" sizes=\"(max-width: 610px) 100vw, 610px\" \/><\/a><\/p>\n<p>Mnoh\u00e9 z t\u011bchto p\u0159ehrad v\u0161ak v minulosti p\u0159evzaly i ur\u010ditou ochrannou funkci a d\u00edky sv\u00fdm vodn\u00edm z\u00e1sob\u00e1m zabra\u0148ovaly hor\u0161\u00edm ud\u00e1lostem p\u0159i siln\u00fdch de\u0161t\u00edch. Vzhledem k obecn\u00e9 suchosti v mnoha oblastech zem\u011b jsou takov\u00e9 struktur\u00e1ln\u00ed p\u0159edpisy obecn\u011b u\u017eite\u010dn\u00e9.<\/p>\n<p>Ale nyn\u00ed se klimati\u010dt\u00ed hysterici sna\u017e\u00ed obvinit \u201ezl\u00fd\u201c CO2. Je\u0161t\u011b jednou. Z\u00e1kladn\u00ed fyzik\u00e1ln\u00ed principy (nap\u0159. \u017ee slune\u010dn\u00ed z\u00e1\u0159en\u00ed zp\u016fsobuje odpa\u0159ov\u00e1n\u00ed vody, co\u017e vede k tvorb\u011b mrak\u016f, z nich\u017e pak pr\u0161\u00ed), nehraj\u00ed \u017e\u00e1dnou roli.<\/p>\n<p>Ob\u011bti ve Valencii a okol\u00ed nyn\u00ed vyu\u017e\u00edvaj\u00ed klimati\u010dt\u00ed fanatici k propagand\u011b. Jak\u00e9 jsou ale extr\u00e9mn\u011b negativn\u00ed dopady v\u0161ech opat\u0159en\u00ed k demont\u00e1\u017ei p\u0159ehrad? V ofici\u00e1ln\u00edch zpr\u00e1v\u00e1ch nehraj\u00ed \u017e\u00e1dnou roli.<\/p>\n<p>Nen\u00ed jasn\u00e9, co p\u0159esn\u011b bylo zodpov\u011bdn\u00e9 za tyto bleskov\u00e9 povodn\u011b &#8211; roli mohlo hr\u00e1t n\u011bkolik faktor\u016f. Pod\u00edl p\u0159ehrad, kter\u00e9 byly demontov\u00e1ny, je t\u0159eba je\u0161t\u011b vyjasnit. Mohli zabr\u00e1nit n\u011b\u010demu hor\u0161\u00edmu?<\/p>\n<p><img decoding=\"async\" loading=\"lazy\" class=\"alignnone size-full wp-image-1185\" src=\"http:\/\/www.infokuryr.cz\/n\/wp-content\/uploads\/2021\/04\/kuryr-podpis.png\" alt=\"\" width=\"84\" height=\"24\" \/><\/p>\n<p>&nbsp;<\/p>\n","protected":false},"excerpt":{"rendered":"<p>Hrozn\u00e9 obrazy povod\u0148ov\u00e9 katastrofy ve \u0160pan\u011blsku pravd\u011bpodobn\u011b nenechaly nikoho v klidu. Na vin\u011b v\u0161ak nen\u00ed&#8230;<\/p>\n","protected":false},"author":2,"featured_media":65622,"comment_status":"closed","ping_status":"closed","sticky":false,"template":"","format":"standard","meta":[],"categories":[7],"tags":[3232,4526,440],"_links":{"self":[{"href":"https:\/\/www.infokuryr.cz\/n\/wp-json\/wp\/v2\/posts\/65621"}],"collection":[{"href":"https:\/\/www.infokuryr.cz\/n\/wp-json\/wp\/v2\/posts"}],"about":[{"href":"https:\/\/www.infokuryr.cz\/n\/wp-json\/wp\/v2\/types\/post"}],"author":[{"embeddable":true,"href":"https:\/\/www.infokuryr.cz\/n\/wp-json\/wp\/v2\/users\/2"}],"replies":[{"embeddable":true,"href":"https:\/\/www.infokuryr.cz\/n\/wp-json\/wp\/v2\/comments?post=65621"}],"version-history":[{"count":1,"href":"https:\/\/www.infokuryr.cz\/n\/wp-json\/wp\/v2\/posts\/65621\/revisions"}],"predecessor-version":[{"id":65624,"href":"https:\/\/www.infokuryr.cz\/n\/wp-json\/wp\/v2\/posts\/65621\/revisions\/65624"}],"wp:featuredmedia":[{"embeddable":true,"href":"https:\/\/www.infokuryr.cz\/n\/wp-json\/wp\/v2\/media\/65622"}],"wp:attachment":[{"href":"https:\/\/www.infokuryr.cz\/n\/wp-json\/wp\/v2\/media?parent=65621"}],"wp:term":[{"taxonomy":"category","embeddable":true,"href":"https:\/\/www.infokuryr.cz\/n\/wp-json\/wp\/v2\/categories?post=65621"},{"taxonomy":"post_tag","embeddable":true,"href":"https:\/\/www.infokuryr.cz\/n\/wp-json\/wp\/v2\/tags?post=65621"}],"curies":[{"name":"wp","href":"https:\/\/api.w.org\/{rel}","templated":true}]}}